{"id":14377,"date":"2025-08-23T20:37:08","date_gmt":"2025-08-23T20:37:08","guid":{"rendered":"https:\/\/www.europesays.com\/fi\/14377\/"},"modified":"2025-08-23T20:37:08","modified_gmt":"2025-08-23T20:37:08","slug":"netflixin-hittisarjan-apulaisohjaaja-kuoli-kesken-kuvausten-uutissuomalainen","status":"publish","type":"post","link":"https:\/\/www.europesays.com\/fi\/14377\/","title":{"rendered":"Netflixin hittisarjan apulaisohjaaja kuoli kesken kuvausten | Uutissuomalainen"},"content":{"rendered":"<p>Suositun Netflix-sarjan apulaisohjaaja Diego Borella kuoli kesken sarjan kuvausten,<a href=\"https:\/\/www.bbc.com\/news\/articles\/crm4ppe9x31o\" rel=\"nofollow noopener\" target=\"_blank\"> kertoi BBC <\/a>lauantaina.<\/p>\n<p>BBC:n mukaan italialaismediat ovat kertoneet, ett\u00e4 47-vuotias Borella lyyhistyi Emily in Paris -sarjan kuvauksissa kollegoidensa edess\u00e4. Tapaus sattui torstaina paikallisessa hotellissa, jossa valmistauduttiin kuvaamaan kohtausta sarjan viidenteen kauteen.<\/p>\n<p>Ambulanssi kutsuttiin paikalle hotelliin seitsem\u00e4n aikaan paikallista aikaa, mutta h\u00e4nt\u00e4 ei pystytty pelastamaan, kertoi italialaislehti La Repubblica BBC:n mukaan.<\/p>\n<p>\u2013\u2009Olemme syv\u00e4sti surullisia voidessamme vahvistaa, ett\u00e4 Emily in Paris -tuotantoperheen j\u00e4sen on menehtynyt \u00e4killisesti, vahvisti Netflixille sarjaa tuottavan Paramount Television Studiosin tiedottaja BBC:lle antamassaan lausunnossa.<\/p>\n<p>Emily on Paris on romanttinen komediasarja, jonka ensimm\u00e4inen kausi julkaistiin pandemian aikana vuonna 2020. Sarjan kuvaukset keskeytettiin toistaiseksi kuolemantapauksen takia.<\/p>\n","protected":false},"excerpt":{"rendered":"Suositun Netflix-sarjan apulaisohjaaja Diego Borella kuoli kesken sarjan kuvausten, kertoi BBC lauantaina. BBC:n mukaan italialaismediat ovat kertoneet, ett\u00e4&hellip;\n","protected":false},"author":2,"featured_media":14378,"comment_status":"","ping_status":"","sticky":false,"template":"","format":"standard","meta":{"footnotes":""},"categories":[130],"tags":[153,2326,137,33,31,30,2353,2118,683,217,32,140,109],"class_list":{"0":"post-14377","1":"post","2":"type-post","3":"status-publish","4":"format-standard","5":"has-post-thumbnail","7":"category-viihde","8":"tag-audiovisuaalinen-media","9":"tag-bbc","10":"tag-entertainment","11":"tag-fi","12":"tag-finland","13":"tag-finnish","14":"tag-hotellit-ja-majoitus","15":"tag-internetvideopalvelut","16":"tag-kuolema","17":"tag-netflix","18":"tag-suomi","19":"tag-tv-ja-elokuvat","20":"tag-viihde"},"share_on_mastodon":{"url":"","error":""},"_links":{"self":[{"href":"https:\/\/www.europesays.com\/fi\/wp-json\/wp\/v2\/posts\/14377","targetHints":{"allow":["GET"]}}],"collection":[{"href":"https:\/\/www.europesays.com\/fi\/wp-json\/wp\/v2\/posts"}],"about":[{"href":"https:\/\/www.europesays.com\/fi\/wp-json\/wp\/v2\/types\/post"}],"author":[{"embeddable":true,"href":"https:\/\/www.europesays.com\/fi\/wp-json\/wp\/v2\/users\/2"}],"replies":[{"embeddable":true,"href":"https:\/\/www.europesays.com\/fi\/wp-json\/wp\/v2\/comments?post=14377"}],"version-history":[{"count":0,"href":"https:\/\/www.europesays.com\/fi\/wp-json\/wp\/v2\/posts\/14377\/revisions"}],"wp:featuredmedia":[{"embeddable":true,"href":"https:\/\/www.europesays.com\/fi\/wp-json\/wp\/v2\/media\/14378"}],"wp:attachment":[{"href":"https:\/\/www.europesays.com\/fi\/wp-json\/wp\/v2\/media?parent=14377"}],"wp:term":[{"taxonomy":"category","embeddable":true,"href":"https:\/\/www.europesays.com\/fi\/wp-json\/wp\/v2\/categories?post=14377"},{"taxonomy":"post_tag","embeddable":true,"href":"https:\/\/www.europesays.com\/fi\/wp-json\/wp\/v2\/tags?post=14377"}],"curies":[{"name":"wp","href":"https:\/\/api.w.org\/{rel}","templated":true}]}}