{"id":143778,"date":"2026-01-16T08:00:09","date_gmt":"2026-01-16T08:00:09","guid":{"rendered":"https:\/\/www.europesays.com\/fi\/143778\/"},"modified":"2026-01-16T08:00:09","modified_gmt":"2026-01-16T08:00:09","slug":"kommentti-venajalta-pamahti-posketonta-puhetta-suomesta","status":"publish","type":"post","link":"https:\/\/www.europesays.com\/fi\/143778\/","title":{"rendered":"Kommentti: Ven\u00e4j\u00e4lt\u00e4 pamahti posketonta puhetta Suomesta"},"content":{"rendered":"<p>Roman Eremenko vaikuttaa joutuneen Ven\u00e4j\u00e4ll\u00e4 sis\u00e4isen propagandan v\u00e4lineeksi, kirjoittaa toimittaja Tony Pietil\u00e4.<\/p>\n<p class=\"article-body mb-nof-24 px-nof-16\">Ensimm\u00e4iset huhut yll\u00e4ttiv\u00e4t.<\/p>\n<p class=\"article-body mb-nof-24 px-nof-16\">Viime viikon lopulla Ven\u00e4j\u00e4n mediassa alettiin rummuttaa tietoa, ett\u00e4 vuodesta 2022 Suomessa pelannut entinen Huuhkajien t\u00e4hti <a class=\"font-bold underline-offset-[0.12em] [text-decoration:var(--person-link-text-decoration)] ![text-decoration-color:var(--person-link-text-decoration-color)]\" href=\"https:\/\/www.is.fi\/haku\/?query=Roman%20Eremenko\" rel=\"nofollow noopener\" target=\"_blank\">Roman Eremenko<\/a>, 38, olisi siirtym\u00e4ss\u00e4 takaisin Ven\u00e4j\u00e4n liigaan Orenburgin joukkueeseen.<\/p>\n<p class=\"article-body mb-nof-24 px-nof-16\">Huhulle oli my\u00f6s katetta, sill\u00e4 Orenburg kertoi alun perin somejulkaisussaan Eremenkon olevan mukana joukkueen harjoitusleirill\u00e4 Turkissa testipelaajana. My\u00f6hemmin seura kuitenkin poisti julkaisun ja julkaisi uuden pelaajalistan, jolta Eremenkon nimi puuttui.<\/p>\n<p class=\"article-body mb-nof-24 px-nof-16\">IS on tavoitellut <a class=\"font-bold underline-offset-[0.12em] [text-decoration:var(--person-link-text-decoration)] ![text-decoration-color:var(--person-link-text-decoration-color)]\" href=\"https:\/\/www.is.fi\/haku\/?query=Roman%20Eremenkoa\" rel=\"nofollow noopener\" target=\"_blank\">Roman Eremenkoa<\/a> pitkin viikkoa kommentoimaan tilannettaan, mutta tuloksetta. Eremenkon l\u00e4hipiirist\u00e4 on kerrottu sen verran, ett\u00e4 mies on perheineen Helsingiss\u00e4, ei Turkissa harjoitusleirill\u00e4.<\/p>\n<p class=\"article-body mb-nof-24 px-nof-16\">Likaisempi huhumylly l\u00e4hti it\u00e4naapurissa k\u00e4yntiin, kun tuli tieto siit\u00e4, ettei Eremenko sittenk\u00e4\u00e4n ole mukana Orenburgin leirill\u00e4.<\/p>\n<p class=\"article-body mb-nof-24 px-nof-16\">Ven\u00e4j\u00e4t suuret urheilumediat alkoivat joukolla siteerata \u201dMutko Protiv\u201d-nimist\u00e4 Telegram-tili\u00e4 ja levitt\u00e4\u00e4 \u201dtietoja\u201d, joiden mukaan syy testileirin peruuntumiseen on Suomen vihamielisess\u00e4 hallinnossa.<\/p>\n<p class=\"article-body mb-nof-24 px-nof-16\">Kyse on Ven\u00e4j\u00e4lle hyvin tyypillisest\u00e4 propagandasta.<\/p>\n<p><img decoding=\"async\" src=\"https:\/\/www.europesays.com\/fi\/wp-content\/uploads\/2026\/01\/1768550408_650_468.jpg\" alt=\"Eremenko on edustanut kaksi edellist\u00e4 kautta Gnistania.\" class=\"_Img_1rerz_1\" style=\"aspect-ratio:1.391304347826087\" loading=\"eager\"\/><\/p>\n<p class=\"article-picture-caption\">Eremenko on edustanut kaksi edellist\u00e4 kautta Gnistania. Kuva:\u00a0Juha Metso<\/p>\n<p class=\"article-body mb-nof-24 px-nof-16\">Uusien huhujen mukaan Eremenko olisi j\u00e4\u00e4nyt kotiin uhkailun seurauksena ja pel\u00e4nnyt perheens\u00e4 ja omaisuutensa puolesta. Asiaa s\u00e4nt\u00e4si kommentoimaan vaikutusvaltaista v\u00e4ke\u00e4 duuman j\u00e4senist\u00e4 l\u00e4htien.<\/p>\n<p class=\"article-body mb-nof-24 px-nof-16\">Entisen huippupikajuoksijan ja nykyisen duuman j\u00e4senen <a class=\"font-bold underline-offset-[0.12em] [text-decoration:var(--person-link-text-decoration)] ![text-decoration-color:var(--person-link-text-decoration-color)]\" href=\"https:\/\/www.is.fi\/haku\/?query=Svetlana%20Zhurovan\" rel=\"nofollow noopener\" target=\"_blank\">Svetlana Zhurovan<\/a> n\u00e4kemyksi\u00e4 jaettiin muun muassa <a class=\"underline underline-offset-[0.12em] [text-decoration-thickness:var(--generic-link-underline-thickness)] [text-decoration-color:var(--generic-link-underline-color)] [text-decoration-skip-ink:var(--generic-link-underline-skip-ink)] break-words\" href=\"https:\/\/www.sports.ru\/football\/1117040504-deputat-zhurova-ob-ugrozax-eremenko-iz-za-vozmozhnogo-perexoda-v-orenb.html\" rel=\"nofollow noopener\" target=\"_blank\">sports.ru<\/a>-sivustolla.<\/p>\n<p class=\"article-body mb-nof-24 px-nof-16\">Zhurova linjasi uskovansa helposti, ett\u00e4 Suomen valtio ja\/tai urheilujohto olisi valmis sanktioimaan Eremenkoa Ven\u00e4j\u00e4lle l\u00e4hd\u00f6st\u00e4 ja suorastaan kirist\u00e4isi t\u00e4t\u00e4. Fyysisen terveyden uhkaan h\u00e4n ei sent\u00e4\u00e4n usko.<\/p>\n<p class=\"article-body mb-nof-24 px-nof-16\">\u2013\u2009T\u00e4llaiset uhkailut ovat valitettavasti todenn\u00e4k\u00f6isi\u00e4. V\u00e4lill\u00e4mme on t\u00e4ll\u00e4 hetkell\u00e4 j\u00e4nnittynyt suhde \u2013 tai paremmin sanottuna ei ole suhdetta lainkaan. Suomen valtiolta tulee kovaa painetta, joten t\u00e4llainen uhkailu on ehdottomasti mahdollista.<\/p>\n<p class=\"article-body mb-nof-24 px-nof-16\">Zhurova sanoi uskovansa Eremenkoa uhkaillun taloudellisilla sanktioilla tai pakotteilla. H\u00e4n linjasi Suomen olevan 100-prosenttisen valmis j\u00e4\u00e4dytt\u00e4m\u00e4\u00e4n Eremenkon pankkitilit ja kiinte\u00e4n omaisuuden, jos t\u00e4m\u00e4 l\u00e4htisi Ven\u00e4j\u00e4lle.<\/p>\n<p class=\"article-body mb-nof-24 px-nof-16\">\u2013\u2009He eiv\u00e4t uhkaa henke\u00e4, mutta uhkaavat nyt sanktioilla, mik\u00e4 kuulostaa v\u00e4h\u00e4n pehme\u00e4mm\u00e4lt\u00e4. Kyse on tietenkin puhtaasta kiristyksest\u00e4.<\/p>\n<p class=\"article-body mb-nof-24 px-nof-16\">My\u00f6s toinen duuman j\u00e4sen <a class=\"font-bold underline-offset-[0.12em] [text-decoration:var(--person-link-text-decoration)] ![text-decoration-color:var(--person-link-text-decoration-color)]\" href=\"https:\/\/www.is.fi\/haku\/?query=Dmitri%20Svishtshev\" rel=\"nofollow noopener\" target=\"_blank\">Dmitri Svishtshev<\/a> oli Zhurovan linjoilla. H\u00e4n ruoti tapausta <a class=\"underline underline-offset-[0.12em] [text-decoration-thickness:var(--generic-link-underline-thickness)] [text-decoration-color:var(--generic-link-underline-color)] [text-decoration-skip-ink:var(--generic-link-underline-skip-ink)] break-words\" href=\"https:\/\/www.sovsport.ru\/football\/news\/svishhyov-esli-eryomenko-boitsya-znachit-i-ne-nado-ehat-v-rossiyu\" rel=\"nofollow noopener\" target=\"_blank\">sovsport.ru<\/a>-sivuston haastattelussa.<\/p>\n<p class=\"article-body mb-nof-24 px-nof-16\">\u2013\u2009Tilanne on monimutkainen. H\u00e4n on ollut osallisena tietyiss\u00e4 skandaaleissa. Olen kuullut ett\u00e4 materiaalia on julkaistu ja j\u00e4lkeenp\u00e4in poistettu ja jotkut pelk\u00e4\u00e4v\u00e4t perheens\u00e4 ja el\u00e4m\u00e4ns\u00e4 puolesta. Jos on peloissaan, ei kannata tulla Ven\u00e4j\u00e4lle. Ehk\u00e4 uran lopettaminen ei olisi h\u00e4nelle huono ratkaisu, Svishtshev tuumi.<\/p>\n<p class=\"article-body mb-nof-24 px-nof-16\">Skandaaleilla poliitikko viitannee vuoden 2016 kokaiinik\u00e4ryyn, joka johti kahden vuoden pelikieltoon. Tuolloin h\u00e4n pelasi Ven\u00e4j\u00e4lle Moskovan TsSKA:n riveiss\u00e4.<\/p>\n<p><img decoding=\"async\" src=\"https:\/\/www.europesays.com\/fi\/wp-content\/uploads\/2026\/01\/1768550409_51_468.jpg\" alt=\"Uransa huippuvuosina Eremenko oli TsSKA:n mies.\" class=\"_Img_1rerz_1\" style=\"aspect-ratio:0.8078125\" loading=\"eager\"\/><\/p>\n<p class=\"article-picture-caption\">Uransa huippuvuosina Eremenko oli TsSKA:n mies. Kuva:\u00a0Peter Steffen\/DPA via ZUMA<\/p>\n<p class=\"article-body mb-nof-24 px-nof-16\">On vaikea uskoa, ett\u00e4 Eremenko olisi todellisuudessa joutunut Suomen valtionjohdon tai edes urheilujohdon kirist\u00e4m\u00e4ksi. Eik\u00e4 siihen usko my\u00f6sk\u00e4\u00e4n Suomen ulkopoliittisen instituutin UPIn Ven\u00e4j\u00e4n sis\u00e4politiikkaan perehtynyt vanhempi tutkija <a class=\"font-bold underline-offset-[0.12em] [text-decoration:var(--person-link-text-decoration)] ![text-decoration-color:var(--person-link-text-decoration-color)]\" href=\"https:\/\/www.is.fi\/haku\/?query=Jussi%20Lassila\" rel=\"nofollow noopener\" target=\"_blank\">Jussi Lassila<\/a>.<\/p>\n<p class=\"article-body mb-nof-24 px-nof-16\">Suomen kansalaisena Eremenkolla on perusturvansa, eik\u00e4 mik\u00e4\u00e4n henkil\u00f6kohtaisten pankkitilien j\u00e4\u00e4dytt\u00e4minen Ven\u00e4j\u00e4lle muuttamisen perusteella tule kyseeseen.<\/p>\n<p class=\"article-body mb-nof-24 px-nof-16\">\u2013\u2009Sellaiset v\u00e4itteet, ett\u00e4 h\u00e4nen omaisuuttaan alettaisiin takavarikoida, ovat ihan fuulaa, Lassila sanoo.<\/p>\n<p class=\"article-body mb-nof-24 px-nof-16\">Ylip\u00e4\u00e4t\u00e4\u00e4n Lassila on sit\u00e4 mielt\u00e4, ettei t\u00e4llaisen propaganda sy\u00f6tt\u00e4misess\u00e4 ole mit\u00e4\u00e4n yll\u00e4tt\u00e4v\u00e4\u00e4. Vastaavaa on harjoitettu Ven\u00e4j\u00e4ll\u00e4 jo toistakymment\u00e4 vuotta.<\/p>\n<p class=\"article-body mb-nof-24 px-nof-16\">Ven\u00e4j\u00e4n sis\u00e4ll\u00e4 halutaan viesti\u00e4, ett\u00e4 maahan olisi kyll\u00e4 tunkua, mutta ilke\u00e4t l\u00e4nsimaat eiv\u00e4t p\u00e4\u00e4st\u00e4 kansalaisiaan l\u00e4htem\u00e4\u00e4n. Ja tietenkin osoittaa, miten ven\u00e4l\u00e4isi\u00e4, ven\u00e4j\u00e4nkielisi\u00e4 ja ven\u00e4j\u00e4mielisi\u00e4 sorretaan l\u00e4nness\u00e4.<\/p>\n<p class=\"article-body mb-nof-24 px-nof-16\">\u2013\u2009V\u00e4litet\u00e4\u00e4n kuvaa, jossa Ven\u00e4j\u00e4 on edelleen normaali ja houkutteleva kohde ja osa kansainv\u00e4list\u00e4 yhteis\u00f6\u00e4, mutta l\u00e4nsi pahantahtoisuudessaan tekee t\u00e4llaisia temppuja eik\u00e4 p\u00e4\u00e4st\u00e4 urheilijoita tai muita ihmisi\u00e4 l\u00e4htem\u00e4\u00e4n, Lassila linjaa.<\/p>\n<p class=\"article-body mb-nof-24 px-nof-16\">Hy\u00f6kk\u00e4yssodan aloitettuaan Ven\u00e4j\u00e4 on my\u00f6s perustanut ohjelmia, joiden avulla tarjotaan \u201dl\u00e4nnen sorrosta\u201d k\u00e4rsiville ihmisille mahdollisuutta poliittiseen turvapaikkaan Ven\u00e4j\u00e4lt\u00e4. Yksi tuore esimerkki t\u00e4llaisen mallin k\u00e4yt\u00f6st\u00e4 on <a class=\"font-bold underline-offset-[0.12em] [text-decoration:var(--person-link-text-decoration)] ![text-decoration-color:var(--person-link-text-decoration-color)]\" href=\"https:\/\/www.is.fi\/haku\/?query=Ano%20Turtiainen\" rel=\"nofollow noopener\" target=\"_blank\">Ano Turtiainen<\/a>.<\/p>\n<p><img decoding=\"async\" src=\"https:\/\/www.europesays.com\/fi\/wp-content\/uploads\/2026\/01\/1768550409_160_468.jpg\" alt=\"Eremenko on edustanut Suomea yli 70 A-maaottelussa.\" class=\"_Img_1rerz_1\" style=\"aspect-ratio:1.3714285714285714\" loading=\"eager\"\/><\/p>\n<p class=\"article-picture-caption\">Eremenko on edustanut Suomea yli 70 A-maaottelussa. Kuva:\u00a0Jussi Eskola<\/p>\n<p class=\"article-body mb-nof-24 px-nof-16\">Oli alkuper\u00e4isiss\u00e4 siirtouutisissa per\u00e4\u00e4 tai ei, vaikuttaa ilmeiselt\u00e4, ett\u00e4 Eremenko on nyt valjastettu pelinappulaksi Ven\u00e4j\u00e4n propagandaan.<\/p>\n<p class=\"article-body mb-nof-24 px-nof-16\">Eremenko on tunnetusti pit\u00e4nyt l\u00e4pi uransa matalaa profiilia median suuntaan, ja sama linja on jatkunut nytkin.<\/p>\n<p class=\"article-body mb-nof-24 px-nof-16\">Valittua linjaa on syyt\u00e4 kunnioittaa, mutta t\u00e4ss\u00e4 tapauksessa pienikin ulostulo voisi olla paikallaan. Jos Eremenko kertoisi ettei ole siirtym\u00e4ss\u00e4 Ven\u00e4j\u00e4lle eik\u00e4 ole joutunut valtiollisen kiristyksen uhriksi, spekulaatiot voisi Suomessa lopettaa siihen.<\/p>\n<p class=\"article-body mb-nof-24 px-nof-16\">Toisaalta jos h\u00e4n olisi siirtym\u00e4ss\u00e4 tai olisi ollut siirtym\u00e4ss\u00e4 ja vet\u00e4ytynyt kiristyksen takia, ne vasta kiinnostavia tietoja olisivatkin.<\/p>\n<p class=\"article-body mb-nof-24 px-nof-16\">Joka tapauksessa hiljaisuus j\u00e4tt\u00e4\u00e4 turhaan tilaa spekulaatiolle ja Ven\u00e4j\u00e4n propagandasta s\u00e4ik\u00e4ht\u00e4miselle. Todenn\u00e4k\u00f6isint\u00e4 t\u00e4ll\u00e4 hetkell\u00e4 kutienkin on, ett\u00e4 Eremenko edustaa ensi kaudella veljens\u00e4 <a class=\"font-bold underline-offset-[0.12em] [text-decoration:var(--person-link-text-decoration)] ![text-decoration-color:var(--person-link-text-decoration-color)]\" href=\"https:\/\/www.is.fi\/haku\/?query=Sergein\" rel=\"nofollow noopener\" target=\"_blank\">Sergein <\/a>kanssa Gnistania.<\/p>\n<p class=\"article-body mb-nof-24 px-nof-16\">El\u00e4mme erikoisia aikoja.<\/p>\n","protected":false},"excerpt":{"rendered":"Roman Eremenko vaikuttaa joutuneen Ven\u00e4j\u00e4ll\u00e4 sis\u00e4isen propagandan v\u00e4lineeksi, kirjoittaa toimittaja Tony Pietil\u00e4. Ensimm\u00e4iset huhut yll\u00e4ttiv\u00e4t. Viime viikon lopulla&hellip;\n","protected":false},"author":2,"featured_media":143779,"comment_status":"","ping_status":"","sticky":false,"template":"","format":"standard","meta":{"footnotes":""},"categories":[158],"tags":[33,31,30,34,159,32,160],"class_list":{"0":"post-143778","1":"post","2":"type-post","3":"status-publish","4":"format-standard","5":"has-post-thumbnail","7":"category-urheilu","8":"tag-fi","9":"tag-finland","10":"tag-finnish","11":"tag-ilta-sanomat","12":"tag-sports","13":"tag-suomi","14":"tag-urheilu"},"share_on_mastodon":{"url":"https:\/\/pubeurope.com\/@fi\/115903727186092920","error":""},"_links":{"self":[{"href":"https:\/\/www.europesays.com\/fi\/wp-json\/wp\/v2\/posts\/143778","targetHints":{"allow":["GET"]}}],"collection":[{"href":"https:\/\/www.europesays.com\/fi\/wp-json\/wp\/v2\/posts"}],"about":[{"href":"https:\/\/www.europesays.com\/fi\/wp-json\/wp\/v2\/types\/post"}],"author":[{"embeddable":true,"href":"https:\/\/www.europesays.com\/fi\/wp-json\/wp\/v2\/users\/2"}],"replies":[{"embeddable":true,"href":"https:\/\/www.europesays.com\/fi\/wp-json\/wp\/v2\/comments?post=143778"}],"version-history":[{"count":0,"href":"https:\/\/www.europesays.com\/fi\/wp-json\/wp\/v2\/posts\/143778\/revisions"}],"wp:featuredmedia":[{"embeddable":true,"href":"https:\/\/www.europesays.com\/fi\/wp-json\/wp\/v2\/media\/143779"}],"wp:attachment":[{"href":"https:\/\/www.europesays.com\/fi\/wp-json\/wp\/v2\/media?parent=143778"}],"wp:term":[{"taxonomy":"category","embeddable":true,"href":"https:\/\/www.europesays.com\/fi\/wp-json\/wp\/v2\/categories?post=143778"},{"taxonomy":"post_tag","embeddable":true,"href":"https:\/\/www.europesays.com\/fi\/wp-json\/wp\/v2\/tags?post=143778"}],"curies":[{"name":"wp","href":"https:\/\/api.w.org\/{rel}","templated":true}]}}