{"id":143780,"date":"2026-01-16T08:01:08","date_gmt":"2026-01-16T08:01:08","guid":{"rendered":"https:\/\/www.europesays.com\/fi\/143780\/"},"modified":"2026-01-16T08:01:08","modified_gmt":"2026-01-16T08:01:08","slug":"freddie-mercuryn-salattu-tytar-on-kuollut-2","status":"publish","type":"post","link":"https:\/\/www.europesays.com\/fi\/143780\/","title":{"rendered":"Freddie Mercuryn \u201dsalattu tyt\u00e4r\u201d on kuollut"},"content":{"rendered":"<p>Freddie Mercuryn el\u00e4m\u00e4kerran kirjoittanut kirjailija valottaa nyt, miksi v\u00e4itetty tyt\u00e4r p\u00e4\u00e4tti kertoa tarinansa.<\/p>\n<p class=\"article-body mb-nof-24 px-nof-16\">Queen-ikoni <a class=\"font-bold underline-offset-[0.12em] [text-decoration:var(--person-link-text-decoration)] ![text-decoration-color:var(--person-link-text-decoration-color)]\" href=\"https:\/\/www.is.fi\/haku\/?query=Freddie%20Mercuryn\" rel=\"nofollow noopener\" target=\"_blank\">Freddie Mercuryn<\/a> salattu tyt\u00e4r on kuollut torstaina 48-vuotiaana, kertoo <a class=\"underline underline-offset-[0.12em] [text-decoration-thickness:var(--generic-link-underline-thickness)] [text-decoration-color:var(--generic-link-underline-color)] [text-decoration-skip-ink:var(--generic-link-underline-skip-ink)] break-words\" href=\"https:\/\/www.dailymail.co.uk\/news\/article-15466249\/Freddie-Mercury-secret-daughter-dies-aged-48-Bibi-Queen.html\" rel=\"nofollow noopener\" target=\"_blank\">Daily Mail<\/a>. Lehden mukaan h\u00e4n kuoli harvinaiseen sy\u00f6p\u00e4\u00e4n, kordoomaan, joka lukeutuu sarkoomiin.<\/p>\n<p class=\"article-body mb-nof-24 px-nof-16\">Naisen puoliso vahvistaa suru-uutisen Daily Mailille. H\u00e4n kertoo, ett\u00e4 naisella oli kaksi poikaa, jotka ovat 7- ja 9-vuotiaita.<\/p>\n<p class=\"article-body mb-nof-24 px-nof-16\">Naisen oikeaa nime\u00e4 ei ole koskaan kerrottu julkisuuteen, mutta Daily Mailin mukaan Mercury kutsui tyt\u00e4rt\u00e4\u00e4n Bibiksi. Mercury ei koskaan kertonut julkisuuteen, ett\u00e4 h\u00e4nell\u00e4 olisi ollut lapsia. Tytt\u00e4rest\u00e4 kirjoitettiin ensimm\u00e4isen kerran vasta viime syksyn\u00e4 ilmestyneess\u00e4 <a class=\"font-bold underline-offset-[0.12em] [text-decoration:var(--person-link-text-decoration)] ![text-decoration-color:var(--person-link-text-decoration-color)]\" href=\"https:\/\/www.is.fi\/haku\/?query=Lesley-Ann%20Jonesin\" rel=\"nofollow noopener\" target=\"_blank\">Lesley-Ann Jonesin<\/a> kirjoittamassa Love, Freddie -el\u00e4m\u00e4kerrassa.<\/p>\n<p class=\"article-body mb-nof-24 px-nof-16\">Julkisuudessa suhtauduttiin etenkin aluksi ep\u00e4ilev\u00e4sti v\u00e4itteisiin salatusta lapsesta. Kirjailija Jones v\u00e4itt\u00e4\u00e4, ett\u00e4 tytt\u00e4rell\u00e4 olisi dna-todisteita v\u00e4itteiden tueksi. Jonesin mukaan Bibi l\u00e4hestyi h\u00e4nt\u00e4 aikoinaan itse ja kertoi olevansa Mercuryn tyt\u00e4r.<\/p>\n<p class=\"article-body mb-nof-24 px-nof-16\">\u2013 H\u00e4n oli ollut remissiossa jo vuosien ajan, kunnes sairaus palasi. Silloin h\u00e4n p\u00e4\u00e4tti ottaa yhteytt\u00e4 minuun, Jones kommentoi Daily Mailille.<\/p>\n<p class=\"article-body mb-nof-24 px-nof-16\">Bibi kommentoi v\u00e4lej\u00e4\u00e4n v\u00e4itettyyn is\u00e4\u00e4ns\u00e4 ennen kirjan julkaisua. Mercuryn on v\u00e4itetty pit\u00e4neen yhteytt\u00e4 tytt\u00e4reens\u00e4 aina h\u00e4nen kuolemaansa saakka. Mercury kuoli vuonna 1991 ollessaan 45-vuotias.<\/p>\n<p class=\"article-body mb-nof-24 px-nof-16\">\u2013 En halunnut jakaa is\u00e4\u00e4ni koko maailman kanssa. H\u00e4nen kuolemansa j\u00e4lkeen minun piti oppia el\u00e4m\u00e4\u00e4n is\u00e4\u00e4ni kohdistuneiden v\u00e4\u00e4ristelyjen ja tunteen kanssa, ett\u00e4 is\u00e4ni kuului nyt kaikille, tyt\u00e4r lausui Daily Mailin mukaan.<\/p>\n<p class=\"article-body mb-nof-24 px-nof-16\">\u2013 Itkin ja surin is\u00e4\u00e4ni, kun fanit ymp\u00e4ri maailmaa surivat Freddiet\u00e4. Kun on 15-vuotias, se ei ole helppoa.<\/p>\n<p><img decoding=\"async\" src=\"https:\/\/www.europesays.com\/fi\/wp-content\/uploads\/2026\/01\/1768550468_718_468.jpg\" alt=\"Freddie Mercury syyskuussa 1984.\" class=\"_Img_1rerz_1\" style=\"aspect-ratio:0.6651041666666667\" loading=\"eager\"\/><\/p>\n<p class=\"article-picture-caption\">Freddie Mercury syyskuussa 1984. Kuva:\u00a0Rudi Keuntje \/ Future-Image via ZUMA Press<\/p>\n<p class=\"article-body mb-nof-24 px-nof-16\">The Guardian kertoi viime vuonna, ett\u00e4 nainen ty\u00f6skenteli terveydenhuoltoalalla Euroopassa.<\/p>\n<p class=\"article-body mb-nof-24 px-nof-16\">Kirjan mukaan lapsi olisi saanut alkunsa vahingossa, kun rock-t\u00e4hdell\u00e4 oli suhde yst\u00e4v\u00e4ns\u00e4 vaimoon vuonna 1976. Kirjan mukaan Mercury olisi antanut tytt\u00e4relleen p\u00e4iv\u00e4kirjoja, jotka k\u00e4sittelev\u00e4t muun muassa Mercuryn lapsuutta.<\/p>\n<p class=\"article-body mb-nof-24 px-nof-16\">Ainoastaan Mercuryn l\u00e4heisimpien ihmisten sanotaan tienneen asiasta.<\/p>\n","protected":false},"excerpt":{"rendered":"Freddie Mercuryn el\u00e4m\u00e4kerran kirjoittanut kirjailija valottaa nyt, miksi v\u00e4itetty tyt\u00e4r p\u00e4\u00e4tti kertoa tarinansa. Queen-ikoni Freddie Mercuryn salattu tyt\u00e4r&hellip;\n","protected":false},"author":2,"featured_media":143781,"comment_status":"","ping_status":"","sticky":false,"template":"","format":"standard","meta":{"footnotes":""},"categories":[130],"tags":[137,33,31,30,34,32,109],"class_list":{"0":"post-143780","1":"post","2":"type-post","3":"status-publish","4":"format-standard","5":"has-post-thumbnail","7":"category-viihde","8":"tag-entertainment","9":"tag-fi","10":"tag-finland","11":"tag-finnish","12":"tag-ilta-sanomat","13":"tag-suomi","14":"tag-viihde"},"share_on_mastodon":{"url":"https:\/\/pubeurope.com\/@fi\/115903730960644477","error":""},"_links":{"self":[{"href":"https:\/\/www.europesays.com\/fi\/wp-json\/wp\/v2\/posts\/143780","targetHints":{"allow":["GET"]}}],"collection":[{"href":"https:\/\/www.europesays.com\/fi\/wp-json\/wp\/v2\/posts"}],"about":[{"href":"https:\/\/www.europesays.com\/fi\/wp-json\/wp\/v2\/types\/post"}],"author":[{"embeddable":true,"href":"https:\/\/www.europesays.com\/fi\/wp-json\/wp\/v2\/users\/2"}],"replies":[{"embeddable":true,"href":"https:\/\/www.europesays.com\/fi\/wp-json\/wp\/v2\/comments?post=143780"}],"version-history":[{"count":0,"href":"https:\/\/www.europesays.com\/fi\/wp-json\/wp\/v2\/posts\/143780\/revisions"}],"wp:featuredmedia":[{"embeddable":true,"href":"https:\/\/www.europesays.com\/fi\/wp-json\/wp\/v2\/media\/143781"}],"wp:attachment":[{"href":"https:\/\/www.europesays.com\/fi\/wp-json\/wp\/v2\/media?parent=143780"}],"wp:term":[{"taxonomy":"category","embeddable":true,"href":"https:\/\/www.europesays.com\/fi\/wp-json\/wp\/v2\/categories?post=143780"},{"taxonomy":"post_tag","embeddable":true,"href":"https:\/\/www.europesays.com\/fi\/wp-json\/wp\/v2\/tags?post=143780"}],"curies":[{"name":"wp","href":"https:\/\/api.w.org\/{rel}","templated":true}]}}