{"id":143784,"date":"2026-01-16T08:05:07","date_gmt":"2026-01-16T08:05:07","guid":{"rendered":"https:\/\/www.europesays.com\/fi\/143784\/"},"modified":"2026-01-16T08:05:07","modified_gmt":"2026-01-16T08:05:07","slug":"ft-ranska-varoittaa-kauppasuhteiden-vaarantuvan-jos-usa-yrittaa-napata-gronlannin-uutisia-lyhyesti","status":"publish","type":"post","link":"https:\/\/www.europesays.com\/fi\/143784\/","title":{"rendered":"FT: Ranska varoittaa kauppasuhteiden vaarantuvan, jos USA yritt\u00e4\u00e4 napata Gr\u00f6nlannin | Uutisia lyhyesti"},"content":{"rendered":"<p class=\"aw-1gybjub aw-1p7kakr kEtdKx cEmitX yle__article__paragraph\">Ranskan valtiovarainministeri <strong class=\"aw-ak79eh KyCXm yle__article__strong\">Roland Lescure<\/strong> on varoittanut Yhdysvaltain valtiovarainministeri\u00e4 <strong class=\"aw-ak79eh KyCXm yle__article__strong\">Scott Bessenti\u00e4<\/strong> siit\u00e4, ett\u00e4 mahdollinen Gr\u00f6nlannin haltuunotto vaarantaisi Euroopan ja Yhdysvaltojen taloussuhteet.<\/p>\n<p class=\"aw-1gybjub aw-1p7kakr kEtdKx cEmitX yle__article__paragraph\">Asiasta raportoi talouslehti The Financial Times (FT) perjantaina.<\/p>\n<p class=\"aw-1gybjub aw-1p7kakr kEtdKx cEmitX yle__article__paragraph\">\u2013 Gr\u00f6nlanti on itsen\u00e4isen maan alue, joka kuuluu EU:hun. Sit\u00e4 ei pid\u00e4 horjuttaa, Lescure sanoi FT:lle.<\/p>\n<p class=\"aw-1gybjub aw-1p7kakr kEtdKx cEmitX yle__article__paragraph\">Kun Lescurelta kysyttiin, pit\u00e4isik\u00f6 EU:n vastata talouspakotteilla, jos Yhdysvaltain presidentti <strong class=\"aw-ak79eh KyCXm yle__article__strong\">Donald Trump<\/strong> p\u00e4\u00e4tt\u00e4isi hy\u00f6k\u00e4t\u00e4 Gr\u00f6nlantiin, Lescure v\u00e4isti kysymyksen.<\/p>\n<p class=\"aw-1gybjub aw-1p7kakr kEtdKx cEmitX yle__article__paragraph\">\u2013 En spekuloi sill\u00e4. Jos n\u00e4in k\u00e4visi, olisimme t\u00e4ysin uudenlaisessa maailmassa, johon meid\u00e4n olisi sopeuduttava, Lescure kommentoi FT:lle.<\/p>\n","protected":false},"excerpt":{"rendered":"Ranskan valtiovarainministeri Roland Lescure on varoittanut Yhdysvaltain valtiovarainministeri\u00e4 Scott Bessenti\u00e4 siit\u00e4, ett\u00e4 mahdollinen Gr\u00f6nlannin haltuunotto vaarantaisi Euroopan ja&hellip;\n","protected":false},"author":2,"featured_media":74,"comment_status":"","ping_status":"","sticky":false,"template":"","format":"standard","meta":{"footnotes":""},"categories":[14],"tags":[22,23,26,27,33,31,30,4538,17,6753,70,24,25,28,29,15,18,21,1422,32,19,20,56,16,59,60,61,619],"class_list":{"0":"post-143784","1":"post","2":"type-post","3":"status-publish","4":"format-standard","5":"has-post-thumbnail","7":"category-ulkomaat","8":"tag-breaking-news","9":"tag-breakingnews","10":"tag-featured-news","11":"tag-featurednews","12":"tag-fi","13":"tag-finland","14":"tag-finnish","15":"tag-gronlanti","16":"tag-headlines","17":"tag-kansainvalinen-kauppa","18":"tag-kansainvalinen-politiikka","19":"tag-latest-news","20":"tag-latestnews","21":"tag-main-news","22":"tag-mainnews","23":"tag-news","24":"tag-otsikot","25":"tag-paauutiset","26":"tag-ranska","27":"tag-suomi","28":"tag-top-stories","29":"tag-topstories","30":"tag-ulkomaat","31":"tag-uutiset","32":"tag-world","33":"tag-world-news","34":"tag-worldnews","35":"tag-yhdysvallat"},"share_on_mastodon":{"url":"https:\/\/pubeurope.com\/@fi\/115903747420257175","error":""},"_links":{"self":[{"href":"https:\/\/www.europesays.com\/fi\/wp-json\/wp\/v2\/posts\/143784","targetHints":{"allow":["GET"]}}],"collection":[{"href":"https:\/\/www.europesays.com\/fi\/wp-json\/wp\/v2\/posts"}],"about":[{"href":"https:\/\/www.europesays.com\/fi\/wp-json\/wp\/v2\/types\/post"}],"author":[{"embeddable":true,"href":"https:\/\/www.europesays.com\/fi\/wp-json\/wp\/v2\/users\/2"}],"replies":[{"embeddable":true,"href":"https:\/\/www.europesays.com\/fi\/wp-json\/wp\/v2\/comments?post=143784"}],"version-history":[{"count":0,"href":"https:\/\/www.europesays.com\/fi\/wp-json\/wp\/v2\/posts\/143784\/revisions"}],"wp:featuredmedia":[{"embeddable":true,"href":"https:\/\/www.europesays.com\/fi\/wp-json\/wp\/v2\/media\/74"}],"wp:attachment":[{"href":"https:\/\/www.europesays.com\/fi\/wp-json\/wp\/v2\/media?parent=143784"}],"wp:term":[{"taxonomy":"category","embeddable":true,"href":"https:\/\/www.europesays.com\/fi\/wp-json\/wp\/v2\/categories?post=143784"},{"taxonomy":"post_tag","embeddable":true,"href":"https:\/\/www.europesays.com\/fi\/wp-json\/wp\/v2\/tags?post=143784"}],"curies":[{"name":"wp","href":"https:\/\/api.w.org\/{rel}","templated":true}]}}