{"id":143801,"date":"2026-01-16T08:31:10","date_gmt":"2026-01-16T08:31:10","guid":{"rendered":"https:\/\/www.europesays.com\/fi\/143801\/"},"modified":"2026-01-16T08:31:10","modified_gmt":"2026-01-16T08:31:10","slug":"kehonrakentaja-arlindo-de-souza-brasilian-kippari-kalle-on-kuollut","status":"publish","type":"post","link":"https:\/\/www.europesays.com\/fi\/143801\/","title":{"rendered":"Kehonrakentaja Arlindo de Souza, &#8221;Brasilian Kippari-Kalle&#8221;, on kuollut"},"content":{"rendered":"<p><strong class=\"typography-bold\">Valtavat hauikset piikitt\u00e4nyt &#8221;Brasilian Kippari-Kalle&#8221; Arlindo de Souza on kuollut 55-vuotiaana.<\/strong><\/p>\n<p>Kehonrakentaja Arlindo de Souza kuoli munuaisongelmiin tiistaina, brasilialaismedia <a class=\"underline\" data-testid=\"external-link\" href=\"https:\/\/g1.globo.com\/pe\/pernambuco\/noticia\/2026\/01\/14\/popeye-brasileiro-quem-era-arlindo-de-souza-famoso-apos-injetar-oleo-mineral-nos-bracos.ghtml\" rel=\"noopener noreferrer nofollow\" target=\"_blank\" data-sentry-component=\"ExternalLink\" data-sentry-source-file=\"ExternalLink.tsx\">G1<\/a> kertoo. Mies oli joutunut sairaalahoitoon joulukuussa.<\/p>\n<p>\u2013 Yksi h\u00e4nen munuaisistaan lakkasi toimimasta ja jouluviikolla my\u00f6s toinen pys\u00e4htyi. H\u00e4nen keuhkonsa alkoivat t\u00e4ytty\u00e4 nesteell\u00e4, Arlindon sisarenpoika <strong class=\"typography-bold\">Denis Gomes de Luna<\/strong> sanoi ja raportoi kehonrakentajan kokeneen my\u00f6s syd\u00e4npys\u00e4hdyksen.\u00a0<\/p>\n<p>Arlindo tunnettiin &#8221;Brasilian Kippari-Kallena&#8221;. H\u00e4n v\u00e4itti hauistensa olleen per\u00e4ti 73-senttiset. Brassi oli kasvattanut kokoaan piikitt\u00e4m\u00e4ll\u00e4 kehoonsa vaarallisia \u00f6ljyj\u00e4.\u00a0<\/p>\n<p>Arlindo oli sisarenpoikansa mukaan ryhtynyt puuhaan veljens\u00e4 tragedian j\u00e4lkeen. Kehonrakennuksesta teini-ik\u00e4isen\u00e4 innostunut veli kuoli ry\u00f6st\u00f6ss\u00e4.<\/p>\n<p>Arlindon sisarenpoika pohti kehoon ruiskitun \u00f6ljyn saattaneen vaikuttaa munuaisongelmiin.<\/p>\n<p>Arlindo oli lis\u00e4ksi kertonut aloittaneensa anabolisten steroidien k\u00e4yt\u00f6n jo parikymppisen\u00e4 haluttuaan kasvaa isoksi.<\/p>\n<p>Kehonrakentajan tunnettuus kasvoi my\u00f6s h\u00e4nen osallistuttuaan erin\u00e4isiin tv-ohjelmiin. Brasilialainen teki satunnaisia rakennust\u00f6it\u00e4 itsens\u00e4 el\u00e4tt\u00e4\u00e4kseen ja asui \u00e4itins\u00e4 kanssa.<\/p>\n","protected":false},"excerpt":{"rendered":"Valtavat hauikset piikitt\u00e4nyt &#8221;Brasilian Kippari-Kalle&#8221; Arlindo de Souza on kuollut 55-vuotiaana. Kehonrakentaja Arlindo de Souza kuoli munuaisongelmiin tiistaina,&hellip;\n","protected":false},"author":2,"featured_media":143802,"comment_status":"","ping_status":"","sticky":false,"template":"","format":"standard","meta":{"footnotes":""},"categories":[14],"tags":[22,23,26,27,33,31,30,17,24,25,28,29,15,18,21,32,19,20,56,16,59,60,61],"class_list":{"0":"post-143801","1":"post","2":"type-post","3":"status-publish","4":"format-standard","5":"has-post-thumbnail","7":"category-ulkomaat","8":"tag-breaking-news","9":"tag-breakingnews","10":"tag-featured-news","11":"tag-featurednews","12":"tag-fi","13":"tag-finland","14":"tag-finnish","15":"tag-headlines","16":"tag-latest-news","17":"tag-latestnews","18":"tag-main-news","19":"tag-mainnews","20":"tag-news","21":"tag-otsikot","22":"tag-paauutiset","23":"tag-suomi","24":"tag-top-stories","25":"tag-topstories","26":"tag-ulkomaat","27":"tag-uutiset","28":"tag-world","29":"tag-world-news","30":"tag-worldnews"},"share_on_mastodon":{"url":"https:\/\/pubeurope.com\/@fi\/115903849096198431","error":""},"_links":{"self":[{"href":"https:\/\/www.europesays.com\/fi\/wp-json\/wp\/v2\/posts\/143801","targetHints":{"allow":["GET"]}}],"collection":[{"href":"https:\/\/www.europesays.com\/fi\/wp-json\/wp\/v2\/posts"}],"about":[{"href":"https:\/\/www.europesays.com\/fi\/wp-json\/wp\/v2\/types\/post"}],"author":[{"embeddable":true,"href":"https:\/\/www.europesays.com\/fi\/wp-json\/wp\/v2\/users\/2"}],"replies":[{"embeddable":true,"href":"https:\/\/www.europesays.com\/fi\/wp-json\/wp\/v2\/comments?post=143801"}],"version-history":[{"count":0,"href":"https:\/\/www.europesays.com\/fi\/wp-json\/wp\/v2\/posts\/143801\/revisions"}],"wp:featuredmedia":[{"embeddable":true,"href":"https:\/\/www.europesays.com\/fi\/wp-json\/wp\/v2\/media\/143802"}],"wp:attachment":[{"href":"https:\/\/www.europesays.com\/fi\/wp-json\/wp\/v2\/media?parent=143801"}],"wp:term":[{"taxonomy":"category","embeddable":true,"href":"https:\/\/www.europesays.com\/fi\/wp-json\/wp\/v2\/categories?post=143801"},{"taxonomy":"post_tag","embeddable":true,"href":"https:\/\/www.europesays.com\/fi\/wp-json\/wp\/v2\/tags?post=143801"}],"curies":[{"name":"wp","href":"https:\/\/api.w.org\/{rel}","templated":true}]}}