{"id":143803,"date":"2026-01-16T08:32:21","date_gmt":"2026-01-16T08:32:21","guid":{"rendered":"https:\/\/www.europesays.com\/fi\/143803\/"},"modified":"2026-01-16T08:32:21","modified_gmt":"2026-01-16T08:32:21","slug":"ensihoidon-potilas-kuoli-kamalassa-turmassa-otkes-aloitti-tutkinnan","status":"publish","type":"post","link":"https:\/\/www.europesays.com\/fi\/143803\/","title":{"rendered":"Ensihoidon potilas kuoli kamalassa turmassa &#8211; OTKES aloitti tutkinnan"},"content":{"rendered":"<p>On\u00adnet\u00adto\u00admuus\u00adtut\u00adkin\u00adta\u00adkes\u00adkus (OT\u00adKES) on k\u00e4yn\u00adnis\u00adt\u00e4\u00adnyt tut\u00adkin\u00adnan jouluaattona 2025 ta\u00adpah\u00adtu\u00adnees\u00adta on\u00adnet\u00adto\u00admuu\u00addes\u00adta.<\/p>\n<p>Tiedotteen mukaan ensihoidon potilas putosi s\u00e4hk\u00f6iseen porrastuoliin kiinnitettyn\u00e4 portaikossa alas, kun h\u00e4nt\u00e4 oltiin siirt\u00e4m\u00e4ss\u00e4. Potilas meni tajuttomaksi ja kuoli elvytyksist\u00e4 huolimatta tapahtumapaikalle. Onnettomuus tapahtui Varsinais-Suomessa.<\/p>\n<p>Lue my\u00f6s: <a href=\"https:\/\/www.voice.fi\/hyvinvointi\/a-237353\" title=\"Jatkossa h\u00e4t\u00e4numeroon voi l\u00e4hett\u00e4\u00e4 tekstiviestin kuka tahansa \u2013 my\u00f6s muita muutoksia tulossa\" class=\"underline-custom !font-montserrat !font-bold !underline-offset-4 !decoration-4 !decoration-tilt-light !text-md\" rel=\"nofollow noopener\" target=\"_blank\">Jatkossa h\u00e4t\u00e4numeroon voi l\u00e4hett\u00e4\u00e4 tekstiviestin kuka tahansa \u2013 my\u00f6s muita muutoksia tulossa<\/a><\/p>\n<p>\u2013 Potilaiden siirto esimerkiksi kotoa hoitopaikkaan on arkip\u00e4iv\u00e4\u00e4. V\u00e4est\u00f6 ik\u00e4\u00e4ntyy ja samalla my\u00f6s kotona asuvien ik\u00e4\u00e4ntyvien m\u00e4\u00e4r\u00e4 lis\u00e4\u00e4ntyy. Meill\u00e4 on my\u00f6s paljon eri kokoisia potilaita, joita joudutaan siirt\u00e4m\u00e4\u00e4n. Ensihoidolle potilaan siirrot ovat rutiinia. Siirron ja siin\u00e4 k\u00e4ytett\u00e4vien v\u00e4lineiden on oltava turvallisia sek\u00e4 potilaille ett\u00e4 niit\u00e4 k\u00e4ytt\u00e4ville ammattilaisille, toteaa tutkinnanjohtaja <strong>Hanna Tiirinki<\/strong>.<\/p>\n<p>Hyvinvointialueen ensihoidon ylil\u00e4\u00e4k\u00e4ri Timo Iirola esitt\u00e4\u00e4 tiedotteessaan suruvalittelunsa omaisten suruun. <\/p>\n<p>\u2013 Otamme osaa omaisten suruun. Teemme kaikkemme yhdess\u00e4 viranomaisten kanssa asian selvitt\u00e4miseksi ja ensihoidon turvallisuuden parantamiseksi. Keskener\u00e4isen tutkinnan vuoksi emme voi viesti\u00e4 asiasta laajemmin. <\/p>\n<p>Onnettomuustutkintakeskus on aloittanut materiaalin ker\u00e4\u00e4misen sek\u00e4 tehnyt kuulemisia ja puhuttamisia. Turvallisuustutkinnan kesto on noin 9-12 kuukautta.<\/p>\n<p>L\u00e4hde: <a href=\"https:\/\/turvallisuustutkinta.fi\/fi\/index\/ajankohtaista\/tiedotteet\/2026\/turvallisuustutkinnankeskiossaensihoidossatapahtunutpotilaansiirto.html\" rel=\"nofollow noopener\" target=\"_blank\">Otkes<\/a><\/p>\n","protected":false},"excerpt":{"rendered":"On\u00adnet\u00adto\u00admuus\u00adtut\u00adkin\u00adta\u00adkes\u00adkus (OT\u00adKES) on k\u00e4yn\u00adnis\u00adt\u00e4\u00adnyt tut\u00adkin\u00adnan jouluaattona 2025 ta\u00adpah\u00adtu\u00adnees\u00adta on\u00adnet\u00adto\u00admuu\u00addes\u00adta. Tiedotteen mukaan ensihoidon potilas putosi s\u00e4hk\u00f6iseen porrastuoliin kiinnitettyn\u00e4 portaikossa&hellip;\n","protected":false},"author":2,"featured_media":143804,"comment_status":"","ping_status":"","sticky":false,"template":"","format":"standard","meta":{"footnotes":""},"categories":[12],"tags":[22,23,13127,26,27,33,31,30,17,24,25,28,29,15,1178,24611,18,21,32,19,20,24612,16],"class_list":{"0":"post-143803","1":"post","2":"type-post","3":"status-publish","4":"format-standard","5":"has-post-thumbnail","7":"category-suomi","8":"tag-breaking-news","9":"tag-breakingnews","10":"tag-ensihoito","11":"tag-featured-news","12":"tag-featurednews","13":"tag-fi","14":"tag-finland","15":"tag-finnish","16":"tag-headlines","17":"tag-latest-news","18":"tag-latestnews","19":"tag-main-news","20":"tag-mainnews","21":"tag-news","22":"tag-onnettomuus","23":"tag-otkes","24":"tag-otsikot","25":"tag-paauutiset","26":"tag-suomi","27":"tag-top-stories","28":"tag-topstories","29":"tag-tutkinta","30":"tag-uutiset"},"share_on_mastodon":{"url":"https:\/\/pubeurope.com\/@fi\/115903852931539066","error":""},"_links":{"self":[{"href":"https:\/\/www.europesays.com\/fi\/wp-json\/wp\/v2\/posts\/143803","targetHints":{"allow":["GET"]}}],"collection":[{"href":"https:\/\/www.europesays.com\/fi\/wp-json\/wp\/v2\/posts"}],"about":[{"href":"https:\/\/www.europesays.com\/fi\/wp-json\/wp\/v2\/types\/post"}],"author":[{"embeddable":true,"href":"https:\/\/www.europesays.com\/fi\/wp-json\/wp\/v2\/users\/2"}],"replies":[{"embeddable":true,"href":"https:\/\/www.europesays.com\/fi\/wp-json\/wp\/v2\/comments?post=143803"}],"version-history":[{"count":0,"href":"https:\/\/www.europesays.com\/fi\/wp-json\/wp\/v2\/posts\/143803\/revisions"}],"wp:featuredmedia":[{"embeddable":true,"href":"https:\/\/www.europesays.com\/fi\/wp-json\/wp\/v2\/media\/143804"}],"wp:attachment":[{"href":"https:\/\/www.europesays.com\/fi\/wp-json\/wp\/v2\/media?parent=143803"}],"wp:term":[{"taxonomy":"category","embeddable":true,"href":"https:\/\/www.europesays.com\/fi\/wp-json\/wp\/v2\/categories?post=143803"},{"taxonomy":"post_tag","embeddable":true,"href":"https:\/\/www.europesays.com\/fi\/wp-json\/wp\/v2\/tags?post=143803"}],"curies":[{"name":"wp","href":"https:\/\/api.w.org\/{rel}","templated":true}]}}