{"id":143805,"date":"2026-01-16T08:33:07","date_gmt":"2026-01-16T08:33:07","guid":{"rendered":"https:\/\/www.europesays.com\/fi\/143805\/"},"modified":"2026-01-16T08:33:07","modified_gmt":"2026-01-16T08:33:07","slug":"pojat-ja-miehet-eivat-aina-ole-etuoikeutetussa-asemassa-usein-asia-on-painvastoin-sanoo-tutkija-harry-lunabba","status":"publish","type":"post","link":"https:\/\/www.europesays.com\/fi\/143805\/","title":{"rendered":"Pojat ja miehet eiv\u00e4t aina ole etuoikeutetussa asemassa, usein asia on p\u00e4invastoin, sanoo tutkija Harry Lunabba"},"content":{"rendered":"<p>Tasa-arvo|Pojat ovat koulumaailmassa usein tytt\u00f6j\u00e4 heikommassa asemassa, sanoo tutkija Harry Lunabba.<\/p>\n<p class=\"article-body mb-nof-24 px-nof-16\">Pojat ja miehet eiv\u00e4t suinkaan ole aina etuoikeutetussa asemassa tytt\u00f6ihin ja naisiin n\u00e4hden. On paljon tilanteita, joissa pojat ovat erityisen haavoittuvassa asemassa.<\/p>\n<p class=\"article-body mb-nof-24 px-nof-16\">N\u00e4in sanoo Helsingin yliopiston tutkija <a class=\"font-bold underline-offset-[0.12em] [text-decoration:var(--person-link-text-decoration)] ![text-decoration-color:var(--person-link-text-decoration-color)]\" href=\"https:\/\/www.hs.fi\/haku\/?query=Harry%20Lunabba\" rel=\"nofollow noopener\" target=\"_blank\">Harry Lunabba<\/a>. H\u00e4n on juuri saanut valmiiksi hallituksen tilaaman selvityksen poikien kohtaamista tasa-arvo-ongelmista.<\/p>\n","protected":false},"excerpt":{"rendered":"Tasa-arvo|Pojat ovat koulumaailmassa usein tytt\u00f6j\u00e4 heikommassa asemassa, sanoo tutkija Harry Lunabba. Pojat ja miehet eiv\u00e4t suinkaan ole aina&hellip;\n","protected":false},"author":2,"featured_media":143806,"comment_status":"","ping_status":"","sticky":false,"template":"","format":"standard","meta":{"footnotes":""},"categories":[5],"tags":[22,23,26,27,33,31,30,17,46,24,25,28,29,15,18,21,32,19,20,16],"class_list":{"0":"post-143805","1":"post","2":"type-post","3":"status-publish","4":"format-standard","5":"has-post-thumbnail","7":"category-otsikot","8":"tag-breaking-news","9":"tag-breakingnews","10":"tag-featured-news","11":"tag-featurednews","12":"tag-fi","13":"tag-finland","14":"tag-finnish","15":"tag-headlines","16":"tag-helsingin-sanomat","17":"tag-latest-news","18":"tag-latestnews","19":"tag-main-news","20":"tag-mainnews","21":"tag-news","22":"tag-otsikot","23":"tag-paauutiset","24":"tag-suomi","25":"tag-top-stories","26":"tag-topstories","27":"tag-uutiset"},"share_on_mastodon":{"url":"https:\/\/pubeurope.com\/@fi\/115903856828022055","error":""},"_links":{"self":[{"href":"https:\/\/www.europesays.com\/fi\/wp-json\/wp\/v2\/posts\/143805","targetHints":{"allow":["GET"]}}],"collection":[{"href":"https:\/\/www.europesays.com\/fi\/wp-json\/wp\/v2\/posts"}],"about":[{"href":"https:\/\/www.europesays.com\/fi\/wp-json\/wp\/v2\/types\/post"}],"author":[{"embeddable":true,"href":"https:\/\/www.europesays.com\/fi\/wp-json\/wp\/v2\/users\/2"}],"replies":[{"embeddable":true,"href":"https:\/\/www.europesays.com\/fi\/wp-json\/wp\/v2\/comments?post=143805"}],"version-history":[{"count":0,"href":"https:\/\/www.europesays.com\/fi\/wp-json\/wp\/v2\/posts\/143805\/revisions"}],"wp:featuredmedia":[{"embeddable":true,"href":"https:\/\/www.europesays.com\/fi\/wp-json\/wp\/v2\/media\/143806"}],"wp:attachment":[{"href":"https:\/\/www.europesays.com\/fi\/wp-json\/wp\/v2\/media?parent=143805"}],"wp:term":[{"taxonomy":"category","embeddable":true,"href":"https:\/\/www.europesays.com\/fi\/wp-json\/wp\/v2\/categories?post=143805"},{"taxonomy":"post_tag","embeddable":true,"href":"https:\/\/www.europesays.com\/fi\/wp-json\/wp\/v2\/tags?post=143805"}],"curies":[{"name":"wp","href":"https:\/\/api.w.org\/{rel}","templated":true}]}}