{"id":143811,"date":"2026-01-16T08:50:06","date_gmt":"2026-01-16T08:50:06","guid":{"rendered":"https:\/\/www.europesays.com\/fi\/143811\/"},"modified":"2026-01-16T08:50:06","modified_gmt":"2026-01-16T08:50:06","slug":"valta-vaihtuu-star-wars-universumissa-kathleen-kennedy-lopettaa-lucasfilm-pomona-tilalle-dave-filoni","status":"publish","type":"post","link":"https:\/\/www.europesays.com\/fi\/143811\/","title":{"rendered":"Valta vaihtuu Star Wars -universumissa &#8211; Kathleen Kennedy lopettaa Lucasfilm-pomona, tilalle Dave Filoni"},"content":{"rendered":"<p>Kathleen Kennedy j\u00e4tt\u00e4\u00e4 teht\u00e4v\u00e4ns\u00e4 14 vuoden j\u00e4lkeen.<\/p>\n<p><a href=\"https:\/\/thewaltdisneycompany.com\/news\/lucasfilm-leadership-transition\/\" target=\"_blank\" rel=\"noreferrer noopener nofollow\">The Walt Disney Studios<\/a> tiedottaa Kathleen Kennedyn j\u00e4tt\u00e4v\u00e4n teht\u00e4v\u00e4ns\u00e4 14 vuoden j\u00e4lkeen Lucasfilmin pomona.  <\/p>\n<p>Kennedy oli toiminut vuosikymmeni\u00e4 elokuvatuottajana ennen kuin aloitti nykyisess\u00e4 teht\u00e4v\u00e4ss\u00e4\u00e4n vuonna 2012, Disneyn ostettua Lucasfilmin 4 miljardin dollarin hintaan.<\/p>\n<p>Kennedy ei j\u00e4t\u00e4 teht\u00e4v\u00e4\u00e4ns\u00e4 v\u00e4litt\u00f6m\u00e4sti, vaan jatkaa tulevien The Mandalorian and Grogu -ja Star Wars: Starfighter -elokuvien tuottajana. <\/p>\n<p>Jatkossa Lucasfilmia johtaa nykyinen varatoimitusjohtaja ja chief creative officer Dave Filoni. H\u00e4n vastaa luovasta puolesta. Bisnespuolen pomoksi on kiinnitetty Lynwen Brennan. Vastuun jakaminen t\u00e4h\u00e4n tyyliin on Disneylla yleinen k\u00e4yt\u00e4nt\u00f6. <\/p>\n<p>Esimerkiksi Pixar-pomoina toimivat sek\u00e4 Pete Docter ja Jim Morris. Walt Disney Animationin puolella vastuun jakavat Jared Bush ja Clark Spencer.<\/p>\n<p>Filoni ty\u00f6skenteli Lucasfilmill\u00e4 jo George Lucasin alaisuudessa vuodesta 2005 alkaen. H\u00e4n tuli faneille tutuksi alun perin The Clone Wars -animaation p\u00e4\u00e4p\u00e4sm\u00e4rin\u00e4. Sen j\u00e4lkeen h\u00e4n on ty\u00f6st\u00e4nyt useita n\u00e4ytelm\u00e4sarjoja yhdess\u00e4 Jon Favreaun kanssa.<\/p>\n<p>Brennan puolestaan aloitti Lucasfilmilla jo vuonna 1999 ja on toiminut muun muassa Industrial Light &amp; Magicin pomona. <\/p>\n<p>Rise of Skywalkerin j\u00e4lkeen Kennedy laittoi Star Wars -leffat j\u00e4ihin ja p\u00e4\u00e4tti keskitty\u00e4 Favreaun johdolla tv-sarjoihin. J\u00e4lki on ollut vaihtelevaa, The Mandalorianin kahdesta ensimm\u00e4isest\u00e4 mainiosta kaudesta The Acolyten ja Obi-Wanin oman sarjan kaltaisiin turhuuksiin. <\/p>\n<p>Kennedy n\u00e4ytti kuitenkin vihre\u00e4\u00e4 valoa my\u00f6s Andor-sarjan kahdelle tuotantokaudelle. Varttuneemmille katsojille suunnattu sarja on parasta Star Warsia kautta aikain. <\/p>\n<p>Seuraavat Star Wars -sarjat ovat Ahsokan kakkoskausi ja Maul: Shadow Lord -animaatio. Elokuvanpuolen suunnitelmista ei ole viel\u00e4 tietoa The Mandalorian and Grogu -ja Star Wars: Starfighter -leffojen lis\u00e4ksi.<\/p>\n","protected":false},"excerpt":{"rendered":"Kathleen Kennedy j\u00e4tt\u00e4\u00e4 teht\u00e4v\u00e4ns\u00e4 14 vuoden j\u00e4lkeen. The Walt Disney Studios tiedottaa Kathleen Kennedyn j\u00e4tt\u00e4v\u00e4n teht\u00e4v\u00e4ns\u00e4 14 vuoden&hellip;\n","protected":false},"author":2,"featured_media":143812,"comment_status":"","ping_status":"","sticky":false,"template":"","format":"standard","meta":{"footnotes":""},"categories":[131],"tags":[24613,298,155,137,33,173,31,30,10392,2238,172,3519,32,109],"class_list":{"0":"post-143811","1":"post","2":"type-post","3":"status-publish","4":"format-standard","5":"has-post-thumbnail","7":"category-elokuvat","8":"tag-dave-filoni","9":"tag-disney","10":"tag-elokuvat","11":"tag-entertainment","12":"tag-fi","13":"tag-film","14":"tag-finland","15":"tag-finnish","16":"tag-kathleen-kennedy","17":"tag-lucasfilm","18":"tag-movies","19":"tag-star-wars","20":"tag-suomi","21":"tag-viihde"},"share_on_mastodon":{"url":"https:\/\/pubeurope.com\/@fi\/115903923697082117","error":""},"_links":{"self":[{"href":"https:\/\/www.europesays.com\/fi\/wp-json\/wp\/v2\/posts\/143811","targetHints":{"allow":["GET"]}}],"collection":[{"href":"https:\/\/www.europesays.com\/fi\/wp-json\/wp\/v2\/posts"}],"about":[{"href":"https:\/\/www.europesays.com\/fi\/wp-json\/wp\/v2\/types\/post"}],"author":[{"embeddable":true,"href":"https:\/\/www.europesays.com\/fi\/wp-json\/wp\/v2\/users\/2"}],"replies":[{"embeddable":true,"href":"https:\/\/www.europesays.com\/fi\/wp-json\/wp\/v2\/comments?post=143811"}],"version-history":[{"count":0,"href":"https:\/\/www.europesays.com\/fi\/wp-json\/wp\/v2\/posts\/143811\/revisions"}],"wp:featuredmedia":[{"embeddable":true,"href":"https:\/\/www.europesays.com\/fi\/wp-json\/wp\/v2\/media\/143812"}],"wp:attachment":[{"href":"https:\/\/www.europesays.com\/fi\/wp-json\/wp\/v2\/media?parent=143811"}],"wp:term":[{"taxonomy":"category","embeddable":true,"href":"https:\/\/www.europesays.com\/fi\/wp-json\/wp\/v2\/categories?post=143811"},{"taxonomy":"post_tag","embeddable":true,"href":"https:\/\/www.europesays.com\/fi\/wp-json\/wp\/v2\/tags?post=143811"}],"curies":[{"name":"wp","href":"https:\/\/api.w.org\/{rel}","templated":true}]}}