{"id":143813,"date":"2026-01-16T08:52:08","date_gmt":"2026-01-16T08:52:08","guid":{"rendered":"https:\/\/www.europesays.com\/fi\/143813\/"},"modified":"2026-01-16T08:52:08","modified_gmt":"2026-01-16T08:52:08","slug":"marcus-gronholm-hammasteli-poikansa-touhua-tuskin-puhuimme-toisillemme","status":"publish","type":"post","link":"https:\/\/www.europesays.com\/fi\/143813\/","title":{"rendered":"Marcus Gr\u00f6nholm h\u00e4mm\u00e4steli poikansa touhua: &#8221;Tuskin puhuimme toisillemme&#8221;"},"content":{"rendered":"<p>Gr\u00f6nholm paljasti torstaina, ett\u00e4 h\u00e4n j\u00e4tt\u00e4\u00e4 rallicrossin lajivalikoimastaan, vaikka h\u00e4n saavutti viime vuonna MM-sarjan hopeaa. Kolmannen polven autourheilija on aiemmin pist\u00e4nyt isoimmat paukut rallicrossiin, kun taas ralli on toiminut tukevana lajimuotona.<\/p>\n<p><strong>Lue lis\u00e4\u00e4: <a href=\"https:\/\/www.rallit.fi\/raju-ratkaisu-niclas-gronholm-ajoi-viime-vuonna-mm-hopeaa-jattaa-nyt-lajin-kokonaan\/\" rel=\"nofollow noopener\" target=\"_blank\">Raju ratkaisu: Niclas Gr\u00f6nholm ajoi viime vuonna MM-hopeaa \u2013 j\u00e4tt\u00e4\u00e4 nyt lajin kokonaan<\/a><\/strong><\/p>\n<p>Mutta jatkossa Gr\u00f6nholm keskittyy erikoiskokeilla kilpailemiseen. H\u00e4n aloittaa lauantaina urakkansa rallin SM-sarjassa kartanlukija <strong>Samu Vaalerin<\/strong> kanssa.<\/p>\n<p>Marcus Gr\u00f6nholm saavutti omalla urallaan kahden maailmanmestaruuden lis\u00e4ksi nelj\u00e4 rallin Suomen mestaruutta. My\u00f6s h\u00e4nen is\u00e4ns\u00e4 <strong>Ulf<\/strong> oli kaksinkertainen Suomen mestari.<\/p>\n<p>\u2013 Se merkitsee paljon, ett\u00e4 n\u00e4emme Niclaksen ja Gr\u00f6nholmin nimen j\u00e4lleen kilpailemassa rallin SM-sarjassa. Kuten viime vuonna n\u00e4htiin, Niclaksen vauhti ja tasaisuus vakiinnuttivat h\u00e4nen asemansa yhten\u00e4 SM-sarjan vahvimmista kilpailijoista, Marcus Gr\u00f6nholm arvioi.<\/p>\n<p>\u2013 Vuonna 2025 h\u00e4n ajoi uransa parhaan kauden kuljettajana, ja meill\u00e4 on kaikki edellytykset parantaa siit\u00e4 viel\u00e4 kaudella 2026.<\/p>\n<p>Niclas Gr\u00f6nholm sai t\u00e4ksi kaudeksi k\u00e4ytt\u00f6\u00f6ns\u00e4 p\u00e4ivitetyn version Skoda Fabia RS Rally2 -autosta. Ennen kauden alkua h\u00e4n on paiskinut niin kovasti t\u00f6it\u00e4 rallin eteen, ett\u00e4 is\u00e4-Gr\u00f6nholminkin on h\u00e4mm\u00e4stellyt h\u00e4nen touhuaan.<\/p>\n<p>\u2013 Talven aikana Niclas teki valtavasti t\u00f6it\u00e4 ja valmistautui t\u00e4h\u00e4n kauteen kovemmin kuin olen koskaan n\u00e4hnyt h\u00e4nen valmistautuvan. Itse asiassa me tuskin puhuimme toisillemme, sill\u00e4 h\u00e4n oli jatkuvasti tekem\u00e4ss\u00e4 jotain uuden auton ja Samun kanssa, Marcus Gr\u00f6nholm kuvaili.<\/p>\n<p><img loading=\"lazy\" decoding=\"async\" width=\"1200\" height=\"650\" src=\"https:\/\/www.europesays.com\/fi\/wp-content\/uploads\/2026\/01\/ruotsi_3.jpg\" alt=\"Niclas Gr\u00f6nholm\" class=\"lazyload wp-image-99280\"  data-\/>Niclas Gr\u00f6nholm. Kuva: @world<\/p>\n<p>Niclas Gr\u00f6nholm, 29, ajaa t\u00e4n\u00e4 vuonna rallin SM-sarjan kaikki seitsem\u00e4n osakilpailua. H\u00e4nelle saattaa olla luvassa muitakin kisoja, sill\u00e4 h\u00e4nen englanninkielisess\u00e4 tiedotteessaan todettiin seuraavasti:<\/p>\n<p>\u2013 Mahdollisista muista sarjoista, joissa Gr\u00f6nholm saattaa kilpailla rallin SM-sarjan lis\u00e4ksi kaudella 2026, GRX kertoo lis\u00e4\u00e4, jos ja kun on niiden aika.<\/p>\n<p>Rallin SM-kauden avaava Mikkelin SM-ralli ajetaan lauantaina.<\/p>\n","protected":false},"excerpt":{"rendered":"Gr\u00f6nholm paljasti torstaina, ett\u00e4 h\u00e4n j\u00e4tt\u00e4\u00e4 rallicrossin lajivalikoimastaan, vaikka h\u00e4n saavutti viime vuonna MM-sarjan hopeaa. Kolmannen polven autourheilija&hellip;\n","protected":false},"author":2,"featured_media":143814,"comment_status":"","ping_status":"","sticky":false,"template":"","format":"standard","meta":{"footnotes":""},"categories":[158],"tags":[33,31,30,5510,24350,3604,3606,11716,159,32,160],"class_list":{"0":"post-143813","1":"post","2":"type-post","3":"status-publish","4":"format-standard","5":"has-post-thumbnail","7":"category-urheilu","8":"tag-fi","9":"tag-finland","10":"tag-finnish","11":"tag-marcus-gronholm","12":"tag-mikkelin-sm-ralli","13":"tag-niclas-gronholm","14":"tag-rallin-sm-sarja","15":"tag-samu-vaaleri","16":"tag-sports","17":"tag-suomi","18":"tag-urheilu"},"share_on_mastodon":{"url":"https:\/\/pubeurope.com\/@fi\/115903931658692557","error":""},"_links":{"self":[{"href":"https:\/\/www.europesays.com\/fi\/wp-json\/wp\/v2\/posts\/143813","targetHints":{"allow":["GET"]}}],"collection":[{"href":"https:\/\/www.europesays.com\/fi\/wp-json\/wp\/v2\/posts"}],"about":[{"href":"https:\/\/www.europesays.com\/fi\/wp-json\/wp\/v2\/types\/post"}],"author":[{"embeddable":true,"href":"https:\/\/www.europesays.com\/fi\/wp-json\/wp\/v2\/users\/2"}],"replies":[{"embeddable":true,"href":"https:\/\/www.europesays.com\/fi\/wp-json\/wp\/v2\/comments?post=143813"}],"version-history":[{"count":0,"href":"https:\/\/www.europesays.com\/fi\/wp-json\/wp\/v2\/posts\/143813\/revisions"}],"wp:featuredmedia":[{"embeddable":true,"href":"https:\/\/www.europesays.com\/fi\/wp-json\/wp\/v2\/media\/143814"}],"wp:attachment":[{"href":"https:\/\/www.europesays.com\/fi\/wp-json\/wp\/v2\/media?parent=143813"}],"wp:term":[{"taxonomy":"category","embeddable":true,"href":"https:\/\/www.europesays.com\/fi\/wp-json\/wp\/v2\/categories?post=143813"},{"taxonomy":"post_tag","embeddable":true,"href":"https:\/\/www.europesays.com\/fi\/wp-json\/wp\/v2\/tags?post=143813"}],"curies":[{"name":"wp","href":"https:\/\/api.w.org\/{rel}","templated":true}]}}