{"id":143821,"date":"2026-01-16T08:58:06","date_gmt":"2026-01-16T08:58:06","guid":{"rendered":"https:\/\/www.europesays.com\/fi\/143821\/"},"modified":"2026-01-16T08:58:06","modified_gmt":"2026-01-16T08:58:06","slug":"kolme-saksalaista-lumikenkailijaa-ylitti-laittomasti-suomen-ja-venajan-rajan","status":"publish","type":"post","link":"https:\/\/www.europesays.com\/fi\/143821\/","title":{"rendered":"Kolme saksalaista lumikenk\u00e4ilij\u00e4\u00e4 ylitti laittomasti Suomen ja Ven\u00e4j\u00e4n rajan"},"content":{"rendered":"<p>Kuusamo|Miehet my\u00f6nsiv\u00e4t ylitt\u00e4neens\u00e4 rajan uteliaisuuden takia.<\/p>\n<p>Lue tiivistelm\u00e4<\/p>\n<p class=\"article-body mb-nof-24 px-nof-16 sndp-summary-bullet-point-font\">Kolme saksalaista turistia ylitti laittomasti Suomen ja Ven\u00e4j\u00e4n rajan Kuusamon Paljakassa keskiviikkona.<\/p>\n<p class=\"article-body mb-nof-24 px-nof-16 sndp-summary-bullet-point-font\">Lumikengill\u00e4 liikkuneet miehet my\u00f6nsiv\u00e4t ylitt\u00e4neens\u00e4 rajan uteliaisuudesta.<\/p>\n<p class=\"article-body mb-nof-24 px-nof-16 sndp-summary-bullet-point-font\">Kainuun rajavartioston partio tavoitti miehet heti tapahtuneen j\u00e4lkeen, ja rajavartiosto tutkii tapausta valtionrajarikoksena.<\/p>\n<p class=\"article-body mb-nof-24 px-nof-16\">Kainuun rajavartiosto tutkii ep\u00e4ilty\u00e4 valtionrajarikosta Kuusamon Paljakassa. Kolmen saksalaisen turistin ep\u00e4ill\u00e4\u00e4n ylitt\u00e4neen laittomasti Suomen ja Ven\u00e4j\u00e4n v\u00e4lisen rajan keskiviikkoiltana.<\/p>\n<p class=\"article-body mb-nof-24 px-nof-16\">Parikymppiset miehet liikkuivat lumikengill\u00e4. He olivat k\u00e4velleet muutaman kilometrin tielt\u00e4 kohti rajaa aikeinaan ylitt\u00e4\u00e4 se, kertoo Kainuun rajavartioston tutkinnanjohtaja kapteeni <a class=\"font-bold underline-offset-[0.12em] [text-decoration:var(--person-link-text-decoration)] ![text-decoration-color:var(--person-link-text-decoration-color)]\" href=\"https:\/\/www.hs.fi\/haku\/?query=Juha%20Romppanen\" rel=\"nofollow noopener\" target=\"_blank\">Juha Romppanen<\/a> HS:lle.<\/p>\n<p class=\"article-body mb-nof-24 px-nof-16\">Kainuun rajavartioston partio tavoitti heid\u00e4t valtakunnan rajan l\u00e4heisyydest\u00e4 heti tapahtuneen j\u00e4lkeen. Alue on syrj\u00e4inen, eik\u00e4 tapahtumapaikalla ole raja-aitaa.<\/p>\n<p class=\"article-body mb-nof-24 px-nof-16\">\u201dHe ovat my\u00f6nt\u00e4neet tienneens\u00e4, ett\u00e4 toiminta on kielletty\u00e4, ja toimineensa uteliaisuudesta\u201d, Romppanen sanoo.<\/p>\n<p class=\"article-body mb-nof-24 px-nof-16\">Romppasen mukaan miehet k\u00e4viv\u00e4t rajalla ja eteniv\u00e4t Ven\u00e4j\u00e4lle muutaman metrin. Ven\u00e4j\u00e4 ei ilmeisesti huomannut rajanylityst\u00e4. Kainuun alueen rajavaltuutettu oli yhteydess\u00e4 Ven\u00e4j\u00e4n Kalevalan alueen rajavaltuutettuun ja kertoi asiasta.<\/p>\n<p class=\"article-body mb-nof-24 px-nof-16\">Saksalaiset jatkavat lomaansa Suomessa ja poistuvat loman loputtua. Kainuun rajavartiosto suorittaa esitutkinnan ja pyrkii toimittamaan turisteille haasteen ennen n\u00e4iden poistumista, mik\u00e4li syytt\u00e4j\u00e4 p\u00e4\u00e4tt\u00e4\u00e4 syytteiden nostamisesta.<\/p>\n<p class=\"article-body mb-nof-24 px-nof-16\">Valtionrajarikoksesta voidaan tuomita sakkoja tai korkeintaan vuosi vankeutta.<\/p>\n","protected":false},"excerpt":{"rendered":"Kuusamo|Miehet my\u00f6nsiv\u00e4t ylitt\u00e4neens\u00e4 rajan uteliaisuuden takia. Lue tiivistelm\u00e4 Kolme saksalaista turistia ylitti laittomasti Suomen ja Ven\u00e4j\u00e4n rajan Kuusamon&hellip;\n","protected":false},"author":2,"featured_media":96697,"comment_status":"","ping_status":"","sticky":false,"template":"","format":"standard","meta":{"footnotes":""},"categories":[12],"tags":[22,23,26,27,33,31,30,17,46,24,25,28,29,15,18,21,32,19,20,16],"class_list":{"0":"post-143821","1":"post","2":"type-post","3":"status-publish","4":"format-standard","5":"has-post-thumbnail","7":"category-suomi","8":"tag-breaking-news","9":"tag-breakingnews","10":"tag-featured-news","11":"tag-featurednews","12":"tag-fi","13":"tag-finland","14":"tag-finnish","15":"tag-headlines","16":"tag-helsingin-sanomat","17":"tag-latest-news","18":"tag-latestnews","19":"tag-main-news","20":"tag-mainnews","21":"tag-news","22":"tag-otsikot","23":"tag-paauutiset","24":"tag-suomi","25":"tag-top-stories","26":"tag-topstories","27":"tag-uutiset"},"share_on_mastodon":{"url":"https:\/\/pubeurope.com\/@fi\/115903955287534089","error":""},"_links":{"self":[{"href":"https:\/\/www.europesays.com\/fi\/wp-json\/wp\/v2\/posts\/143821","targetHints":{"allow":["GET"]}}],"collection":[{"href":"https:\/\/www.europesays.com\/fi\/wp-json\/wp\/v2\/posts"}],"about":[{"href":"https:\/\/www.europesays.com\/fi\/wp-json\/wp\/v2\/types\/post"}],"author":[{"embeddable":true,"href":"https:\/\/www.europesays.com\/fi\/wp-json\/wp\/v2\/users\/2"}],"replies":[{"embeddable":true,"href":"https:\/\/www.europesays.com\/fi\/wp-json\/wp\/v2\/comments?post=143821"}],"version-history":[{"count":0,"href":"https:\/\/www.europesays.com\/fi\/wp-json\/wp\/v2\/posts\/143821\/revisions"}],"wp:featuredmedia":[{"embeddable":true,"href":"https:\/\/www.europesays.com\/fi\/wp-json\/wp\/v2\/media\/96697"}],"wp:attachment":[{"href":"https:\/\/www.europesays.com\/fi\/wp-json\/wp\/v2\/media?parent=143821"}],"wp:term":[{"taxonomy":"category","embeddable":true,"href":"https:\/\/www.europesays.com\/fi\/wp-json\/wp\/v2\/categories?post=143821"},{"taxonomy":"post_tag","embeddable":true,"href":"https:\/\/www.europesays.com\/fi\/wp-json\/wp\/v2\/tags?post=143821"}],"curies":[{"name":"wp","href":"https:\/\/api.w.org\/{rel}","templated":true}]}}