{"id":143822,"date":"2026-01-16T08:59:08","date_gmt":"2026-01-16T08:59:08","guid":{"rendered":"https:\/\/www.europesays.com\/fi\/143822\/"},"modified":"2026-01-16T08:59:08","modified_gmt":"2026-01-16T08:59:08","slug":"hakkuut-keskeyttaneet-aktivistit-tuomittiin-sakkoihin-ja-23-000-euron-vahingonkorvauksiin","status":"publish","type":"post","link":"https:\/\/www.europesays.com\/fi\/143822\/","title":{"rendered":"Hakkuut keskeytt\u00e4neet aktivistit tuomittiin sakkoihin ja 23\u202f000 euron vahingonkorvauksiin"},"content":{"rendered":"<p>Mets\u00e4liike|Lapin k\u00e4r\u00e4j\u00e4oikeus antoi tuomiot Aalistunturin hakkuiden keskeytt\u00e4misest\u00e4. Viiankiaavan mielenosoitusta koskevasta niskoittelusyytteest\u00e4 luovuttiin.<\/p>\n<p>15.1. 11:44 | P\u00e4ivitetty 10:12<\/p>\n<p>Lue tiivistelm\u00e4<\/p>\n<p class=\"article-body mb-nof-24 px-nof-16 sndp-summary-bullet-point-font\">Lapin k\u00e4r\u00e4j\u00e4oikeus tuomitsi torstaina seitsem\u00e4n aktivistia sakkoihin Kolarin Aalistunturin hakkuiden keskeytt\u00e4misest\u00e4 tammikuussa 2023.<\/p>\n<p class=\"article-body mb-nof-24 px-nof-16 sndp-summary-bullet-point-font\">Mets\u00e4liikkeen ja Elokapinan aktivistit tuomittiin niskoittelusta poliisia vastaan ja hallinnan loukkauksesta. Heid\u00e4n on maksettava yhteisesti Mets\u00e4hallitus Mets\u00e4talous oy:lle 22\u202f870 euron vahingonkorvaukset.<\/p>\n<p class=\"article-body mb-nof-24 px-nof-16 sndp-summary-bullet-point-font\">Puolustuksen avustaja, juristi Tuuli Talvinko aikoo valittaa tuomiosta hovioikeuteen ja kuvaili oikeudenk\u00e4ynti\u00e4 absurdiksi.<\/p>\n<p class=\"article-body mb-nof-24 px-nof-16 sndp-summary-bullet-point-font\">Syytt\u00e4j\u00e4 luopui niskoittelusyytteest\u00e4 aktivisti Ida Korhosta vastaan Sodankyl\u00e4n Viiankiaavalla asian v\u00e4h\u00e4isyyden vuoksi.<\/p>\n<p class=\"article-body mb-nof-24 px-nof-16\">Lapin k\u00e4r\u00e4j\u00e4oikeus tuomitsi torstaina illansuussa seitsem\u00e4n aktivistia sakkoihin L\u00e4nsi-Lapin Kolarissa sijaitsevan Aalistunturin hakkuiden keskeytt\u00e4misest\u00e4. Yhden syytteet hyl\u00e4ttiin.<\/p>\n<p class=\"article-body mb-nof-24 px-nof-16\">Lis\u00e4ksi mielenosoittajat tuomittiin yhteisesti maksamaan Mets\u00e4hallitus Mets\u00e4talous oy:lle 22\u202f870 euron vahingonkorvaukset sek\u00e4 4\u202f600 euron oikeudenk\u00e4yntikulut.<\/p>\n<p class=\"article-body mb-nof-24 px-nof-16\">K\u00e4r\u00e4j\u00e4tuomari <a class=\"font-bold underline-offset-[0.12em] [text-decoration:var(--person-link-text-decoration)] ![text-decoration-color:var(--person-link-text-decoration-color)]\" href=\"https:\/\/www.hs.fi\/haku\/?query=Ilkka%20Komulainen\" rel=\"nofollow noopener\" target=\"_blank\">Ilkka Komulainen<\/a> katsoi, ett\u00e4 Mets\u00e4liikkeen ja Elokapinan aktivistit syyllistyiv\u00e4t niskoitteluun poliisia vastaan ja hallinnan loukkaukseen Aalistunturilla tammikuussa 2023.<\/p>\n<p class=\"article-body mb-nof-24 px-nof-16\">Hallinnan loukkauksesta oli k\u00e4r\u00e4j\u00e4oikeuden mukaan kysymys, kun aktivistit leiriytyiv\u00e4t Mets\u00e4hallituksen hallinnassa olevalle mets\u00e4tielle ja estiv\u00e4t hakkuukoneita kulkemasta hakkuualueella.<\/p>\n<p class=\"article-body mb-nof-24 px-nof-16\">Niskoittelun aktivistit syyllistyiv\u00e4t, koska he eiv\u00e4t suostuneet poistumaan alueelta. Poliisi otti aktivistit kiinni ja vei Rovaniemelle putkaan.<\/p>\n<p class=\"article-body mb-nof-24 px-nof-16\">\u201dPaska fiilis. Vituttaa\u201d, tiivisti yksi aktivisteista <a class=\"font-bold underline-offset-[0.12em] [text-decoration:var(--person-link-text-decoration)] ![text-decoration-color:var(--person-link-text-decoration-color)]\" href=\"https:\/\/www.hs.fi\/haku\/?query=Ville%20Murmann\" rel=\"nofollow noopener\" target=\"_blank\">Ville Murmann<\/a> p\u00e4\u00e4t\u00f6ksen kuultuaan.<\/p>\n<p class=\"article-body mb-nof-24 px-nof-16\">My\u00f6s aktivistien avustaja <a class=\"font-bold underline-offset-[0.12em] [text-decoration:var(--person-link-text-decoration)] ![text-decoration-color:var(--person-link-text-decoration-color)]\" href=\"https:\/\/www.hs.fi\/haku\/?query=Tuuli%20Talvinko\" rel=\"nofollow noopener\" target=\"_blank\">Tuuli Talvinko<\/a> Lakiasiantoimisto Maailmasta oli pettynyt tuomioon. H\u00e4n aikoo heti ilmoittaa tyytym\u00e4tt\u00f6myytt\u00e4 tuomioon.<\/p>\n<p class=\"article-body mb-nof-24 px-nof-16\">\u201dPid\u00e4n tuomiota t\u00e4ysin uskomattomana. Haluan valittaa siit\u00e4 hovioikeuteen\u201d, Talvinko sanoi.<\/p>\n<p class=\"article-body mb-nof-24 px-nof-16\">Koeporauskontin toimintaa Sodankyl\u00e4n Viiankiaavalla pys\u00e4ytt\u00e4m\u00e4ss\u00e4 ollut aktivisti <a class=\"font-bold underline-offset-[0.12em] [text-decoration:var(--person-link-text-decoration)] ![text-decoration-color:var(--person-link-text-decoration-color)]\" href=\"https:\/\/www.hs.fi\/haku\/?query=Ida%20Korhonen\" rel=\"nofollow noopener\" target=\"_blank\">Ida Korhonen<\/a> v\u00e4lttyi syytteelt\u00e4, joka koski niskoittelua poliisia vastaan.<\/p>\n<p class=\"article-body mb-nof-24 px-nof-16\">Pohjois-Suomen aluesyytt\u00e4j\u00e4 <a class=\"font-bold underline-offset-[0.12em] [text-decoration:var(--person-link-text-decoration)] ![text-decoration-color:var(--person-link-text-decoration-color)]\" href=\"https:\/\/www.hs.fi\/haku\/?query=Kimmo%20Vakkala\" rel=\"nofollow noopener\" target=\"_blank\">Kimmo Vakkala<\/a> ilmoitti kesken oikeudenk\u00e4ynnin luopuvansa kyseisest\u00e4 syytekohdasta asian v\u00e4h\u00e4isyyden vuoksi.<\/p>\n<p class=\"article-body mb-nof-24 px-nof-16\">Korhonen osallistui Viiankiaavan aapasuolla helmikuussa 2024 mielenosoitukseen, joka vastusti Anglo American Sakatti Mining -yhti\u00f6n kaivoshanketta.<\/p>\n<p class=\"article-body mb-nof-24 px-nof-16\">\u201dOlen tyytyv\u00e4inen t\u00e4h\u00e4n. P\u00e4\u00e4t\u00f6s tuntuu oikeudenmukaiselta\u201d, Ida Korhonen sanoi.<\/p>\n<p class=\"article-body mb-nof-24 px-nof-16\">\u201dJo alun perin tuntui erikoiselta, miten voi joutua syytteeseen siit\u00e4, ett\u00e4 yritt\u00e4\u00e4 suojella luontoa luonnonsuojelualueella.\u201d<\/p>\n<p><img decoding=\"async\" src=\"https:\/\/www.europesays.com\/fi\/wp-content\/uploads\/2026\/01\/1768553947_110_468.jpg\" alt=\"Ida Korhonen v\u00e4lttyi syytteelt\u00e4 Viiankiaavan syv\u00e4kairauskontin pys\u00e4ytt\u00e4misest\u00e4.\" class=\"_Img_1rerz_1\" style=\"aspect-ratio:0.6666666666666666\" loading=\"eager\"\/><\/p>\n<p class=\"article-picture-caption\">Ida Korhonen v\u00e4lttyi syytteelt\u00e4 Viiankiaavan syv\u00e4kairauskontin pys\u00e4ytt\u00e4misest\u00e4. Kuva:\u00a0Matti Pietola \/ HS<\/p>\n<p class=\"article-body mb-nof-24 px-nof-16\">Periaatteellinen p\u00e4\u00e4t\u00f6s asiasta j\u00e4\u00e4 kuitenkin nyt saamatta.<\/p>\n<p class=\"article-body mb-nof-24 px-nof-16\">\u201dNyt j\u00e4\u00e4 puuttumaan oikeusj\u00e4rjestelm\u00e4n sis\u00e4inen keskustelu siit\u00e4, mik\u00e4 on oikein. Huolestuttaa se, ett\u00e4 jos kaivos perustetaan, luonnonsuojelua puretaan teollista toimintaa varten\u201d, Korhonen sanoi.<\/p>\n<p class=\"article-body mb-nof-24 px-nof-16\">\u201dPelottaa, ett\u00e4 sellainen yleistyy Suomessa samalla, kun kansalaisyhteiskuntaa hiljennet\u00e4\u00e4n.\u201d<\/p>\n<p class=\"article-body mb-nof-24 px-nof-16\">Kolarin Aalistunturin hakkuiden pys\u00e4ytt\u00e4mist\u00e4 koskevien syytteiden k\u00e4sittely sen sijaan jatkui torstaihin illansuuhun Lapin k\u00e4r\u00e4j\u00e4oikeudessa Rovaniemell\u00e4.<\/p>\n<p class=\"article-body mb-nof-24 px-nof-16\">Syytettyin\u00e4 oli kaikkiaan kahdeksan Mets\u00e4liikkeen ja Elokapinan aktivistia. My\u00f6s Aalistunturin aktivisteihin kuuluva Korhonen oli mukana n\u00e4iss\u00e4 syytteiss\u00e4 ja sai tuomiot sek\u00e4 niskoittelusta poliisia vastaan ja hallinnan loukkauksesta.<\/p>\n<p><img decoding=\"async\" src=\"https:\/\/www.europesays.com\/fi\/wp-content\/uploads\/2026\/01\/1768553948_383_468.jpg\" alt=\"Mets\u00e4liikkeen mielenosoittajia avustaja juristi Tuuli Talvinko ja vastaaja Olli Holm\u00e9n menossa oikeuden istuntoon torstaina.\" class=\"_Img_1rerz_1\" style=\"aspect-ratio:1.5\" loading=\"eager\"\/><\/p>\n<p class=\"article-picture-caption\">Mets\u00e4liikkeen mielenosoittajia avustaja juristi Tuuli Talvinko ja vastaaja Olli Holm\u00e9n menossa oikeuden istuntoon torstaina. Kuva:\u00a0Matti Pietola \/ HS<\/p>\n<p><img decoding=\"async\" src=\"https:\/\/www.europesays.com\/fi\/wp-content\/uploads\/2026\/01\/1768553948_313_468.jpg\" alt=\"Mets\u00e4liikkeen ja Elokapinan edustajat odottelivat istunnon alkamista varhain torstaina. K\u00e4r\u00e4j\u00e4oikeuden aulassa Mikko Jaakonsaari (vas,) Mette Hartonen, Ida Korhonen, Ville Murmann ja Saga Kampman.\" class=\"_Img_1rerz_1\" style=\"aspect-ratio:1.5\" loading=\"eager\"\/><\/p>\n<p class=\"article-picture-caption\">Mets\u00e4liikkeen ja Elokapinan edustajat odottelivat istunnon alkamista varhain torstaina. K\u00e4r\u00e4j\u00e4oikeuden aulassa Mikko Jaakonsaari (vas,) Mette Hartonen, Ida Korhonen, Ville Murmann ja Saga Kampman. Kuva:\u00a0Matti Pietola \/ HS<\/p>\n<p class=\"article-body mb-nof-24 px-nof-16\">Aalistunturin aktivisteja syytettiin niskoittelusta poliisia vastaan ja hallinnan loukkauksesta. Syytteen mukaan aktivistit syyllistyiv\u00e4t hallinnan loukkaukseen, kun he k\u00e4yttiv\u00e4t luvatta Suomen valtion tiet\u00e4 leiriytymiseen ja autojen pys\u00e4k\u00f6imiseen.<\/p>\n<p class=\"article-body mb-nof-24 px-nof-16\">Mets\u00e4hallituksen mets\u00e4talousyhti\u00f6 vaatii aktivisteilta yhteisesti 22\u202f870 euron korvauksia korkoineen hakkuiden keskeytyksest\u00e4 Aalistunturilla.<\/p>\n<p class=\"article-body mb-nof-24 px-nof-16\">Oikeudessa kuultiin todistajina poliiseja, jotka olivat olleet paikalla talvella 2023.<\/p>\n<p class=\"article-body mb-nof-24 px-nof-16\">Poliisit oli kutsuttu paikalle, koska mets\u00e4koneen kuljettaja ei ollut p\u00e4\u00e4ssyt hakkuualueelle mielenosoituksen vuoksi.<\/p>\n<p class=\"article-body mb-nof-24 px-nof-16\">Poliisien muistikuvien mukaan osa mielenosoittajista noudatti poistumisk\u00e4skyj\u00e4, osa ei. Kielt\u00e4ytyneet otettiin kiinni ja toimitettiin putkaan Rovaniemelle.<\/p>\n<p class=\"article-body mb-nof-24 px-nof-16\">Syytt\u00e4j\u00e4 Vakkala totesi loppulausunnossaan, ett\u00e4 sek\u00e4 niskoittelu ett\u00e4 hallinnan loukkaus olivat ilmiselvi\u00e4. Mielenosoittajien p\u00e4\u00e4m\u00e4\u00e4r\u00e4 oli est\u00e4\u00e4 hakkuut keinonaan tien tukkiminen.<\/p>\n<p class=\"article-body mb-nof-24 px-nof-16\">\u201dTahallisuus ja tietoisuus ylt\u00e4\u00e4 kaikkiin keskeisiin seikkoihin. Tietoisesti ja laskelmoidusti on aiheutettu isoa taloudellista vahinkoa\u201d, Vakkala sanoi.<\/p>\n<p class=\"article-body mb-nof-24 px-nof-16\">Mets\u00e4hallituksen juristi <a class=\"font-bold underline-offset-[0.12em] [text-decoration:var(--person-link-text-decoration)] ![text-decoration-color:var(--person-link-text-decoration-color)]\" href=\"https:\/\/www.hs.fi\/haku\/?query=Timo%20M%C3%A4enp%C3%A4%C3%A4\" rel=\"nofollow noopener\" target=\"_blank\">Timo M\u00e4enp\u00e4\u00e4<\/a> muistutti, ett\u00e4 hakkuuty\u00f6 edellytt\u00e4\u00e4 tieyhteytt\u00e4. Koska mielenosoittajat katkaisivat sen, he syyllistyiv\u00e4t hallinnan loukkaukseen.<\/p>\n<p class=\"article-body mb-nof-24 px-nof-16\">Mets\u00e4hallituksen hallinnoiman tien k\u00e4ytt\u00e4minen estyi. Mets\u00e4hallituksen mets\u00e4talousyhti\u00f6lle aiheutui huomattavaa ja suoraa taloudellista vahinkoa, sill\u00e4 yhti\u00f6 maksoi koneyritt\u00e4j\u00e4lle 22\u202f870 euron korvaukset hakkuiden keskeytymisest\u00e4.<\/p>\n<blockquote class=\"p-[var(--citation-padding)] m-[var(--citation-margin)] border-y-[length:var(--citation-border-width)] border-y-[color:var(--citation-border-color)]\">\n<p>\u201dSelk\u00e4piit\u00e4 karmivaa ja absurdia.\u201d \u2013 puolustuksen avustaja Tuuli Talvinko<\/p>\n<\/blockquote>\n<p class=\"article-body mb-nof-24 px-nof-16\">Puolustuksen avustaja, juristi <a class=\"font-bold underline-offset-[0.12em] [text-decoration:var(--person-link-text-decoration)] ![text-decoration-color:var(--person-link-text-decoration-color)]\" href=\"https:\/\/www.hs.fi\/haku\/?query=Tuuli%20Talvinko\" rel=\"nofollow noopener\" target=\"_blank\">Tuuli Talvinko<\/a> Lakiasiaintoimisto Maailmasta kuvaili koko oikeudenk\u00e4ynti\u00e4 selk\u00e4piit\u00e4 karmivaksi ja absurdiksi, \u201dDDR-tyyppiseksi keskusteluksi\u201d, jossa rikokseksi on todettu mielenosoitus itsess\u00e4\u00e4n..<\/p>\n<p class=\"article-body mb-nof-24 px-nof-16\">Talvinko totesi t\u00e4ysin riidattomaksi, ett\u00e4 osa syytetyist\u00e4 on ollut mielenosoituksessa ja ett\u00e4 heid\u00e4n tarkoituksenaan on ollut blokata tie eli est\u00e4\u00e4 ajoneuvojen liikkuminen.<\/p>\n<p class=\"article-body mb-nof-24 px-nof-16\">\u201dSe on my\u00f6s t\u00e4ysin laillista kokoontumisvapauden k\u00e4ytt\u00f6\u00e4. Mielenosoitus on j\u00e4rjestetty yleisell\u00e4 paikalla, Mets\u00e4hallituksen yll\u00e4pit\u00e4m\u00e4ll\u00e4 tiell\u00e4. Se on t\u00e4ysin sallittu mielenosoituspaikka\u201d, Talvinko sanoi.<\/p>\n<p class=\"article-body mb-nof-24 px-nof-16\">Syytetyist\u00e4 viisi on my\u00f6nt\u00e4nyt syyllistyneens\u00e4 niskoitteluun poliisia vastaan. Sen sijaan kolme kiinni otetuista ei ole, sill\u00e4 he eiv\u00e4t Talvingon mukaan laiminly\u00f6neet k\u00e4skyjen noudattamista.<\/p>\n<p class=\"article-body mb-nof-24 px-nof-16\">Mets\u00e4hallituksen korvausvaatimus perustuu Talvingon mukaan puhtaasti varallisuusvahinkoon. Mets\u00e4hallituksella ei ole sopimusten perusteella ollut mit\u00e4\u00e4n velvollisuutta maksaa korvausta, vaan se on ollut Mets\u00e4hallituksen oma itsen\u00e4inen p\u00e4\u00e4t\u00f6s.<\/p>\n<p class=\"article-body mb-nof-24 px-nof-16\">Mets\u00e4liike on k\u00e4ynnist\u00e4nyt joukkorahoituskampanjan Aalistunturin aktivistien tukemiseksi. Tavoitteena on ker\u00e4t\u00e4 22\u202f000 euroa.<\/p>\n<p class=\"article-body mb-nof-24 px-nof-16\">Viiankiaavan kohdalla Talvinko vetosi pakkotilaan, jossa Ida Korhosella ei ollut muuta mahdollisuutta est\u00e4\u00e4 kairauksia suojellulla luontoalueella.<\/p>\n<p class=\"article-body mb-nof-24 px-nof-16\">\u201dViiankiaapa on kaksinkertaisesti suojeltu, ja kaivoshanke on laiton. Kaikki mahdollinen on jo tehty, sill\u00e4 vahvat suojelulait ovat jo voimassa\u201d, Talvinko totesi.<\/p>\n<p class=\"article-body mb-nof-24 px-nof-16\">Viiankiaapa oli Korhoselle tuttu ennen kaikkea monimuotoisena ja upeana aapasuona.<\/p>\n<p class=\"article-body mb-nof-24 px-nof-16\">\u201dTiesin kaivoshankkeesta, mutta luotin siihen, ett\u00e4 laki suojelee alueen. Kun kuulin kairauksista ja mielenosoituksesta, tuntui, ett\u00e4 minun on pakko menn\u00e4 sinne\u201d, Korhonen sanoi oikeudessa.<\/p>\n<p class=\"article-body mb-nof-24 px-nof-16\">\u201dEih\u00e4n suojelua voi ruveta purkamaan kansainv\u00e4lisen kaivosyhti\u00f6n vaatimuksesta.\u201d<\/p>\n<p class=\"article-body mb-nof-24 px-nof-16\">Viiankiaapa on Euroopan viimeisi\u00e4 luonnontilaisia aapasoita. Alue on luonnonsuojelulain nojalla suojeltu erityisalue ja kuuluu lis\u00e4ksi Natura 2000 -ohjelmaan.<\/p>\n<p class=\"article-body mb-nof-24 px-nof-16\">Aapasuo on EU:n luontodirektiivin mukainen ensisijaisesti suojeltu luontotyyppi, jonka suojelusta Suomi on vastuussa.<\/p>\n","protected":false},"excerpt":{"rendered":"Mets\u00e4liike|Lapin k\u00e4r\u00e4j\u00e4oikeus antoi tuomiot Aalistunturin hakkuiden keskeytt\u00e4misest\u00e4. Viiankiaavan mielenosoitusta koskevasta niskoittelusyytteest\u00e4 luovuttiin. 15.1. 11:44 | P\u00e4ivitetty 10:12 Lue&hellip;\n","protected":false},"author":2,"featured_media":143823,"comment_status":"","ping_status":"","sticky":false,"template":"","format":"standard","meta":{"footnotes":""},"categories":[5],"tags":[22,23,26,27,33,31,30,17,46,24,25,28,29,15,18,21,32,19,20,16],"class_list":{"0":"post-143822","1":"post","2":"type-post","3":"status-publish","4":"format-standard","5":"has-post-thumbnail","7":"category-otsikot","8":"tag-breaking-news","9":"tag-breakingnews","10":"tag-featured-news","11":"tag-featurednews","12":"tag-fi","13":"tag-finland","14":"tag-finnish","15":"tag-headlines","16":"tag-helsingin-sanomat","17":"tag-latest-news","18":"tag-latestnews","19":"tag-main-news","20":"tag-mainnews","21":"tag-news","22":"tag-otsikot","23":"tag-paauutiset","24":"tag-suomi","25":"tag-top-stories","26":"tag-topstories","27":"tag-uutiset"},"share_on_mastodon":{"url":"https:\/\/pubeurope.com\/@fi\/115903959049026561","error":""},"_links":{"self":[{"href":"https:\/\/www.europesays.com\/fi\/wp-json\/wp\/v2\/posts\/143822","targetHints":{"allow":["GET"]}}],"collection":[{"href":"https:\/\/www.europesays.com\/fi\/wp-json\/wp\/v2\/posts"}],"about":[{"href":"https:\/\/www.europesays.com\/fi\/wp-json\/wp\/v2\/types\/post"}],"author":[{"embeddable":true,"href":"https:\/\/www.europesays.com\/fi\/wp-json\/wp\/v2\/users\/2"}],"replies":[{"embeddable":true,"href":"https:\/\/www.europesays.com\/fi\/wp-json\/wp\/v2\/comments?post=143822"}],"version-history":[{"count":0,"href":"https:\/\/www.europesays.com\/fi\/wp-json\/wp\/v2\/posts\/143822\/revisions"}],"wp:featuredmedia":[{"embeddable":true,"href":"https:\/\/www.europesays.com\/fi\/wp-json\/wp\/v2\/media\/143823"}],"wp:attachment":[{"href":"https:\/\/www.europesays.com\/fi\/wp-json\/wp\/v2\/media?parent=143822"}],"wp:term":[{"taxonomy":"category","embeddable":true,"href":"https:\/\/www.europesays.com\/fi\/wp-json\/wp\/v2\/categories?post=143822"},{"taxonomy":"post_tag","embeddable":true,"href":"https:\/\/www.europesays.com\/fi\/wp-json\/wp\/v2\/tags?post=143822"}],"curies":[{"name":"wp","href":"https:\/\/api.w.org\/{rel}","templated":true}]}}