{"id":143836,"date":"2026-01-16T09:23:10","date_gmt":"2026-01-16T09:23:10","guid":{"rendered":"https:\/\/www.europesays.com\/fi\/143836\/"},"modified":"2026-01-16T09:23:10","modified_gmt":"2026-01-16T09:23:10","slug":"etela-korean-ex-presidentti-yoon-suk-yeol-sai-viiden-vuoden-vankeustuomion","status":"publish","type":"post","link":"https:\/\/www.europesays.com\/fi\/143836\/","title":{"rendered":"Etel\u00e4-Korean ex-presidentti Yoon Suk-yeol sai viiden vuoden vankeustuomion"},"content":{"rendered":"<p>Yoon Suk-yeolia vastaan on nostettu useita rikossyytteit\u00e4.<\/p>\n<p class=\"article-body mb-nof-24 px-nof-16\">Etel\u00e4-Korean entinen presidentti <a class=\"font-bold underline-offset-[0.12em] [text-decoration:var(--person-link-text-decoration)] ![text-decoration-color:var(--person-link-text-decoration-color)]\" href=\"https:\/\/www.is.fi\/haku\/?query=Yoon%20Suk-yeol\" rel=\"nofollow noopener\" target=\"_blank\">Yoon Suk-yeol<\/a> tuomittiin perjantaina viideksi vuodeksi vankeuteen, kertoo Reuters. Yoonia syytettiin muun muassa yrityksest\u00e4 est\u00e4\u00e4 oma pid\u00e4tyksens\u00e4.<\/p>\n<p class=\"article-body mb-nof-24 px-nof-16\">Viranomaiset antoivat Yoonista pid\u00e4tysm\u00e4\u00e4r\u00e4yksen sen j\u00e4lkeen, kun t\u00e4m\u00e4 ep\u00e4onnistui poikkeustilan julistamisessa maahan joulukuussa 2024. Yoon kielt\u00e4ytyi noudattamasta poikkeustilalain julistamiseen liittyv\u00e4\u00e4 laillista prosessia.<\/p>\n<p class=\"article-body mb-nof-24 px-nof-16\">Yoon tuomittiin syylliseksi my\u00f6s virallisten dokumenttien v\u00e4\u00e4rent\u00e4misest\u00e4.<\/p>\n<p class=\"article-body mb-nof-24 px-nof-16\">Yoonia vastaan on nostettu useita rikossyytteit\u00e4, jotka liittyv\u00e4t ep\u00e4onnistuneeseen poikkeustilan julistamiseen. Perjantaina h\u00e4n sai tuomion ensimm\u00e4isist\u00e4 syytteist\u00e4.<\/p>\n<p class=\"article-body mb-nof-24 px-nof-16\">Tuomiosta on mahdollista valittaa.<\/p>\n","protected":false},"excerpt":{"rendered":"Yoon Suk-yeolia vastaan on nostettu useita rikossyytteit\u00e4. Etel\u00e4-Korean entinen presidentti Yoon Suk-yeol tuomittiin perjantaina viideksi vuodeksi vankeuteen, kertoo&hellip;\n","protected":false},"author":2,"featured_media":143837,"comment_status":"","ping_status":"","sticky":false,"template":"","format":"standard","meta":{"footnotes":""},"categories":[14],"tags":[22,23,26,27,33,31,30,17,34,24,25,28,29,15,18,21,32,19,20,56,16,59,60,61],"class_list":{"0":"post-143836","1":"post","2":"type-post","3":"status-publish","4":"format-standard","5":"has-post-thumbnail","7":"category-ulkomaat","8":"tag-breaking-news","9":"tag-breakingnews","10":"tag-featured-news","11":"tag-featurednews","12":"tag-fi","13":"tag-finland","14":"tag-finnish","15":"tag-headlines","16":"tag-ilta-sanomat","17":"tag-latest-news","18":"tag-latestnews","19":"tag-main-news","20":"tag-mainnews","21":"tag-news","22":"tag-otsikot","23":"tag-paauutiset","24":"tag-suomi","25":"tag-top-stories","26":"tag-topstories","27":"tag-ulkomaat","28":"tag-uutiset","29":"tag-world","30":"tag-world-news","31":"tag-worldnews"},"share_on_mastodon":{"url":"https:\/\/pubeurope.com\/@fi\/115904053506520876","error":""},"_links":{"self":[{"href":"https:\/\/www.europesays.com\/fi\/wp-json\/wp\/v2\/posts\/143836","targetHints":{"allow":["GET"]}}],"collection":[{"href":"https:\/\/www.europesays.com\/fi\/wp-json\/wp\/v2\/posts"}],"about":[{"href":"https:\/\/www.europesays.com\/fi\/wp-json\/wp\/v2\/types\/post"}],"author":[{"embeddable":true,"href":"https:\/\/www.europesays.com\/fi\/wp-json\/wp\/v2\/users\/2"}],"replies":[{"embeddable":true,"href":"https:\/\/www.europesays.com\/fi\/wp-json\/wp\/v2\/comments?post=143836"}],"version-history":[{"count":0,"href":"https:\/\/www.europesays.com\/fi\/wp-json\/wp\/v2\/posts\/143836\/revisions"}],"wp:featuredmedia":[{"embeddable":true,"href":"https:\/\/www.europesays.com\/fi\/wp-json\/wp\/v2\/media\/143837"}],"wp:attachment":[{"href":"https:\/\/www.europesays.com\/fi\/wp-json\/wp\/v2\/media?parent=143836"}],"wp:term":[{"taxonomy":"category","embeddable":true,"href":"https:\/\/www.europesays.com\/fi\/wp-json\/wp\/v2\/categories?post=143836"},{"taxonomy":"post_tag","embeddable":true,"href":"https:\/\/www.europesays.com\/fi\/wp-json\/wp\/v2\/tags?post=143836"}],"curies":[{"name":"wp","href":"https:\/\/api.w.org\/{rel}","templated":true}]}}