{"id":143838,"date":"2026-01-16T09:24:08","date_gmt":"2026-01-16T09:24:08","guid":{"rendered":"https:\/\/www.europesays.com\/fi\/143838\/"},"modified":"2026-01-16T09:24:08","modified_gmt":"2026-01-16T09:24:08","slug":"kauppakeskus-ainoa-tapiolassa-pimeana-ilta-sanomat","status":"publish","type":"post","link":"https:\/\/www.europesays.com\/fi\/143838\/","title":{"rendered":"Kauppakeskus Ainoa Tapiolassa pime\u00e4n\u00e4 &#8211; Ilta-Sanomat"},"content":{"rendered":"<p>S\u00e4hk\u00f6katkon piiriss\u00e4 oli l\u00e4hes 2\u202f300 asiakasta.<\/p>\n<p>S\u00e4hk\u00f6katko sai Tapiolan kauppakeskus Ainoan pimenem\u00e4\u00e4n. Video: Lukijan video<\/p>\n<p class=\"article-body mb-nof-24 px-nof-16\">Kauppakeskus Ainoa Espoossa on pimennyt s\u00e4hk\u00f6katkon takia. Espoolainen <a class=\"font-bold underline-offset-[0.12em] [text-decoration:var(--person-link-text-decoration)] ![text-decoration-color:var(--person-link-text-decoration-color)]\" href=\"https:\/\/www.is.fi\/haku\/?query=Pirjo\" rel=\"nofollow noopener\" target=\"_blank\">Pirjo<\/a> kertoo IS:lle, ett\u00e4 kauppakeskus oli jo pime\u00e4n\u00e4, kun h\u00e4n saapui paikalle noin varttia vaille kymmenen.<\/p>\n<p class=\"article-body mb-nof-24 px-nof-16\">S\u00e4hk\u00f6katko on kest\u00e4nyt jo noin puoli tuntia.<\/p>\n<p class=\"article-body mb-nof-24 px-nof-16\">Pirjon mukaan kauppakeskuksessa on \u201dtodella pime\u00e4\u00e4\u201d. H\u00e4n kertoo, ett\u00e4 asiakkaat suunnistavat pime\u00e4ss\u00e4 keskuksessa h\u00e4t\u00e4valojen avulla. Pirjon mukaan keskuksessa on muutamia asiakkaita.<\/p>\n<p><img decoding=\"async\" src=\"https:\/\/www.europesays.com\/fi\/wp-content\/uploads\/2026\/01\/1768555448_975_468.jpg\" alt=\"S\u00e4hk\u00f6katko pimensi kauppakeskus Ainoan.\" class=\"_Img_1rerz_1\" style=\"aspect-ratio:1.3333333333333333\" loading=\"eager\"\/><\/p>\n<p class=\"article-picture-caption\">S\u00e4hk\u00f6katko pimensi kauppakeskus Ainoan. Kuva:\u00a0Lukijan kuva<\/p>\n<p><img decoding=\"async\" src=\"https:\/\/www.europesays.com\/fi\/wp-content\/uploads\/2026\/01\/1768555448_193_468.jpg\" alt=\"\" class=\"_Img_1rerz_1\" style=\"aspect-ratio:0.75\" loading=\"eager\"\/><img decoding=\"async\" src=\"https:\/\/www.europesays.com\/fi\/wp-content\/uploads\/2026\/01\/1768555448_981_468.jpg\" alt=\"S\u00e4hk\u00f6t palasivat Tapiolaan puoli yhdentoista j\u00e4lkeen.\" class=\"_Img_1rerz_1\" style=\"aspect-ratio:0.75\" loading=\"eager\"\/><\/p>\n<p class=\"article-picture-caption\">S\u00e4hk\u00f6t palasivat Tapiolaan puoli yhdentoista j\u00e4lkeen. Kuva:\u00a0Lukijan kuva<\/p>\n<p class=\"article-body mb-nof-24 px-nof-16\">Kauppakeskuksen liikkeet ovat viel\u00e4 kiinni. S\u00e4hk\u00f6keskuksesta huolimatta keskuksesta p\u00e4\u00e4see ulos ja sis\u00e4\u00e4n.<\/p>\n<p class=\"article-body mb-nof-24 px-nof-16\">Pirjo ihmettelee, ett\u00e4 kauppakeskuksessa ei ole tiedotettu tai kuulutettu asiasta mit\u00e4\u00e4n.<\/p>\n<p class=\"article-body mb-nof-24 px-nof-16\">\u2013 T\u00e4m\u00e4 on jopa v\u00e4h\u00e4n pelottavaa.<\/p>\n<p class=\"article-body mb-nof-24 px-nof-16\">Carunan k\u00e4ytt\u00f6p\u00e4\u00e4llikk\u00f6 <a class=\"font-bold underline-offset-[0.12em] [text-decoration:var(--person-link-text-decoration)] ![text-decoration-color:var(--person-link-text-decoration-color)]\" href=\"https:\/\/www.is.fi\/haku\/?query=Jarmo%20Str%C3%B6m\" rel=\"nofollow noopener\" target=\"_blank\">Jarmo Str\u00f6m<\/a> kertoi, ett\u00e4 s\u00e4hk\u00f6t saatiin palautettua kaikille asiakkaille puoli yhdentoista j\u00e4lkeen.<\/p>\n<p class=\"article-body mb-nof-24 px-nof-16\">S\u00e4hk\u00f6katkon aiheutti kaivuri, joka oli osunut s\u00e4hk\u00f6johtoon.<\/p>\n<p class=\"article-body mb-nof-24 px-nof-16\">Kaikkiaan s\u00e4hk\u00f6katkon piiriss\u00e4 oli Str\u00f6min mukaan vajaat 2\u202f300 asiakasta.<\/p>\n<p class=\"article-body nof-ui-body-medium mb-nof-24 px-nof-16\">Artikkelia p\u00e4ivitetty 16.1.2025 kello 11: Lis\u00e4tty Carunan kommentit.<\/p>\n","protected":false},"excerpt":{"rendered":"S\u00e4hk\u00f6katkon piiriss\u00e4 oli l\u00e4hes 2\u202f300 asiakasta. S\u00e4hk\u00f6katko sai Tapiolan kauppakeskus Ainoan pimenem\u00e4\u00e4n. Video: Lukijan video Kauppakeskus Ainoa Espoossa&hellip;\n","protected":false},"author":2,"featured_media":143839,"comment_status":"","ping_status":"","sticky":false,"template":"","format":"standard","meta":{"footnotes":""},"categories":[12],"tags":[22,23,26,27,33,31,30,17,34,24,25,28,29,15,18,21,32,19,20,16],"class_list":{"0":"post-143838","1":"post","2":"type-post","3":"status-publish","4":"format-standard","5":"has-post-thumbnail","7":"category-suomi","8":"tag-breaking-news","9":"tag-breakingnews","10":"tag-featured-news","11":"tag-featurednews","12":"tag-fi","13":"tag-finland","14":"tag-finnish","15":"tag-headlines","16":"tag-ilta-sanomat","17":"tag-latest-news","18":"tag-latestnews","19":"tag-main-news","20":"tag-mainnews","21":"tag-news","22":"tag-otsikot","23":"tag-paauutiset","24":"tag-suomi","25":"tag-top-stories","26":"tag-topstories","27":"tag-uutiset"},"share_on_mastodon":{"url":"https:\/\/pubeurope.com\/@fi\/115904057462904611","error":""},"_links":{"self":[{"href":"https:\/\/www.europesays.com\/fi\/wp-json\/wp\/v2\/posts\/143838","targetHints":{"allow":["GET"]}}],"collection":[{"href":"https:\/\/www.europesays.com\/fi\/wp-json\/wp\/v2\/posts"}],"about":[{"href":"https:\/\/www.europesays.com\/fi\/wp-json\/wp\/v2\/types\/post"}],"author":[{"embeddable":true,"href":"https:\/\/www.europesays.com\/fi\/wp-json\/wp\/v2\/users\/2"}],"replies":[{"embeddable":true,"href":"https:\/\/www.europesays.com\/fi\/wp-json\/wp\/v2\/comments?post=143838"}],"version-history":[{"count":0,"href":"https:\/\/www.europesays.com\/fi\/wp-json\/wp\/v2\/posts\/143838\/revisions"}],"wp:featuredmedia":[{"embeddable":true,"href":"https:\/\/www.europesays.com\/fi\/wp-json\/wp\/v2\/media\/143839"}],"wp:attachment":[{"href":"https:\/\/www.europesays.com\/fi\/wp-json\/wp\/v2\/media?parent=143838"}],"wp:term":[{"taxonomy":"category","embeddable":true,"href":"https:\/\/www.europesays.com\/fi\/wp-json\/wp\/v2\/categories?post=143838"},{"taxonomy":"post_tag","embeddable":true,"href":"https:\/\/www.europesays.com\/fi\/wp-json\/wp\/v2\/tags?post=143838"}],"curies":[{"name":"wp","href":"https:\/\/api.w.org\/{rel}","templated":true}]}}