{"id":143840,"date":"2026-01-16T09:25:07","date_gmt":"2026-01-16T09:25:07","guid":{"rendered":"https:\/\/www.europesays.com\/fi\/143840\/"},"modified":"2026-01-16T09:25:07","modified_gmt":"2026-01-16T09:25:07","slug":"saksalaisnuoret-paattivat-lumikenkailla-venajan-puolelle-kuusamossa-epaillaan-nyt-rikoksesta-uutisia-lyhyesti","status":"publish","type":"post","link":"https:\/\/www.europesays.com\/fi\/143840\/","title":{"rendered":"Saksalaisnuoret p\u00e4\u00e4ttiv\u00e4t lumikenk\u00e4ill\u00e4 Ven\u00e4j\u00e4n puolelle Kuusamossa \u2013 ep\u00e4ill\u00e4\u00e4n nyt rikoksesta | Uutisia lyhyesti"},"content":{"rendered":"<p class=\"aw-1gybjub aw-5vja16 kEtdKx kmuxyA yle__article__paragraph\">Lumikenk\u00e4ilij\u00e4t kertoivat liikkuneensa alueella uteliaisuudesta. <\/p>\n<p><img decoding=\"async\" alt=\"Talvinen ilmakuva Paljakan rinteist\u00e4.\" src=\"https:\/\/www.europesays.com\/fi\/wp-content\/uploads\/2026\/01\/39-1411035679250f770449.jpeg\" class=\"aw-1l9m598 hKVVvP\"\/><\/p>\n<p>Avaa kuvien katselu<\/p>\n<p>Kuvituskuva. Laiton rajanylitys tapahtui Kuusamon Paljakassa. Kuva: Timo Valtteri Sihvonen \/ Yle<\/p>\n<p class=\"aw-1gybjub aw-1p7kakr kEtdKx cEmitX yle__article__paragraph\">Kolmen lumikengill\u00e4 liikkuneen saksalaisen turistin ep\u00e4ill\u00e4\u00e4n ylitt\u00e4neen laittomasti valtakunnan rajan Suomesta Ven\u00e4j\u00e4lle ja takaisin keskiviikkoiltana, kertoo Rajavartiolaitos.<\/p>\n<p class=\"aw-1gybjub aw-1p7kakr kEtdKx cEmitX yle__article__paragraph\">Ep\u00e4ilty rajanylitys tapahtui Kuusamon Paljakassa.<\/p>\n<p class=\"aw-1gybjub aw-1p7kakr kEtdKx cEmitX yle__article__paragraph\">Kainuun rajavartioston partio tavoitti valtakunnan lumikenk\u00e4ilij\u00e4t valtakunnan rajan l\u00e4heisyydest\u00e4 heti tapahtuneen j\u00e4lkeen.<\/p>\n<p class=\"aw-1gybjub aw-1p7kakr kEtdKx cEmitX yle__article__paragraph\">Rajavartioston mukaan kolme nuorta saksalaismiest\u00e4 on my\u00f6nt\u00e4nyt ylitt\u00e4neens\u00e4 rajan. Nuoret kertoivat liikkuneensa alueella uteliaisuudesta.<\/p>\n<p class=\"aw-1gybjub aw-1p7kakr kEtdKx cEmitX yle__article__paragraph\">\u2013 Kyll\u00e4 he ovat tietoisesti menneet sinne rajalle ja k\u00e4yneet Ven\u00e4j\u00e4n puolella, kertoo kapteeni <strong class=\"aw-ak79eh KyCXm yle__article__strong\">Juha Romppainen<\/strong> Kainuun rajavartiostosta.<\/p>\n<p class=\"aw-1gybjub aw-1p7kakr kEtdKx cEmitX yle__article__paragraph\">Romppaisen mukaan turisteille on ollut selv\u00e4\u00e4, ett\u00e4 alueelle meneminen on kielletty\u00e4. Kyse on ollut lyhyest\u00e4 piipahduksesta.<\/p>\n<p class=\"aw-1gybjub aw-1p7kakr kEtdKx cEmitX yle__article__paragraph\">Kolmikkoa ep\u00e4ill\u00e4\u00e4n valtionrajarikoksesta.<\/p>\n<p class=\"aw-1gybjub aw-1p7kakr kEtdKx cEmitX yle__article__paragraph\">Romppaisen mukaan asia etenee pian syyteharkintaan ja kolmikko on tarkoitus haastaa rikoksesta k\u00e4r\u00e4jille viel\u00e4 ennen kuin he poistuvat maasta, jos syytt\u00e4j\u00e4 nostaa syytteen.<\/p>\n<p class=\"aw-1gybjub aw-1p7kakr kEtdKx cEmitX yle__article__paragraph\">Kainuun alueen rajavaltuutettu on ollut asiasta yhteydess\u00e4 Ven\u00e4j\u00e4n Kalevalan alueen rajavaltuutettuun.<\/p>\n<p class=\"aw-1gybjub aw-1p7kakr kEtdKx cEmitX yle__article__paragraph\">Tapahtumapaikalla ei ole it\u00e4rajan esteaitaa.<\/p>\n","protected":false},"excerpt":{"rendered":"Lumikenk\u00e4ilij\u00e4t kertoivat liikkuneensa alueella uteliaisuudesta. Avaa kuvien katselu Kuvituskuva. Laiton rajanylitys tapahtui Kuusamon Paljakassa. Kuva: Timo Valtteri Sihvonen&hellip;\n","protected":false},"author":2,"featured_media":143841,"comment_status":"","ping_status":"","sticky":false,"template":"","format":"standard","meta":{"footnotes":""},"categories":[5],"tags":[22,23,26,27,33,31,30,17,723,71,24,25,28,29,15,18,21,1263,8442,32,19,20,16,547],"class_list":{"0":"post-143840","1":"post","2":"type-post","3":"status-publish","4":"format-standard","5":"has-post-thumbnail","7":"category-otsikot","8":"tag-breaking-news","9":"tag-breakingnews","10":"tag-featured-news","11":"tag-featurednews","12":"tag-fi","13":"tag-finland","14":"tag-finnish","15":"tag-headlines","16":"tag-kainuu","17":"tag-kotimaa","18":"tag-latest-news","19":"tag-latestnews","20":"tag-main-news","21":"tag-mainnews","22":"tag-news","23":"tag-otsikot","24":"tag-paauutiset","25":"tag-rikosepailyt","26":"tag-suomen-ja-venajan-raja","27":"tag-suomi","28":"tag-top-stories","29":"tag-topstories","30":"tag-uutiset","31":"tag-venaja"},"share_on_mastodon":{"url":"https:\/\/pubeurope.com\/@fi\/115904061263416378","error":""},"_links":{"self":[{"href":"https:\/\/www.europesays.com\/fi\/wp-json\/wp\/v2\/posts\/143840","targetHints":{"allow":["GET"]}}],"collection":[{"href":"https:\/\/www.europesays.com\/fi\/wp-json\/wp\/v2\/posts"}],"about":[{"href":"https:\/\/www.europesays.com\/fi\/wp-json\/wp\/v2\/types\/post"}],"author":[{"embeddable":true,"href":"https:\/\/www.europesays.com\/fi\/wp-json\/wp\/v2\/users\/2"}],"replies":[{"embeddable":true,"href":"https:\/\/www.europesays.com\/fi\/wp-json\/wp\/v2\/comments?post=143840"}],"version-history":[{"count":0,"href":"https:\/\/www.europesays.com\/fi\/wp-json\/wp\/v2\/posts\/143840\/revisions"}],"wp:featuredmedia":[{"embeddable":true,"href":"https:\/\/www.europesays.com\/fi\/wp-json\/wp\/v2\/media\/143841"}],"wp:attachment":[{"href":"https:\/\/www.europesays.com\/fi\/wp-json\/wp\/v2\/media?parent=143840"}],"wp:term":[{"taxonomy":"category","embeddable":true,"href":"https:\/\/www.europesays.com\/fi\/wp-json\/wp\/v2\/categories?post=143840"},{"taxonomy":"post_tag","embeddable":true,"href":"https:\/\/www.europesays.com\/fi\/wp-json\/wp\/v2\/tags?post=143840"}],"curies":[{"name":"wp","href":"https:\/\/api.w.org\/{rel}","templated":true}]}}