{"id":143844,"date":"2026-01-16T09:43:07","date_gmt":"2026-01-16T09:43:07","guid":{"rendered":"https:\/\/www.europesays.com\/fi\/143844\/"},"modified":"2026-01-16T09:43:07","modified_gmt":"2026-01-16T09:43:07","slug":"influenssan-jalkitautina-tuleva-keuhkokuume-voi-olla-raju-lukijat-kertovat-oireistaan","status":"publish","type":"post","link":"https:\/\/www.europesays.com\/fi\/143844\/","title":{"rendered":"Influenssan j\u00e4lkitautina tuleva keuhkokuume voi olla raju \u2013 lukijat kertovat oireistaan"},"content":{"rendered":"<p>Moni on saanut influenssan j\u00e4lkitaudin, joka voi vied\u00e4 voimat t\u00e4ysin.<\/p>\n<p>Lue tiivistelm\u00e4<\/p>\n<p class=\"article-body mb-nof-24 px-nof-16 sndp-summary-bullet-point-font\">Suomessa tavataan nyt A-influenssan j\u00e4lkitauteja, kuten keuhkokuumetta, joka voi vied\u00e4 voimat t\u00e4ysin.<\/p>\n<p class=\"article-body mb-nof-24 px-nof-16 sndp-summary-bullet-point-font\">J\u00e4lkitaudista voi olla kyse, jos olo muuttuu influenssan j\u00e4lkeen uudelleen huonommaksi.<\/p>\n<p class=\"article-body mb-nof-24 px-nof-16 sndp-summary-bullet-point-font\">Vakavia j\u00e4lkitauteja esiintyy eniten alle 4-vuotiailla ja yli 65-vuotiailla.<\/p>\n<p class=\"article-body mb-nof-24 px-nof-16 sndp-summary-bullet-point-font\">Influenssarokotus on paras keino ehk\u00e4ist\u00e4 influenssaa ja sen aiheuttamia vakavia j\u00e4lkitauteja.<\/p>\n<p class=\"article-body mb-nof-24 px-nof-16\">Influenssaepidemia <a class=\"underline underline-offset-[0.12em] [text-decoration-thickness:var(--generic-link-underline-thickness)] [text-decoration-color:var(--generic-link-underline-color)] [text-decoration-skip-ink:var(--generic-link-underline-skip-ink)] break-words\" href=\"https:\/\/www.is.fi\/terveys\/art-2000011654334.html\" rel=\"nofollow noopener\" target=\"_blank\">k\u00e4ynnistyi<\/a> viime vuonna jo marraskuun lopulla, ja siit\u00e4 l\u00e4htien Suomessa on riehunut A-influenssa.<\/p>\n<p class=\"article-body mb-nof-24 px-nof-16\">Influenssakauden kiihtyminen varhain tarkoittaa sit\u00e4, ett\u00e4 moni on ehtinyt sairastaa my\u00f6s influenssan j\u00e4lkitaudin.<\/p>\n<p class=\"article-body mb-nof-24 px-nof-16\">\u2013\u2009Influenssan j\u00e4lkeen n\u00e4hd\u00e4\u00e4n yleens\u00e4 bakteerin aiheuttamia keuhkokuumeita ja poskiontelotulehduksia. Ensin sairastetaan viruksen aiheuttama infektio. Jos sen j\u00e4lkeen olo alkaa menn\u00e4 uudelleen huonommaksi, voi kyseess\u00e4 olla niin sanottu j\u00e4lkitauti, Mehil\u00e4isen infektiosairauksien erikoisl\u00e4\u00e4k\u00e4rin <a class=\"font-bold underline-offset-[0.12em] [text-decoration:var(--person-link-text-decoration)] ![text-decoration-color:var(--person-link-text-decoration-color)]\" href=\"https:\/\/www.is.fi\/haku\/?query=Olli-Pekka%20Koukkari\" rel=\"nofollow noopener\" target=\"_blank\">Olli-Pekka Koukkari<\/a> <a class=\"underline underline-offset-[0.12em] [text-decoration-thickness:var(--generic-link-underline-thickness)] [text-decoration-color:var(--generic-link-underline-color)] [text-decoration-skip-ink:var(--generic-link-underline-skip-ink)] break-words\" href=\"https:\/\/www.is.fi\/terveys\/art-2000011745418.html\" rel=\"nofollow noopener\" target=\"_blank\">sanoi jutussamme<\/a>.<\/p>\n<p><img decoding=\"async\" src=\"https:\/\/www.europesays.com\/fi\/wp-content\/uploads\/2026\/01\/1768556587_492_468.jpg\" alt=\"Suomessa jyll\u00e4\u00e4 parhaillaan A-influenssa, joka voi aiheuttaa my\u00f6s j\u00e4lkitaudin.\" class=\"_Img_1rerz_1\" style=\"aspect-ratio:1.3333333333333333\" loading=\"eager\"\/><\/p>\n<p class=\"article-picture-caption\">Suomessa jyll\u00e4\u00e4 parhaillaan A-influenssa, joka voi aiheuttaa my\u00f6s j\u00e4lkitaudin. Kuva:\u00a0Colourbox<\/p>\n<p>\u201dOloni oli heti hyvin voimaton\u201d<\/p>\n<p class=\"article-body mb-nof-24 px-nof-16\">Kysyimme lukijoilta, ovatko he sairastaneet keuhkokuumeen influenssan j\u00e4lkitautina. Useat ihmiset eri puolilta maata kertoivat joutuneensa kovan taudin kouriin.<\/p>\n<blockquote class=\"[font-style:var(--blockquote-font-style,italic)] m-[var(--blockquote-margin)] pl-[calc(var(--nof-core-dimension-200)+var(--blockquote-border-width))] relative before:absolute before:left-0 before:h-full before:w-[var(--blockquote-border-width)] before:border-l-[length:var(--blockquote-border-width)] before:border-l-[color:var(--blockquote-border-color)] before:-skew-y-[var(--blockquote-border-skew,0deg)]\">\n<p class=\"article-body mb-nof-8\">Alkoi flunssa, ja oloni oli heti hyvin voimaton. Parin p\u00e4iv\u00e4n j\u00e4lkeen nousi kuume, olin todella v\u00e4synyt ja kaikkialta kipe\u00e4, ja my\u00f6s vatsa oli kipe\u00e4. Viikon p\u00e4\u00e4st\u00e4 todettiin keuhkokuume ja influenssa A. L\u00e4\u00e4kitys helpotti v\u00e4h\u00e4n, mutta voimattomuus jatkui niin, ett\u00e4 vuodepotilaana meni kaikkiaan noin kaksi viikkoa. Nainen, 73, Nurmij\u00e4rvi<\/p>\n<\/blockquote>\n<blockquote class=\"[font-style:var(--blockquote-font-style,italic)] m-[var(--blockquote-margin)] pl-[calc(var(--nof-core-dimension-200)+var(--blockquote-border-width))] relative before:absolute before:left-0 before:h-full before:w-[var(--blockquote-border-width)] before:border-l-[length:var(--blockquote-border-width)] before:border-l-[color:var(--blockquote-border-color)] before:-skew-y-[var(--blockquote-border-skew,0deg)]\">\n<p class=\"article-body mb-nof-8\">Influenssa oli lyhytkestoinen, mutta sain keuhkokuumeen, jota hoidettiin keuhkoputken\u00adtulehduksena. Kuume oli korkea, koko ajan noin 39 astetta. Oli tunne, etten saa hengitetty\u00e4 kunnolla, happi ei kulkenut. Kuume oli niin sitke\u00e4, ett\u00e4 se ei kerta kaikkiaan meinannut laskea l\u00e4\u00e4kkeell\u00e4. Kuumetta oli noin kuukauden, ja yhteens\u00e4 olin sairaana noin 6 viikkoa. Tauti muutti paikkaa kehon eri osiin: sain korvatulehduksen ja silm\u00e4tulehduksen, ennen kuin alkoi menn\u00e4 ohi. Nainen, 49, Kuopio<\/p>\n<\/blockquote>\n<blockquote class=\"[font-style:var(--blockquote-font-style,italic)] m-[var(--blockquote-margin)] pl-[calc(var(--nof-core-dimension-200)+var(--blockquote-border-width))] relative before:absolute before:left-0 before:h-full before:w-[var(--blockquote-border-width)] before:border-l-[length:var(--blockquote-border-width)] before:border-l-[color:var(--blockquote-border-color)] before:-skew-y-[var(--blockquote-border-skew,0deg)]\">\n<p class=\"article-body mb-nof-8\">Meill\u00e4 oli joulun aikaan influenssa A. Tauti alkoi \u00e4\u00e4rimm\u00e4isen rajuna ja toimintakyky meni t\u00e4ysin. En koskaan el\u00e4m\u00e4ss\u00e4ni ole ollut niin kipe\u00e4. Tilanne oli pelottava, koska en tiennyt miten edes lapset saa hoidettua, kun molemmat vanhemmat ovat petipotilaana. Hoitoa ei p\u00e4ivystyksest\u00e4 saanut, kotiin vain. Kunnes sitten tulehdusarvojen ollessa l\u00e4hemm\u00e4s 400 vihdoin tutkittiin, ja sain tipassa antibiootin sek\u00e4 influenssal\u00e4\u00e4kkeen. Tauti meni keuhkokuumeeksi. Kolmen viikon helvetti. Mies, 38, Helsinki<\/p>\n<\/blockquote>\n<p><img decoding=\"async\" src=\"https:\/\/www.europesays.com\/fi\/wp-content\/uploads\/2026\/01\/1768556587_813_468.jpg\" alt=\"Influenssan j\u00e4lkitauti voi vaatia sairaalahoitoa.\" class=\"_Img_1rerz_1\" style=\"aspect-ratio:1.3333333333333333\" loading=\"eager\"\/><\/p>\n<p class=\"article-picture-caption\">Influenssan j\u00e4lkitauti voi vaatia sairaalahoitoa. Kuva:\u00a0Colourbox<\/p>\n<blockquote class=\"[font-style:var(--blockquote-font-style,italic)] m-[var(--blockquote-margin)] pl-[calc(var(--nof-core-dimension-200)+var(--blockquote-border-width))] relative before:absolute before:left-0 before:h-full before:w-[var(--blockquote-border-width)] before:border-l-[length:var(--blockquote-border-width)] before:border-l-[color:var(--blockquote-border-color)] before:-skew-y-[var(--blockquote-border-skew,0deg)]\">\n<p class=\"article-body mb-nof-8\">Sek\u00e4 keuhkokuume ett\u00e4 poskiontelon\u00adtulehdus influenssa A:n j\u00e4lkeen. Tauti yskitti kaksi viikkoa kaikkia perheenj\u00e4seni\u00e4, ja sen j\u00e4lkeen meni osalla viel\u00e4 2\u20133 viikkoa toipumiseen. Raju tauti tuo influenssa. Nainen, 17, Turku<\/p>\n<\/blockquote>\n<blockquote class=\"[font-style:var(--blockquote-font-style,italic)] m-[var(--blockquote-margin)] pl-[calc(var(--nof-core-dimension-200)+var(--blockquote-border-width))] relative before:absolute before:left-0 before:h-full before:w-[var(--blockquote-border-width)] before:border-l-[length:var(--blockquote-border-width)] before:border-l-[color:var(--blockquote-border-color)] before:-skew-y-[var(--blockquote-border-skew,0deg)]\">\n<p class=\"article-body mb-nof-8\">Flunssan aikana oli kuumetta ja kaikki tyypilliset oireet. Luulin olevani kunnossa, mutta kaksi viikkoa sen j\u00e4lkeen her\u00e4sin suihkutilasta. Olo oli voimaton ja sekava, ja soitin 112:een. Vasta selk\u00e4ydinkoe paljasti, ett\u00e4 minulla oli kuumeeton keuhkokuume. Sairastelu kesti reilun kuukauden. Nainen, 70, Espoo<\/p>\n<\/blockquote>\n<p>\u201dNousi korkea kuume ja taju l\u00e4hti\u201d<\/p>\n<blockquote class=\"[font-style:var(--blockquote-font-style,italic)] m-[var(--blockquote-margin)] pl-[calc(var(--nof-core-dimension-200)+var(--blockquote-border-width))] relative before:absolute before:left-0 before:h-full before:w-[var(--blockquote-border-width)] before:border-l-[length:var(--blockquote-border-width)] before:border-l-[color:var(--blockquote-border-color)] before:-skew-y-[var(--blockquote-border-skew,0deg)]\">\n<p class=\"article-body mb-nof-8\">Joulup\u00e4iv\u00e4n\u00e4 nousi korkea kuume ja taju l\u00e4hti. Ambulanssilla sairaalaan, jossa todettiin A Influenssa ja keuhkokuume. 6 p\u00e4iv\u00e4\u00e4 sairaalassa, ja tulehdusarvot 190. Viel\u00e4kin heikottaa, ja kuiva ysk\u00e4 kiusaa, mutta muuten tauti on jo rauhallisempi. Kontrollikuvat edess\u00e4. Mies, 79, Tampere<\/p>\n<\/blockquote>\n<blockquote class=\"[font-style:var(--blockquote-font-style,italic)] m-[var(--blockquote-margin)] pl-[calc(var(--nof-core-dimension-200)+var(--blockquote-border-width))] relative before:absolute before:left-0 before:h-full before:w-[var(--blockquote-border-width)] before:border-l-[length:var(--blockquote-border-width)] before:border-l-[color:var(--blockquote-border-color)] before:-skew-y-[var(--blockquote-border-skew,0deg)]\">\n<p class=\"article-body mb-nof-8\">Minulla ei ollut mit\u00e4\u00e4n aikaisempia oireita, vaan keuhkokuume iski saman tien. Kuumetta 39\u201340 astetta. Tauti alkoi 19. joulukuuta ja jatkuu edelleen. Kaksi antibioottia hoiti kyll\u00e4 keuhkokuumeen, mutta hengitys ei pelaa kunnolla viel\u00e4k\u00e4\u00e4n. Yskin koko ajan, ja kunto on aivan nollassa. Nainen, 60, Sein\u00e4joki<\/p>\n<\/blockquote>\n<blockquote class=\"[font-style:var(--blockquote-font-style,italic)] m-[var(--blockquote-margin)] pl-[calc(var(--nof-core-dimension-200)+var(--blockquote-border-width))] relative before:absolute before:left-0 before:h-full before:w-[var(--blockquote-border-width)] before:border-l-[length:var(--blockquote-border-width)] before:border-l-[color:var(--blockquote-border-color)] before:-skew-y-[var(--blockquote-border-skew,0deg)]\">\n<p class=\"article-body mb-nof-8\">Keuhkokuumeessa yhden kerroksen kiipe\u00e4minen vie mehut pois. Samoin tekee jo parin sadan metrin maltillinen k\u00e4vely. Veto on t\u00e4ysin poissa. Mies, 67, Helsinki<\/p>\n<\/blockquote>\n<p><img decoding=\"async\" src=\"https:\/\/www.europesays.com\/fi\/wp-content\/uploads\/2026\/01\/1768556587_345_468.jpg\" alt=\"Tavalliseen flunssaan verrattuna influenssa aiheuttaa enemm\u00e4n j\u00e4lkitauteja.\" class=\"_Img_1rerz_1\" style=\"aspect-ratio:1.7777777777777777\" loading=\"eager\"\/><\/p>\n<p class=\"article-picture-caption\">Tavalliseen flunssaan verrattuna influenssa aiheuttaa enemm\u00e4n j\u00e4lkitauteja. Kuva:\u00a0Colourbox<\/p>\n<blockquote class=\"[font-style:var(--blockquote-font-style,italic)] m-[var(--blockquote-margin)] pl-[calc(var(--nof-core-dimension-200)+var(--blockquote-border-width))] relative before:absolute before:left-0 before:h-full before:w-[var(--blockquote-border-width)] before:border-l-[length:var(--blockquote-border-width)] before:border-l-[color:var(--blockquote-border-color)] before:-skew-y-[var(--blockquote-border-skew,0deg)]\">\n<p class=\"article-body mb-nof-8\">Sairastin ensin flunssan, josta muodostui keuhkokuume. J\u00e4lkitautina tuli silm\u00e4tulehdus, korvatulehdus ja t\u00e4rykalvon puhkeaminen. Oireet alkoivat lokakuun 4. p\u00e4iv\u00e4. Edelleen korvat lukossa ja tinnitt\u00e4\u00e4. Nainen, 38, Lappi<\/p>\n<\/blockquote>\n<blockquote class=\"[font-style:var(--blockquote-font-style,italic)] m-[var(--blockquote-margin)] pl-[calc(var(--nof-core-dimension-200)+var(--blockquote-border-width))] relative before:absolute before:left-0 before:h-full before:w-[var(--blockquote-border-width)] before:border-l-[length:var(--blockquote-border-width)] before:border-l-[color:var(--blockquote-border-color)] before:-skew-y-[var(--blockquote-border-skew,0deg)]\">\n<p class=\"article-body mb-nof-8\">Sairastin viime vuonna marras-joulukuun taitteessa. Tauti oli omituinen. Kuumetta oli 40 astetta, mutta toimintakyky suht normaali. Yskiminen sattui aivan kamalasti, ja kun lima alkoi maistua kauhealta, hakeuduin l\u00e4\u00e4k\u00e4riin. Kuumetta kesti melkein kaksi viikkoa, ja vasta toisen keuhkokuvan j\u00e4lkeen l\u00f6ydettiin keuhkokuume. Silloin kunto oli jo sellainen, ett\u00e4 esimerkiksi kauppaan en voinut menn\u00e4, koska en yksinkertaisesti jaksanut k\u00e4vell\u00e4. Nainen, 37, Jyv\u00e4skyl\u00e4<\/p>\n<\/blockquote>\n<p>\u201dRintaan sattui todella kovaa\u201d<\/p>\n<blockquote class=\"[font-style:var(--blockquote-font-style,italic)] m-[var(--blockquote-margin)] pl-[calc(var(--nof-core-dimension-200)+var(--blockquote-border-width))] relative before:absolute before:left-0 before:h-full before:w-[var(--blockquote-border-width)] before:border-l-[length:var(--blockquote-border-width)] before:border-l-[color:var(--blockquote-border-color)] before:-skew-y-[var(--blockquote-border-skew,0deg)]\">\n<p class=\"article-body mb-nof-8\">Sairastuin influenssaan, ja samaan aikaan tuli my\u00f6s keuhkokuume. Korkea kuume, yleistilan lasku ja kova ysk\u00e4. Yskiminen oli aivan kamalaa, kun rintaan sattui todella kovaa. Nainen, 36, Turku<\/p>\n<\/blockquote>\n<blockquote class=\"[font-style:var(--blockquote-font-style,italic)] m-[var(--blockquote-margin)] pl-[calc(var(--nof-core-dimension-200)+var(--blockquote-border-width))] relative before:absolute before:left-0 before:h-full before:w-[var(--blockquote-border-width)] before:border-l-[length:var(--blockquote-border-width)] before:border-l-[color:var(--blockquote-border-color)] before:-skew-y-[var(--blockquote-border-skew,0deg)]\">\n<p class=\"article-body mb-nof-8\">Minulla oli v\u00e4h\u00e4n ysk\u00e4\u00e4 ja hengitysvaikeuksia, pient\u00e4 l\u00e4mp\u00f6\u00e4. Sitten tuli viel\u00e4 flimmeri, ja p\u00e4\u00e4tin l\u00e4hte\u00e4 p\u00e4ivystykseen. Siell\u00e4 otettiin keuhkokuva, ja my\u00f6hemmin soitettiin, ett\u00e4 on keuhkokuume. Sain 10 p\u00e4iv\u00e4n antibioottikuurin. Kaksi viikkoa meni petiss\u00e4, kunnes olo alkoi parantua. Nainen, 76, Forssa<\/p>\n<\/blockquote>\n<p>Vakava j\u00e4lkitauti voi tulla kaikenik\u00e4isille<\/p>\n<p class=\"article-body mb-nof-24 px-nof-16\">Suurin osa influenssaan sairastuneista paranee itsekseen muutaman viikon kuluessa \u2013 mutta tavalliseen flunssaan verrattuna influenssa aiheuttaa enemm\u00e4n j\u00e4lkitauteja, jotka voivat vaatia sairaalahoitoakin.<\/p>\n<p class=\"article-body mb-nof-24 px-nof-16\">Vakavimpia j\u00e4lkitauteja ovat juuri keuhkokuume sek\u00e4 syd\u00e4nlihastulehdus, ja tavallisempia ovat poskiontelo- ja korvatulehdus.<\/p>\n<p class=\"article-body mb-nof-24 px-nof-16\">\u2013\u2009Keuhkokuumeen ensioireina voivat olla \u00e4killinen voinnin romahtaminen ja hengityksen riitt\u00e4m\u00e4tt\u00f6myyden tunne, joka n\u00e4kyy hengitystiheyden nopeutumisena. Syd\u00e4nlihastulehdus on harvinaisempi mutta tunnettu influenssan komplikaatio, jonka oireita ovat muun muassa pitkittynyt kuumeilu, ep\u00e4tasainen tihentynyt pulssi ja voimakas v\u00e4symys, kertoi <a class=\"underline underline-offset-[0.12em] [text-decoration-thickness:var(--generic-link-underline-thickness)] [text-decoration-color:var(--generic-link-underline-color)] [text-decoration-skip-ink:var(--generic-link-underline-skip-ink)] break-words\" href=\"https:\/\/www.is.fi\/terveys\/art-2000011671100.html\" rel=\"nofollow noopener\" target=\"_blank\">aiemmassa jutussamme<\/a> lastentautien erikoisl\u00e4\u00e4k\u00e4ri <a class=\"font-bold underline-offset-[0.12em] [text-decoration:var(--person-link-text-decoration)] ![text-decoration-color:var(--person-link-text-decoration-color)]\" href=\"https:\/\/www.is.fi\/haku\/?query=Jukka%20Vakkila\" rel=\"nofollow noopener\" target=\"_blank\">Jukka Vakkila<\/a> Suomen Rokotepalvelusta.<\/p>\n<p class=\"article-body mb-nof-24 px-nof-16\">Vakavia j\u00e4lkitauteja voivat saada kaikenik\u00e4iset, mutta sairastuneen ik\u00e4 vaikuttaa riskin suuruuteen. Sairaalahoitoa vaativia j\u00e4lkitauteja ja komplikaatioita on eniten alle 4-vuotiailla ja yli 65-vuotiailla.<\/p>\n<p class=\"article-body mb-nof-24 px-nof-16\">Influenssarokotus on paras keino ehk\u00e4ist\u00e4 influenssaa ja sen aiheuttamia vakavia j\u00e4lkitauteja. Rokotetut sairastuvat v\u00e4hemm\u00e4n tai voivat saada taudin lievemp\u00e4n\u00e4, jolloin my\u00f6s j\u00e4lkitaudin riski on pienempi.<\/p>\n<p>Fakta<\/p>\n<p>Keuhko\u00adkuumeen oireet ja taudin\u00adkuvat<\/p>\n<p class=\"article-body mb-nof-24 px-nof-16\">Keuhkokuumeen voi tunnistaa esimerkiksi seuraavista tyypillisist\u00e4 oireista:<\/p>\n<ul class=\"mb-nof-16 px-nof-16 article-unordered-list unordered-list\">\n<li class=\"unordered-list-item\">\n<p class=\"article-body\">Nopeasti nouseva kuume, kylki- tai vatsakipu, uutena alkanut tai pahentunut ysk\u00e4 ja hengenahdistus.<\/p>\n<\/li>\n<li class=\"unordered-list-item\">\n<p class=\"article-body\">Poikkeuksellinen v\u00e4symys ja sairauden tunne ovat bakteerikeuhkokuumeelle tyypillisi\u00e4 yleisoireita. Hyvin i\u00e4kk\u00e4ill\u00e4 n\u00e4m\u00e4 yleisoireet ja sekavuus voivat olla keuhkokuumeen ainoat oireet.<\/p>\n<\/li>\n<li class=\"unordered-list-item\">\n<p class=\"article-body\">Keuhkokuumetta on syyt\u00e4 ep\u00e4ill\u00e4 my\u00f6s, jos tauti alkaa tyypillisen flunssan oirein, mutta muuttuu viikon kuluttua tai my\u00f6hemmin uudelleen ankarammaksi, tai jos ilmaantuu hengityksen raskautta ja kuume nousee uudelleen.<\/p>\n<\/li>\n<\/ul>\n<p class=\"article-body nof-ui-body-medium mb-nof-24 px-nof-16\">L\u00e4hde: Terveyskirjasto<\/p>\n","protected":false},"excerpt":{"rendered":"Moni on saanut influenssan j\u00e4lkitaudin, joka voi vied\u00e4 voimat t\u00e4ysin. Lue tiivistelm\u00e4 Suomessa tavataan nyt A-influenssan j\u00e4lkitauteja, kuten&hellip;\n","protected":false},"author":2,"featured_media":143845,"comment_status":"","ping_status":"","sticky":false,"template":"","format":"standard","meta":{"footnotes":""},"categories":[165],"tags":[33,31,30,166,34,32,167],"class_list":{"0":"post-143844","1":"post","2":"type-post","3":"status-publish","4":"format-standard","5":"has-post-thumbnail","7":"category-terveys","8":"tag-fi","9":"tag-finland","10":"tag-finnish","11":"tag-health","12":"tag-ilta-sanomat","13":"tag-suomi","14":"tag-terveys"},"share_on_mastodon":{"url":"https:\/\/pubeurope.com\/@fi\/115904132191893978","error":""},"_links":{"self":[{"href":"https:\/\/www.europesays.com\/fi\/wp-json\/wp\/v2\/posts\/143844","targetHints":{"allow":["GET"]}}],"collection":[{"href":"https:\/\/www.europesays.com\/fi\/wp-json\/wp\/v2\/posts"}],"about":[{"href":"https:\/\/www.europesays.com\/fi\/wp-json\/wp\/v2\/types\/post"}],"author":[{"embeddable":true,"href":"https:\/\/www.europesays.com\/fi\/wp-json\/wp\/v2\/users\/2"}],"replies":[{"embeddable":true,"href":"https:\/\/www.europesays.com\/fi\/wp-json\/wp\/v2\/comments?post=143844"}],"version-history":[{"count":0,"href":"https:\/\/www.europesays.com\/fi\/wp-json\/wp\/v2\/posts\/143844\/revisions"}],"wp:featuredmedia":[{"embeddable":true,"href":"https:\/\/www.europesays.com\/fi\/wp-json\/wp\/v2\/media\/143845"}],"wp:attachment":[{"href":"https:\/\/www.europesays.com\/fi\/wp-json\/wp\/v2\/media?parent=143844"}],"wp:term":[{"taxonomy":"category","embeddable":true,"href":"https:\/\/www.europesays.com\/fi\/wp-json\/wp\/v2\/categories?post=143844"},{"taxonomy":"post_tag","embeddable":true,"href":"https:\/\/www.europesays.com\/fi\/wp-json\/wp\/v2\/tags?post=143844"}],"curies":[{"name":"wp","href":"https:\/\/api.w.org\/{rel}","templated":true}]}}