{"id":143846,"date":"2026-01-16T09:44:08","date_gmt":"2026-01-16T09:44:08","guid":{"rendered":"https:\/\/www.europesays.com\/fi\/143846\/"},"modified":"2026-01-16T09:44:08","modified_gmt":"2026-01-16T09:44:08","slug":"sm-liiga-radek-koblizek-jatti-kookoon","status":"publish","type":"post","link":"https:\/\/www.europesays.com\/fi\/143846\/","title":{"rendered":"SM-liiga: Radek Koblizek j\u00e4tti KooKoon"},"content":{"rendered":"<p>Radek Koblizek l\u00e4hti yll\u00e4tt\u00e4en KooKoosta.<\/p>\n<p>Videotuomio: Pelataanko SM-liigassa kev\u00e4\u00e4ll\u00e4 unelmafinaali?Video: IS<\/p>\n<p class=\"article-body mb-nof-24 px-nof-16\">SM-liigaseura KooKoo kertoo purkaneensa tshekkihy\u00f6kk\u00e4\u00e4j\u00e4 <a class=\"font-bold underline-offset-[0.12em] [text-decoration:var(--person-link-text-decoration)] ![text-decoration-color:var(--person-link-text-decoration-color)]\" href=\"https:\/\/www.is.fi\/haku\/?query=Radek%20Koblizekin\" rel=\"nofollow noopener\" target=\"_blank\">Radek Koblizekin <\/a>sopimuksen yhteisymm\u00e4rryksess\u00e4 pelaajan kanssa.<\/p>\n<p class=\"article-body mb-nof-24 px-nof-16\">28-vuotiaan Koblizekin sopimus oli alun perin voimassa kuluvan kauden loppuun. Koblizek ehti t\u00e4ll\u00e4 kaudella pelata Kouvolassa 24 liigaottelua ja tehd\u00e4 4+12 tehopistett\u00e4.<\/p>\n<p class=\"article-body mb-nof-24 px-nof-16\">H\u00e4n takoi viime kaudella KooKoolle 18+21 pistett\u00e4 ja oli joukkueen paras pistemies runkosarjassa.<\/p>\n<p class=\"article-body mb-nof-24 px-nof-16\">Koblizek edusti KooKoota my\u00f6s kaudella 2023\u20132024 sek\u00e4 kaudella 2021\u20132022.<\/p>\n<p><img decoding=\"async\" src=\"https:\/\/www.europesays.com\/fi\/wp-content\/uploads\/2026\/01\/1768556648_542_468.jpg\" alt=\"Radek Koblizek oli KooKoon pitk\u00e4aikainen tehopelaaja.\" class=\"_Img_1rerz_1\" style=\"aspect-ratio:1.4065934065934067\" loading=\"eager\"\/><\/p>\n<p class=\"article-picture-caption\">Radek Koblizek oli KooKoon pitk\u00e4aikainen tehopelaaja. Kuva:\u00a0Veera Korhonen<\/p>\n<p class=\"article-body mb-nof-24 px-nof-16\">KooKoon lis\u00e4ksi Koblizek on edustanut SM-liigassa K\u00e4rppi\u00e4. H\u00e4n siirtyi oululaisseuraan jo juniori-ik\u00e4isen\u00e4.<\/p>\n<p class=\"article-body mb-nof-24 px-nof-16\">Koblizek on edustanut Tshekki\u00e4 EHT-turnauksissa ja alle 20-vuotiaiden MM-kisoissa.<\/p>\n","protected":false},"excerpt":{"rendered":"Radek Koblizek l\u00e4hti yll\u00e4tt\u00e4en KooKoosta. Videotuomio: Pelataanko SM-liigassa kev\u00e4\u00e4ll\u00e4 unelmafinaali?Video: IS SM-liigaseura KooKoo kertoo purkaneensa tshekkihy\u00f6kk\u00e4\u00e4j\u00e4 Radek Koblizekin&hellip;\n","protected":false},"author":2,"featured_media":143847,"comment_status":"","ping_status":"","sticky":false,"template":"","format":"standard","meta":{"footnotes":""},"categories":[158],"tags":[33,31,30,34,159,32,160],"class_list":{"0":"post-143846","1":"post","2":"type-post","3":"status-publish","4":"format-standard","5":"has-post-thumbnail","7":"category-urheilu","8":"tag-fi","9":"tag-finland","10":"tag-finnish","11":"tag-ilta-sanomat","12":"tag-sports","13":"tag-suomi","14":"tag-urheilu"},"share_on_mastodon":{"url":"https:\/\/pubeurope.com\/@fi\/115904136126838781","error":""},"_links":{"self":[{"href":"https:\/\/www.europesays.com\/fi\/wp-json\/wp\/v2\/posts\/143846","targetHints":{"allow":["GET"]}}],"collection":[{"href":"https:\/\/www.europesays.com\/fi\/wp-json\/wp\/v2\/posts"}],"about":[{"href":"https:\/\/www.europesays.com\/fi\/wp-json\/wp\/v2\/types\/post"}],"author":[{"embeddable":true,"href":"https:\/\/www.europesays.com\/fi\/wp-json\/wp\/v2\/users\/2"}],"replies":[{"embeddable":true,"href":"https:\/\/www.europesays.com\/fi\/wp-json\/wp\/v2\/comments?post=143846"}],"version-history":[{"count":0,"href":"https:\/\/www.europesays.com\/fi\/wp-json\/wp\/v2\/posts\/143846\/revisions"}],"wp:featuredmedia":[{"embeddable":true,"href":"https:\/\/www.europesays.com\/fi\/wp-json\/wp\/v2\/media\/143847"}],"wp:attachment":[{"href":"https:\/\/www.europesays.com\/fi\/wp-json\/wp\/v2\/media?parent=143846"}],"wp:term":[{"taxonomy":"category","embeddable":true,"href":"https:\/\/www.europesays.com\/fi\/wp-json\/wp\/v2\/categories?post=143846"},{"taxonomy":"post_tag","embeddable":true,"href":"https:\/\/www.europesays.com\/fi\/wp-json\/wp\/v2\/tags?post=143846"}],"curies":[{"name":"wp","href":"https:\/\/api.w.org\/{rel}","templated":true}]}}