{"id":143848,"date":"2026-01-16T09:45:08","date_gmt":"2026-01-16T09:45:08","guid":{"rendered":"https:\/\/www.europesays.com\/fi\/143848\/"},"modified":"2026-01-16T09:45:08","modified_gmt":"2026-01-16T09:45:08","slug":"nyt-puhuu-olavi-uusivirta-jonka-kaytos-heratti-huomiota-urheilugaalassa","status":"publish","type":"post","link":"https:\/\/www.europesays.com\/fi\/143848\/","title":{"rendered":"Nyt puhuu Olavi Uusivirta, jonka k\u00e4yt\u00f6s her\u00e4tti huomiota Urheilugaalassa"},"content":{"rendered":"<p>Muusikko Olavi Uusivirran esiintyminen huipensi Urheilugaalan. Osa katsojista pahoitti siit\u00e4 kuitenkin mielens\u00e4. <\/p>\n<p><img decoding=\"async\" class=\"image image-show image-preview\" src=\"https:\/\/www.europesays.com\/fi\/wp-content\/uploads\/2026\/01\/5237a4f2601a43505f48eae477f317d2b2b9eea92a291ec482316c4e182b182b.jpg\" alt=\"\"\/><img decoding=\"async\" class=\"image image-show\" src=\"https:\/\/www.europesays.com\/fi\/wp-content\/uploads\/2026\/01\/1768556708_652_5237a4f2601a43505f48eae477f317d2b2b9eea92a291ec482316c4e182b182b.jpg\" alt=\"\"\/><\/p>\n<p>Olavi Uusivirta vastaa esityksest\u00e4\u00e4n syntyneeseen polemiikkiin. Jenni G\u00e4stgivar<\/p>\n<p class=\"paragraph\">Muusikko <strong>Olavi Uusivirran<\/strong> esiintyminen Urheilugaalan p\u00e4\u00e4t\u00f6snumerossa on her\u00e4tt\u00e4nyt keskustelua. H\u00e4n siirtyi Jumalat juhlivat \u00f6isin -kappaleen aikana lavalta yleis\u00f6n joukkoon ja k\u00e4vi vierailemassa yleisurheilijoiden p\u00f6yd\u00e4ss\u00e4, jossa h\u00e4n kietoi k\u00e4tens\u00e4 kest\u00e4vyysjuoksija <strong>Alisa Vainion<\/strong> olkap\u00e4\u00e4lle.<\/p>\n<p class=\"paragraph\">Otettuaan reippaan huikan jonkun muun viinilasista Uusivirta halasi esityksen aikana my\u00f6s Vainion valmentajaa <strong>Jarmo Viskaria<\/strong>, seitsenottelija <strong>Saga Vannista<\/strong>, korkeushypp\u00e4\u00e4j\u00e4 <strong>Ella Mikkolaa<\/strong> ja moukarinheitt\u00e4j\u00e4 <strong>Silja Kososta<\/strong>. <a href=\"https:\/\/www.iltalehti.fi\/viihdeuutiset\/42ab15de-d0a0-4520-a8d5-dd6935c931be\" rel=\"nofollow noopener\" target=\"_blank\">Sosiaalisessa mediassa esityksest\u00e4 nousi vilkas keskustelu<\/a>, jossa osa katsojista tulkitsi urheilijoiden vaivaantuneen ja Uusivirran l\u00e4\u00e4ppineen heit\u00e4.<\/p>\n<p class=\"paragraph\">Iltalehti tavoitti Olavi Uusivirran, joka kertoo, ett\u00e4 TV2-kanavalla televisiossa n\u00e4hdyst\u00e4 koreografiasta oli sovittu ennakkoon Urheilugaalan tuotannon ja ohjaajan kanssa.<\/p>\n<p class=\"paragraph\"><strong>Eli olitte sopineet sen, ett\u00e4 k\u00e4yt siin\u00e4 yleis\u00f6n puolella ja urheilijatkin tiesiv\u00e4t sen?<\/strong><\/p>\n<p class=\"paragraph\">\u2013 Joo, olimme viel\u00e4 katsoneet etuk\u00e4teen, ett\u00e4 t\u00e4m\u00e4 p\u00f6yt\u00e4 numero 8 olisi paras p\u00f6yt\u00e4 siihen. Kameraryhm\u00e4kin tiesi, ett\u00e4 t\u00e4llainen visiitti saattaa siihen p\u00f6yt\u00e4\u00e4n tulla. En tied\u00e4 miten tarkkaan tuotanto on informoinut ket\u00e4kin, mutta suunnitelma tehtiin tuotannon kanssa, ja he ehdottivat t\u00e4t\u00e4 p\u00f6yt\u00e4\u00e4 minulle, Uusivirta kertoo.<\/p>\n<p class=\"paragraph\"><strong>Ja oli teill\u00e4 tuotannon kanssa puhetta siit\u00e4, ett\u00e4 saatat esityksess\u00e4 halata gaalavieraita?<\/strong><\/p>\n<p class=\"paragraph\">\u2013 Kyll\u00e4, juuri n\u00e4in, h\u00e4n vastaa.<\/p>\n<p class=\"paragraph\">\u2013 Kaikki oli ennakolta sovittu, ett\u00e4 t\u00e4llainen voisi sopia t\u00e4h\u00e4n biisiin ja loppunumeroon. Useimmiten tuollaiset gaalat ovat luonteeltaan p\u00f6n\u00f6tt\u00e4vi\u00e4, ja siin\u00e4 tekee j\u00e4\u00e4n murtaminenkin ihan hyv\u00e4\u00e4 v\u00e4lill\u00e4. Esiintyj\u00e4n\u00e4 sit\u00e4 on aika herkill\u00e4, ett\u00e4 kyll\u00e4 sit\u00e4 aistii, jos joku ei miss\u00e4\u00e4n nimess\u00e4 halua olla kontaktissa.<\/p>\n<p class=\"paragraph\">Muusikko sanoo saaneensa esiintymisest\u00e4\u00e4n pelk\u00e4st\u00e4\u00e4n positiivista palautetta.<\/p>\n<p class=\"paragraph\">\u2013 Ihan mukaan lukien p\u00f6yd\u00e4ss\u00e4 istuneelta Alisa Vainiolta. H\u00e4n laittoi heti aamulla viesti\u00e4, ett\u00e4 olipa mahtava show, ett\u00e4 harmi kun oli niin lyhyt keikka, h\u00e4n kun olisi toivonut sen jatkuvan pidemp\u00e4\u00e4n, Uusivirta naurahtaa.<\/p>\n<p class=\"paragraph\">H\u00e4n ei usko p\u00f6yd\u00e4ss\u00e4 olleiden urheilijoiden traumatisoituneen halauksista.<\/p>\n<p class=\"paragraph\">\u2013 Jos joku on keikkojani aikaisemmin n\u00e4hnyt, niin tiet\u00e4\u00e4, ett\u00e4 m\u00e4h\u00e4n en hirve\u00e4n hyvin siell\u00e4 lavalla viihdy. Ajattelen, ett\u00e4 teht\u00e4v\u00e4ni on esiintyj\u00e4n\u00e4 nimenomaan rikkoa se yleis\u00f6n ja esiintyj\u00e4n v\u00e4linen rajapinta. Se on ollut el\u00e4m\u00e4nteht\u00e4v\u00e4ni yli 20 vuotta, h\u00e4n selitt\u00e4\u00e4.<\/p>\n<p class=\"paragraph\"><strong>Mit\u00e4 sanoisit katsojille, jotka pitiv\u00e4t k\u00e4yt\u00f6st\u00e4si l\u00e4\u00e4ppimisen\u00e4?<\/strong><\/p>\n<p class=\"paragraph\">\u2013 Ajattelen niin, ett\u00e4 jos k\u00e4yn halaamassa ihmist\u00e4, tai jos minua tultaisiin halaamaan, en pid\u00e4 sit\u00e4 mitenk\u00e4\u00e4n asiattomana k\u00e4yt\u00f6ksen\u00e4. Se on v\u00e4h\u00e4n ylireagointia. Jokainen voi katsoa tuon tilanteen videolta ja tehd\u00e4 siit\u00e4 omat johtop\u00e4\u00e4t\u00f6kset. Lupaan, etten pysy lavalla vastaisuudessakaan!<\/p>\n<p class=\"paragraph\">Laulaja kertoo rikkoneensa ramppia keikoillaan usein my\u00f6s hypp\u00e4\u00e4m\u00e4ll\u00e4 \u201dsurffaamaan yleis\u00f6n sekaan\u201d.<\/p>\n<p class=\"paragraph\">\u2013 Jos p\u00f6n\u00f6tt\u00e4isin lavalla ylh\u00e4isess\u00e4 yksin\u00e4isyydess\u00e4ni, niin se ei v\u00e4ltt\u00e4m\u00e4tt\u00e4 olisi kauhean hyv\u00e4 esitys. Siit\u00e4 on muodostunut jonkinlainen tavaramerkkikin. Meill\u00e4 alkaa maaliskuussa iso kiertue, ja voin luvata, ett\u00e4 ramppi rikkoutuu jokaisella keikalla!<\/p>\n","protected":false},"excerpt":{"rendered":"Muusikko Olavi Uusivirran esiintyminen huipensi Urheilugaalan. Osa katsojista pahoitti siit\u00e4 kuitenkin mielens\u00e4. Olavi Uusivirta vastaa esityksest\u00e4\u00e4n syntyneeseen polemiikkiin.&hellip;\n","protected":false},"author":2,"featured_media":143849,"comment_status":"","ping_status":"","sticky":false,"template":"","format":"standard","meta":{"footnotes":""},"categories":[130],"tags":[35,138,137,33,31,30,763,47,141,32,397,484,109],"class_list":{"0":"post-143848","1":"post","2":"type-post","3":"status-publish","4":"format-standard","5":"has-post-thumbnail","7":"category-viihde","8":"tag-24h","9":"tag-audio","10":"tag-entertainment","11":"tag-fi","12":"tag-finland","13":"tag-finnish","14":"tag-kulttuuri-ja-viihde","15":"tag-musiikki","16":"tag-muusikot-bandit","17":"tag-suomi","18":"tag-taide","19":"tag-taiteellinen-ilmaisu-ja-mediat","20":"tag-viihde"},"share_on_mastodon":{"url":"https:\/\/pubeurope.com\/@fi\/115904139925154345","error":""},"_links":{"self":[{"href":"https:\/\/www.europesays.com\/fi\/wp-json\/wp\/v2\/posts\/143848","targetHints":{"allow":["GET"]}}],"collection":[{"href":"https:\/\/www.europesays.com\/fi\/wp-json\/wp\/v2\/posts"}],"about":[{"href":"https:\/\/www.europesays.com\/fi\/wp-json\/wp\/v2\/types\/post"}],"author":[{"embeddable":true,"href":"https:\/\/www.europesays.com\/fi\/wp-json\/wp\/v2\/users\/2"}],"replies":[{"embeddable":true,"href":"https:\/\/www.europesays.com\/fi\/wp-json\/wp\/v2\/comments?post=143848"}],"version-history":[{"count":0,"href":"https:\/\/www.europesays.com\/fi\/wp-json\/wp\/v2\/posts\/143848\/revisions"}],"wp:featuredmedia":[{"embeddable":true,"href":"https:\/\/www.europesays.com\/fi\/wp-json\/wp\/v2\/media\/143849"}],"wp:attachment":[{"href":"https:\/\/www.europesays.com\/fi\/wp-json\/wp\/v2\/media?parent=143848"}],"wp:term":[{"taxonomy":"category","embeddable":true,"href":"https:\/\/www.europesays.com\/fi\/wp-json\/wp\/v2\/categories?post=143848"},{"taxonomy":"post_tag","embeddable":true,"href":"https:\/\/www.europesays.com\/fi\/wp-json\/wp\/v2\/tags?post=143848"}],"curies":[{"name":"wp","href":"https:\/\/api.w.org\/{rel}","templated":true}]}}