{"id":143851,"date":"2026-01-16T09:49:07","date_gmt":"2026-01-16T09:49:07","guid":{"rendered":"https:\/\/www.europesays.com\/fi\/143851\/"},"modified":"2026-01-16T09:49:07","modified_gmt":"2026-01-16T09:49:07","slug":"soste-yli-puoli-miljoonaa-soten-asiakasmaksua-ulosotossa","status":"publish","type":"post","link":"https:\/\/www.europesays.com\/fi\/143851\/","title":{"rendered":"Soste: Yli puoli miljoonaa soten asiakasmaksua ulosotossa"},"content":{"rendered":"<p>Ulosotossa olevien asiakasmaksujen m\u00e4\u00e4r\u00e4 vaihtelee suuresti alueittain.<\/p>\n<p class=\"article-body mb-nof-24 px-nof-16\">Yli puolella miljoonalla suomalaisella on sosiaali- ja terveyspalvelujen ja varhaiskasvatuksen asiakasmaksuja ulosotossa. Sosiaali- ja terveysalan kattoj\u00e4rjest\u00f6n Sosten selvityksen mukaan 507\u202f000 terveydenhuollon ja varhaiskasvatuksen asiakasmaksua on ulosotossa.<\/p>\n<p class=\"article-body mb-nof-24 px-nof-16\">Terveyskeskusmaksut ja hammashoidon maksut muodostavat Sosten mukaan kolmanneksen kaikista ulosotoista.<\/p>\n<p class=\"article-body mb-nof-24 px-nof-16\">Ulosotossa olevien asiakasmaksujen m\u00e4\u00e4r\u00e4 vaihtelee suuresti eri hyvinvointialueilla. Eniten ulosottoon asiakasmaksuja meni Sosten mukaan P\u00e4ij\u00e4t-H\u00e4meess\u00e4, Etel\u00e4-Karjalassa ja Keski-Pohjanmaalla.<\/p>\n<p class=\"article-body mb-nof-24 px-nof-16\">V\u00e4hiten asiakasmaksuja meni ulosottoon Sosten mukaan Varsinais-Suomessa Toisaalta Varsinais-Suomessa ulosottojen m\u00e4\u00e4r\u00e4 kasvoi eniten. Ulosottojen m\u00e4\u00e4r\u00e4 kasvoi my\u00f6s It\u00e4-Uudellamaalla ja Lapissa.<\/p>\n<p class=\"article-body mb-nof-24 px-nof-16\">Kaiken kaikkiaan ulosottoon joutuneiden maksujen m\u00e4\u00e4r\u00e4 v\u00e4heni viime vuodesta noin kolmella prosentilla. <\/p>\n<p class=\"article-body mb-nof-24 px-nof-16\">Sosten mukaan asiakasmaksujen nousu ja sosiaaliturvaleikkaukset voivat vaikuttaa siihen, ett\u00e4 ihmiset eiv\u00e4t uskalla hakeutua hoitoon. T\u00e4ll\u00e4 vaalikaudella hallitus on p\u00e4\u00e4tt\u00e4nyt mahdollistaa asiakasmaksujen korottamisen ja tehnyt useita leikkauksia sosiaaliturvaan.<\/p>\n<p class=\"article-body mb-nof-24 px-nof-16\">\u2013 T\u00e4m\u00e4 ei ole inhimillisesti kest\u00e4v\u00e4\u00e4 ja voi lopulta tulla yhteiskunnalle kalliimmaksi, kun perusterveydenhuoltoon ei hakeuduta ajoissa ja terveysongelmat pahenevat, Sosten eduskuntavalvonta\u00adp\u00e4\u00e4llikk\u00f6 <a class=\"font-bold underline-offset-[0.12em] [text-decoration:var(--person-link-text-decoration)] ![text-decoration-color:var(--person-link-text-decoration-color)]\" href=\"https:\/\/www.is.fi\/haku\/?query=Anne%20Per%C3%A4lahti\" rel=\"nofollow noopener\" target=\"_blank\">Anne Per\u00e4lahti<\/a> sanoo.<\/p>\n<p class=\"article-body mb-nof-24 px-nof-16\">Lain mukaan asiakasmaksuja on alennettava tai j\u00e4tett\u00e4v\u00e4 perim\u00e4tt\u00e4, jos ne uhkaavat kotitalouden toimeentuloa. Soste kritisoi sit\u00e4, ett\u00e4 alentmaisk\u00e4yt\u00e4nn\u00f6t vaihtelevat suuresti alueittain. Sosten mukaan sote-maksujen alentamisen hakeminen on hyvin monimutkaista.<\/p>\n","protected":false},"excerpt":{"rendered":"Ulosotossa olevien asiakasmaksujen m\u00e4\u00e4r\u00e4 vaihtelee suuresti alueittain. Yli puolella miljoonalla suomalaisella on sosiaali- ja terveyspalvelujen ja varhaiskasvatuksen asiakasmaksuja&hellip;\n","protected":false},"author":2,"featured_media":143852,"comment_status":"","ping_status":"","sticky":false,"template":"","format":"standard","meta":{"footnotes":""},"categories":[14],"tags":[22,23,26,27,33,31,30,17,34,24,25,28,29,15,18,21,32,19,20,56,16,59,60,61],"class_list":{"0":"post-143851","1":"post","2":"type-post","3":"status-publish","4":"format-standard","5":"has-post-thumbnail","7":"category-ulkomaat","8":"tag-breaking-news","9":"tag-breakingnews","10":"tag-featured-news","11":"tag-featurednews","12":"tag-fi","13":"tag-finland","14":"tag-finnish","15":"tag-headlines","16":"tag-ilta-sanomat","17":"tag-latest-news","18":"tag-latestnews","19":"tag-main-news","20":"tag-mainnews","21":"tag-news","22":"tag-otsikot","23":"tag-paauutiset","24":"tag-suomi","25":"tag-top-stories","26":"tag-topstories","27":"tag-ulkomaat","28":"tag-uutiset","29":"tag-world","30":"tag-world-news","31":"tag-worldnews"},"share_on_mastodon":{"url":"https:\/\/pubeurope.com\/@fi\/115904155824287408","error":""},"_links":{"self":[{"href":"https:\/\/www.europesays.com\/fi\/wp-json\/wp\/v2\/posts\/143851","targetHints":{"allow":["GET"]}}],"collection":[{"href":"https:\/\/www.europesays.com\/fi\/wp-json\/wp\/v2\/posts"}],"about":[{"href":"https:\/\/www.europesays.com\/fi\/wp-json\/wp\/v2\/types\/post"}],"author":[{"embeddable":true,"href":"https:\/\/www.europesays.com\/fi\/wp-json\/wp\/v2\/users\/2"}],"replies":[{"embeddable":true,"href":"https:\/\/www.europesays.com\/fi\/wp-json\/wp\/v2\/comments?post=143851"}],"version-history":[{"count":0,"href":"https:\/\/www.europesays.com\/fi\/wp-json\/wp\/v2\/posts\/143851\/revisions"}],"wp:featuredmedia":[{"embeddable":true,"href":"https:\/\/www.europesays.com\/fi\/wp-json\/wp\/v2\/media\/143852"}],"wp:attachment":[{"href":"https:\/\/www.europesays.com\/fi\/wp-json\/wp\/v2\/media?parent=143851"}],"wp:term":[{"taxonomy":"category","embeddable":true,"href":"https:\/\/www.europesays.com\/fi\/wp-json\/wp\/v2\/categories?post=143851"},{"taxonomy":"post_tag","embeddable":true,"href":"https:\/\/www.europesays.com\/fi\/wp-json\/wp\/v2\/tags?post=143851"}],"curies":[{"name":"wp","href":"https:\/\/api.w.org\/{rel}","templated":true}]}}