{"id":143853,"date":"2026-01-16T09:50:09","date_gmt":"2026-01-16T09:50:09","guid":{"rendered":"https:\/\/www.europesays.com\/fi\/143853\/"},"modified":"2026-01-16T09:50:09","modified_gmt":"2026-01-16T09:50:09","slug":"espoon-korpilammella-hevostilan-varastorakennusta-sammutetaan-viela-tunteja-kaikki-hevoset-on-saatu-laitumelta-sisalle-kotimaa","status":"publish","type":"post","link":"https:\/\/www.europesays.com\/fi\/143853\/","title":{"rendered":"Espoon Korpilammella hevostilan varastorakennusta sammutetaan viel\u00e4 tunteja \u2013 kaikki hevoset on saatu laitumelta sis\u00e4lle | Kotimaa"},"content":{"rendered":"<p class=\"aw-1gybjub aw-5vja16 kEtdKx kmuxyA yle__article__paragraph\">Palosta ei ole aiheutunut henkil\u00f6vahinkoja, eik\u00e4 el\u00e4invahinkoja, kertoo L\u00e4nsi-Uudenmaan pelastuslaitos. Kytevien hein\u00e4paalien sammuttaminen on hidasta.<\/p>\n<p><img decoding=\"async\" alt=\"Paloauto talvisessa maisemassa taustalla nousee savua.\" src=\"https:\/\/www.europesays.com\/fi\/wp-content\/uploads\/2026\/01\/39-15824546969f15305dd5.jpeg\" class=\"aw-1l9m598 hKVVvP\"\/><\/p>\n<p>Avaa kuvien katselu<\/p>\n<p>L\u00e4nsi-Uudenmaan pelastuslaitos sai h\u00e4lytyksen palosta perjantaiaamuna puoli yhdeks\u00e4n j\u00e4lkeen. Kuva: Matti Myller \/ Yle<\/p>\n<p class=\"aw-1gybjub aw-1p7kakr kEtdKx cEmitX yle__article__paragraph\">L\u00e4nsi-Uudellamaalla Espoossa on k\u00e4ynniss\u00e4 tulipalo Korpilammella Huhtam\u00e4entiell\u00e4.<\/p>\n<p class=\"aw-1gybjub aw-1p7kakr kEtdKx cEmitX yle__article__paragraph\">L\u00e4nsi-Uudenmaan pelastuslaitoksen mukaan hevostilan varastorakennus palaa ja sammutusty\u00f6t ovat k\u00e4ynniss\u00e4.<\/p>\n<p class=\"aw-1gybjub aw-1p7kakr kEtdKx cEmitX yle__article__paragraph\">Palosta ei ole aiheutunut henkil\u00f6vahinkoja, eik\u00e4 el\u00e4invahinkoja. Kaikki hevoset on saatu laitumelta sis\u00e4lle l\u00e4heiseen talliin.<\/p>\n<p class=\"aw-1gybjub aw-1p7kakr kEtdKx cEmitX yle__article__paragraph\">Sammutusty\u00f6t j\u00e4lkit\u00f6ineen kest\u00e4v\u00e4t viel\u00e4 muutaman tunnin.<\/p>\n<p><img decoding=\"async\" alt=\"Paloauto talvisessa maisemassa taustalla nousee savua.\" src=\"https:\/\/www.europesays.com\/fi\/wp-content\/uploads\/2026\/01\/39-15824536969f15241ec4.jpeg\" loading=\"lazy\" class=\"aw-1l9m598 hKVVvP\"\/><\/p>\n<p>Avaa kuvien katselu<\/p>\n<p>Sammutusty\u00f6t ovat k\u00e4ynniss\u00e4 Espoon Korpilammella. Kuva: Matti Myller \/ Yle<\/p>\n<p class=\"aw-1gybjub aw-1p7kakr kEtdKx cEmitX yle__article__paragraph\">\u2013 Traktori syttyi palamaan varastorakennuksessa. Tuli levisi heiniin, jotka ovat samassa rakennuksessa, sanoo p\u00e4ivyst\u00e4v\u00e4 palomestari <strong class=\"aw-ak79eh KyCXm yle__article__strong\">Peik Joutsen<\/strong> L\u00e4nsi-Uudenmaan pelstuslaitokselta.<\/p>\n<p class=\"aw-1gybjub aw-1p7kakr kEtdKx cEmitX yle__article__paragraph\">Joutsenen mukaan hein\u00e4 kytee ja tuottaa savua, mutta ei en\u00e4\u00e4 l\u00e4mp\u00f6\u00e4. Painavat hein\u00e4paalit joudutaan purkamaan koneellisesti.<\/p>\n<p class=\"aw-1gybjub aw-1p7kakr kEtdKx cEmitX yle__article__paragraph\">Sammutust\u00f6iden alkaessa kymmenen suomenhevosta oli viel\u00e4 laitumella.<\/p>\n<p class=\"aw-1gybjub aw-1p7kakr kEtdKx cEmitX yle__article__paragraph\">\u2013 T\u00e4llainen palo on pitk\u00e4kestoinen teht\u00e4v\u00e4 ja sitoo yksik\u00f6it\u00e4. Palava hein\u00e4varasto on aika haastava sammuttaa, v\u00e4h\u00e4n kuin maastopalo, kun tuli pureutuu turpeeseen ja muuhun. Sit\u00e4 joudutaan k\u00e4sity\u00f6n\u00e4 sammuttamaan, t\u00e4ss\u00e4 tapauksessa koneellisesti siirt\u00e4m\u00e4\u00e4n paaleja.<\/p>\n<p class=\"aw-1gybjub aw-1p7kakr kEtdKx cEmitX yle__article__paragraph\">Paalit painavat 500 kiloa.<\/p>\n<p><img decoding=\"async\" alt=\"P\u00e4ivyst\u00e4v\u00e4 palomestari Keith Joutsen L\u00e4nsi-Uudenmaan pelstuslaitokselta.\" src=\"https:\/\/www.europesays.com\/fi\/wp-content\/uploads\/2026\/01\/39-15824746969f6f1566fa.jpeg\" loading=\"lazy\" class=\"aw-1l9m598 hKVVvP\"\/><\/p>\n<p>Avaa kuvien katselu<\/p>\n<p>P\u00e4ivyst\u00e4v\u00e4n palomestari Peik Joutsenen mukaan savusukellusteht\u00e4v\u00e4n\u00e4 sammutus on ihan tavanomainen, mutta jos korkea hein\u00e4kasa palaa alapuolelta, vaarana on, ett\u00e4 se voi kaatua henkil\u00f6st\u00f6n p\u00e4\u00e4lle.  Kuva: Matti Myller \/ Yle<\/p>\n<p class=\"aw-1gybjub aw-1p7kakr kEtdKx cEmitX yle__article__paragraph\">Tulipaloa on ollut sammuttamassa yksik\u00f6it\u00e4 Espoosta, Vantaalta, Helsingist\u00e4 ja Keski-Uudeltamaalta.<\/p>\n<p class=\"aw-1gybjub aw-1p7kakr kEtdKx cEmitX yle__article__paragraph\">Sammutusty\u00f6t j\u00e4lkit\u00f6ineen kest\u00e4v\u00e4t viel\u00e4 muutaman tunnin.<\/p>\n<p><img decoding=\"async\" alt=\"Palomiehet lumisella pellolla, taustalla varastorakennus ja pelastusty\u00f6t k\u00e4ynniss\u00e4.\" src=\"https:\/\/www.europesays.com\/fi\/wp-content\/uploads\/2026\/01\/39-15824776969f6f35d470.jpeg\" loading=\"lazy\" class=\"aw-1l9m598 hKVVvP\"\/><\/p>\n<p>Avaa kuvien katselu<\/p>\n<p>Hevoset jouduttiin ohjaamaan pois laitumelta ennen sammutust\u00f6ihin p\u00e4\u00e4semist\u00e4. Kuva: Matti Myller \/ Yle<\/p>\n<p class=\"aw-1gybjub aw-1p7kakr kEtdKx cEmitX yle__article__paragraph\">Paikan omistaja <strong class=\"aw-ak79eh KyCXm yle__article__strong\">Anneli Kivel\u00e4<\/strong> kertoo, ett\u00e4 h\u00e4nell\u00e4 oli aikomus siirt\u00e4\u00e4 tytt\u00e4ren kanssa hein\u00e4paaleja traktorilla.<\/p>\n<p class=\"aw-1gybjub aw-1p7kakr kEtdKx cEmitX yle__article__paragraph\">\u2013 Tyt\u00e4r l\u00e4mmitti traktoria varastossa. Yht\u00e4kki\u00e4 kuulin sis\u00e4lle kauhean pamauksen. H\u00e4t\u00e4\u00e4nnyin, ett\u00e4 on sattunut jotain, mutta onneksi tyt\u00e4r ei ollut sill\u00e4 hetkell\u00e4 maneesissa ja huomasi, ett\u00e4 traktori oli syttynyt palamaan.<\/p>\n<p class=\"aw-1gybjub aw-1p7kakr kEtdKx cEmitX yle__article__paragraph\">Tyt\u00e4r pyysi \u00e4iti\u00e4\u00e4n soittamaan palokunnalle.<\/p>\n<p><img decoding=\"async\" alt=\"Mustunut traktori lumisessa maisemassa.\" src=\"https:\/\/www.europesays.com\/fi\/wp-content\/uploads\/2026\/01\/39-1582535696a058ebaa30.jpeg\" loading=\"lazy\" class=\"aw-1l9m598 hKVVvP\"\/><\/p>\n<p>Avaa kuvien katselu<\/p>\n<p>Tulipaloa sai tiett\u00e4v\u00e4sti alkunsa l\u00e4mmityksess\u00e4 olleesta traktorista. Kuva: Matti Myller \/ Yle<\/p>\n<p class=\"aw-1gybjub aw-1p7kakr kEtdKx cEmitX yle__article__paragraph\">Kivel\u00e4n kertoman mukaan traktori paukkui, joten hevoset pillastuivat tarhassa ja niit\u00e4 oli vaikea saada sis\u00e4\u00e4n talliin.<\/p>\n<p class=\"aw-1gybjub aw-1p7kakr kEtdKx cEmitX yle__article__paragraph\">\u2013 Onneksi t\u00e4m\u00e4 on ollut meill\u00e4 l\u00e4hinn\u00e4 lantala ja hein\u00e4varasto. Tietenkin se traktori meni. Se on meille aika elint\u00e4rke\u00e4, koska se on ainoa, mill\u00e4 kuljetamme heini\u00e4. Jotenkin t\u00e4ytyy vaan p\u00e4rj\u00e4t\u00e4.<\/p>\n<p class=\"aw-1gybjub aw-1p7kakr kEtdKx cEmitX yle__article__paragraph\">Pelastuslaitos sai h\u00e4lytyksen palosta perjantaiaamuna puoli yhdeks\u00e4n j\u00e4lkeen.<\/p>\n<p><img decoding=\"async\" alt=\"Paloauto pellolla, taustalla savuava varastorakennus.\" src=\"https:\/\/www.europesays.com\/fi\/wp-content\/uploads\/2026\/01\/39-15824656969f2905c956.jpeg\" loading=\"lazy\" class=\"aw-1l9m598 hKVVvP\"\/><\/p>\n<p>Avaa kuvien katselu<\/p>\n<p>Hevostilan varastorakennus palaa Espoossa. Kuva: Matti Myller \/ Yle<\/p>\n<p class=\"aw-1gybjub aw-1p7kakr kEtdKx cEmitX yle__article__paragraph\">Kello 11.07 Korjattu p\u00e4ivyst\u00e4v\u00e4n palomestari <strong class=\"aw-ak79eh KyCXm yle__article__strong\">Peik Joutsenen<\/strong> etunimi oikeaan muotoon Keithist\u00e4 Peikiksi.<\/p>\n","protected":false},"excerpt":{"rendered":"Palosta ei ole aiheutunut henkil\u00f6vahinkoja, eik\u00e4 el\u00e4invahinkoja, kertoo L\u00e4nsi-Uudenmaan pelastuslaitos. Kytevien hein\u00e4paalien sammuttaminen on hidasta. Avaa kuvien katselu&hellip;\n","protected":false},"author":2,"featured_media":143854,"comment_status":"","ping_status":"","sticky":false,"template":"","format":"standard","meta":{"footnotes":""},"categories":[12],"tags":[22,23,400,26,27,33,31,30,17,71,24615,24,25,28,29,15,837,18,21,32,19,20,6110,1265,1168,16],"class_list":{"0":"post-143853","1":"post","2":"type-post","3":"status-publish","4":"format-standard","5":"has-post-thumbnail","7":"category-suomi","8":"tag-breaking-news","9":"tag-breakingnews","10":"tag-espoo","11":"tag-featured-news","12":"tag-featurednews","13":"tag-fi","14":"tag-finland","15":"tag-finnish","16":"tag-headlines","17":"tag-kotimaa","18":"tag-lansi-uudenmaan-pelastuslaitos","19":"tag-latest-news","20":"tag-latestnews","21":"tag-main-news","22":"tag-mainnews","23":"tag-news","24":"tag-onnettomuudet","25":"tag-otsikot","26":"tag-paauutiset","27":"tag-suomi","28":"tag-top-stories","29":"tag-topstories","30":"tag-tulipalojen-sammuttaminen","31":"tag-tulipalot","32":"tag-uusimaa","33":"tag-uutiset"},"share_on_mastodon":{"url":"https:\/\/pubeurope.com\/@fi\/115904159751422005","error":""},"_links":{"self":[{"href":"https:\/\/www.europesays.com\/fi\/wp-json\/wp\/v2\/posts\/143853","targetHints":{"allow":["GET"]}}],"collection":[{"href":"https:\/\/www.europesays.com\/fi\/wp-json\/wp\/v2\/posts"}],"about":[{"href":"https:\/\/www.europesays.com\/fi\/wp-json\/wp\/v2\/types\/post"}],"author":[{"embeddable":true,"href":"https:\/\/www.europesays.com\/fi\/wp-json\/wp\/v2\/users\/2"}],"replies":[{"embeddable":true,"href":"https:\/\/www.europesays.com\/fi\/wp-json\/wp\/v2\/comments?post=143853"}],"version-history":[{"count":0,"href":"https:\/\/www.europesays.com\/fi\/wp-json\/wp\/v2\/posts\/143853\/revisions"}],"wp:featuredmedia":[{"embeddable":true,"href":"https:\/\/www.europesays.com\/fi\/wp-json\/wp\/v2\/media\/143854"}],"wp:attachment":[{"href":"https:\/\/www.europesays.com\/fi\/wp-json\/wp\/v2\/media?parent=143853"}],"wp:term":[{"taxonomy":"category","embeddable":true,"href":"https:\/\/www.europesays.com\/fi\/wp-json\/wp\/v2\/categories?post=143853"},{"taxonomy":"post_tag","embeddable":true,"href":"https:\/\/www.europesays.com\/fi\/wp-json\/wp\/v2\/tags?post=143853"}],"curies":[{"name":"wp","href":"https:\/\/api.w.org\/{rel}","templated":true}]}}