{"id":143855,"date":"2026-01-16T09:51:10","date_gmt":"2026-01-16T09:51:10","guid":{"rendered":"https:\/\/www.europesays.com\/fi\/143855\/"},"modified":"2026-01-16T09:51:10","modified_gmt":"2026-01-16T09:51:10","slug":"sahkobussi-syttyi-palamaan-kesken-ajon-kotkassa-kyydissa-40-matkustajaa-kymenlaakso","status":"publish","type":"post","link":"https:\/\/www.europesays.com\/fi\/143855\/","title":{"rendered":"S\u00e4hk\u00f6bussi syttyi palamaan kesken ajon Kotkassa \u2013 kyydiss\u00e4 40 matkustajaa | Kymenlaakso"},"content":{"rendered":"<p class=\"aw-1gybjub aw-5vja16 kEtdKx kmuxyA yle__article__paragraph\">Kyseess\u00e4 oli Kotkan ja Haminan v\u00e4lill\u00e4 liikenn\u00f6iv\u00e4 paikallisbussi.<\/p>\n<p><img decoding=\"async\" alt=\"Linja-auto jonka takap\u00e4\u00e4 on mustunut ja rikki. \" src=\"https:\/\/www.europesays.com\/fi\/wp-content\/uploads\/2026\/01\/39-15824146969e2cdb0698.jpeg\" class=\"aw-1l9m598 hKVVvP\"\/><\/p>\n<p>Avaa kuvien katselu<\/p>\n<p>S\u00e4hk\u00f6bussissa syttyi tulipalo Kotkassa. Kuva: Aleksi Taponen \/ Yle<\/p>\n<p class=\"aw-1gybjub aw-1p7kakr kEtdKx cEmitX yle__article__paragraph\">Paikallisliikenteen s\u00e4hk\u00f6bussi syttyi tuleen Kyminlinnantien ja Turvalantien risteyksess\u00e4 Kotkassa perjantaiaamuna. Kyseess\u00e4 oli Kotkan ja Haminan v\u00e4lill\u00e4 liikenn\u00f6iv\u00e4n paikallislinjan bussi.<\/p>\n<p class=\"aw-1gybjub aw-1p7kakr kEtdKx cEmitX yle__article__paragraph\">Aamulla kello kahdeksan j\u00e4lkeen syttyneess\u00e4 linja-autossa oli kyydiss\u00e4 40 matkustajaa. Kuljettaja evakuoi matkustajat eik\u00e4 kukaan loukkaantunut.<\/p>\n<p class=\"aw-1gybjub aw-1p7kakr kEtdKx cEmitX yle__article__paragraph\">Paikalla olleen Ylen toimittajan mukaan liekit saatiin sammumaan nopeasti ja noin yhdeks\u00e4n aikaan aamulla bussista nousi en\u00e4\u00e4 pient\u00e4 k\u00e4ry\u00e4.<\/p>\n<p><img decoding=\"async\" alt=\"Kartta, johon merkitty E18-tie, Karhula sek\u00e4 tulipalo.\" src=\"https:\/\/www.europesays.com\/fi\/wp-content\/uploads\/2026\/01\/39-15824076969e1c6444ca.jpeg\" loading=\"lazy\" class=\"aw-1l9m598 hKVVvP\"\/><\/p>\n<p>Avaa kuvien katselu<\/p>\n<p>Linja-auto syttyi tuleen Kyminlinnantien ja Turvalantien risteyksess\u00e4. Kuva: Riitta V\u00e4is\u00e4nen \/ Yle, Mapcreator, Open Street Map<\/p>\n<p class=\"aw-1gybjub aw-1p7kakr kEtdKx cEmitX yle__article__paragraph\">Kello kymmenen aikaan raivausty\u00f6t olivat viel\u00e4 k\u00e4ynniss\u00e4 ja bussia valmisteltiin hinattavaksi korjaamolle.<\/p>\n<p class=\"aw-1gybjub aw-1p7kakr kEtdKx cEmitX yle__article__paragraph\">Raivaust\u00f6ist\u00e4 aiheutuu edelleen haittaa liikenteelle. Pelastuslaitos oli paikalla viiden yksik\u00f6n voimin.<\/p>\n<p class=\"aw-1gybjub aw-1p7kakr kEtdKx cEmitX yle__article__paragraph\">Uutinen p\u00e4ivittyy.<\/p>\n<p><img decoding=\"async\" alt=\"S\u00e4hk\u00f6bussi jonka takap\u00e4\u00e4 on palanut. \" src=\"https:\/\/www.europesays.com\/fi\/wp-content\/uploads\/2026\/01\/39-15824106969e1ed21a1e.jpeg\" loading=\"lazy\" class=\"aw-1l9m598 hKVVvP\"\/><\/p>\n<p>Avaa kuvien katselu<\/p>\n<p>Bussissa on n\u00e4ht\u00e4vill\u00e4 palovaurioita. Kuva: Aleksi Taponen \/ Yle<\/p>\n","protected":false},"excerpt":{"rendered":"Kyseess\u00e4 oli Kotkan ja Haminan v\u00e4lill\u00e4 liikenn\u00f6iv\u00e4 paikallisbussi. Avaa kuvien katselu S\u00e4hk\u00f6bussissa syttyi tulipalo Kotkassa. Kuva: Aleksi Taponen&hellip;\n","protected":false},"author":2,"featured_media":143856,"comment_status":"","ping_status":"","sticky":false,"template":"","format":"standard","meta":{"footnotes":""},"categories":[5],"tags":[22,23,26,27,33,31,30,17,71,465,464,24,25,28,29,15,837,18,21,32,19,20,1265,16],"class_list":{"0":"post-143855","1":"post","2":"type-post","3":"status-publish","4":"format-standard","5":"has-post-thumbnail","7":"category-otsikot","8":"tag-breaking-news","9":"tag-breakingnews","10":"tag-featured-news","11":"tag-featurednews","12":"tag-fi","13":"tag-finland","14":"tag-finnish","15":"tag-headlines","16":"tag-kotimaa","17":"tag-kotka","18":"tag-kymenlaakso","19":"tag-latest-news","20":"tag-latestnews","21":"tag-main-news","22":"tag-mainnews","23":"tag-news","24":"tag-onnettomuudet","25":"tag-otsikot","26":"tag-paauutiset","27":"tag-suomi","28":"tag-top-stories","29":"tag-topstories","30":"tag-tulipalot","31":"tag-uutiset"},"share_on_mastodon":{"url":"https:\/\/pubeurope.com\/@fi\/115904163672583277","error":""},"_links":{"self":[{"href":"https:\/\/www.europesays.com\/fi\/wp-json\/wp\/v2\/posts\/143855","targetHints":{"allow":["GET"]}}],"collection":[{"href":"https:\/\/www.europesays.com\/fi\/wp-json\/wp\/v2\/posts"}],"about":[{"href":"https:\/\/www.europesays.com\/fi\/wp-json\/wp\/v2\/types\/post"}],"author":[{"embeddable":true,"href":"https:\/\/www.europesays.com\/fi\/wp-json\/wp\/v2\/users\/2"}],"replies":[{"embeddable":true,"href":"https:\/\/www.europesays.com\/fi\/wp-json\/wp\/v2\/comments?post=143855"}],"version-history":[{"count":0,"href":"https:\/\/www.europesays.com\/fi\/wp-json\/wp\/v2\/posts\/143855\/revisions"}],"wp:featuredmedia":[{"embeddable":true,"href":"https:\/\/www.europesays.com\/fi\/wp-json\/wp\/v2\/media\/143856"}],"wp:attachment":[{"href":"https:\/\/www.europesays.com\/fi\/wp-json\/wp\/v2\/media?parent=143855"}],"wp:term":[{"taxonomy":"category","embeddable":true,"href":"https:\/\/www.europesays.com\/fi\/wp-json\/wp\/v2\/categories?post=143855"},{"taxonomy":"post_tag","embeddable":true,"href":"https:\/\/www.europesays.com\/fi\/wp-json\/wp\/v2\/tags?post=143855"}],"curies":[{"name":"wp","href":"https:\/\/api.w.org\/{rel}","templated":true}]}}