{"id":143857,"date":"2026-01-16T09:52:07","date_gmt":"2026-01-16T09:52:07","guid":{"rendered":"https:\/\/www.europesays.com\/fi\/143857\/"},"modified":"2026-01-16T09:52:07","modified_gmt":"2026-01-16T09:52:07","slug":"joukko-suomalaismeppeja-alahti-suomen-tuoreesta-susilaista","status":"publish","type":"post","link":"https:\/\/www.europesays.com\/fi\/143857\/","title":{"rendered":"Joukko suomalais\u00admeppej\u00e4 \u00e4l\u00e4hti Suomen tuoreesta susilaista"},"content":{"rendered":"<p>Suomessa saa t\u00e4n\u00e4 vuonna kaataa 100 sutta.<\/p>\n<p class=\"article-body mb-nof-24 px-nof-16\">Joukko suomalaismeppej\u00e4 on j\u00e4tt\u00e4nyt Euroopan komissiolle kirjallisen kysymyksen Suomen tuoreesta mets\u00e4styslain muutoksesta.<\/p>\n<p class=\"article-body mb-nof-24 px-nof-16\">Laissa sallitaan suden mets\u00e4stys yleisill\u00e4 kiinti\u00f6ill\u00e4 ilman valituskelpoista viranomaisp\u00e4\u00e4t\u00f6st\u00e4. Aiemmin suden mets\u00e4st\u00e4minen on vaatinut poikkeusluvan, josta on voinut valittaa hallinto-oikeuteen.<\/p>\n<p class=\"article-body mb-nof-24 px-nof-16\">Kirjallisen kysymyksen ovat allekirjoittaneet vasemmistoliiton <a class=\"font-bold underline-offset-[0.12em] [text-decoration:var(--person-link-text-decoration)] ![text-decoration-color:var(--person-link-text-decoration-color)]\" href=\"https:\/\/www.aamulehti.fi\/haku\/?query=Li%20Andersson\" rel=\"nofollow noopener\" target=\"_blank\">Li Andersson<\/a>, <a class=\"font-bold underline-offset-[0.12em] [text-decoration:var(--person-link-text-decoration)] ![text-decoration-color:var(--person-link-text-decoration-color)]\" href=\"https:\/\/www.aamulehti.fi\/haku\/?query=Merja%20Kyll%C3%B6nen\" rel=\"nofollow noopener\" target=\"_blank\">Merja Kyll\u00f6nen<\/a> ja <a class=\"font-bold underline-offset-[0.12em] [text-decoration:var(--person-link-text-decoration)] ![text-decoration-color:var(--person-link-text-decoration-color)]\" href=\"https:\/\/www.aamulehti.fi\/haku\/?query=Jussi%20Saramo\" rel=\"nofollow noopener\" target=\"_blank\">Jussi Saramo<\/a>, kokoomuksen <a class=\"font-bold underline-offset-[0.12em] [text-decoration:var(--person-link-text-decoration)] ![text-decoration-color:var(--person-link-text-decoration-color)]\" href=\"https:\/\/www.aamulehti.fi\/haku\/?query=Sirpa%20Pietik%C3%A4inen\" rel=\"nofollow noopener\" target=\"_blank\">Sirpa Pietik\u00e4inen<\/a> sek\u00e4 vihreiden <a class=\"font-bold underline-offset-[0.12em] [text-decoration:var(--person-link-text-decoration)] ![text-decoration-color:var(--person-link-text-decoration-color)]\" href=\"https:\/\/www.aamulehti.fi\/haku\/?query=Maria%20Ohisalo\" rel=\"nofollow noopener\" target=\"_blank\">Maria Ohisalo<\/a> ja <a class=\"font-bold underline-offset-[0.12em] [text-decoration:var(--person-link-text-decoration)] ![text-decoration-color:var(--person-link-text-decoration-color)]\" href=\"https:\/\/www.aamulehti.fi\/haku\/?query=Ville%20Niinist%C3%B6\" rel=\"nofollow noopener\" target=\"_blank\">Ville Niinist\u00f6<\/a>.<\/p>\n<p class=\"article-body mb-nof-24 px-nof-16\">\u201dSusi on Suomessa edelleen eritt\u00e4in uhanalainen, vaikka suojelu on tehonnut kantojen elvytt\u00e4miseen. Mets\u00e4styslain muutoksen j\u00e4lkeen Suomen noin 550 sudesta on kaadettu muutamassa viikossa jo yli 80 yksil\u00f6\u00e4 sadan vuosikiinti\u00f6st\u00e4, mik\u00e4 on todella huolestuttava suunta suojelun aidon toteutumisen kannalta\u201d, Andersson sanoo vasemmistoliiton tiedotteessa.<\/p>\n<p class=\"article-body mb-nof-24 px-nof-16\">Europarlamentaarikot kysyv\u00e4t komissiolta, onko uhanalaisten lajien kiinti\u00f6mets\u00e4stys EU:n luontodirektiivin mukainen. Europarlamentaarikot kiinnitt\u00e4v\u00e4t huomionsa my\u00f6s siihen, ett\u00e4 suden mets\u00e4styksest\u00e4 ei en\u00e4\u00e4 synny viranomaisp\u00e4\u00e4t\u00f6st\u00e4, josta voi valittaa hallinto-oikeuteen.<\/p>\n<p class=\"article-body mb-nof-24 px-nof-16\">\u201dRuotsi on esimerkiksi joutunut muuttamaan mets\u00e4styslakiaan jouduttuaan EU:n rikkomusmenettelyyn puutteellisen oikeusturvan takia. On olennaista kansalaisten ja j\u00e4rjest\u00f6jen oikeusturvan kannalta, ett\u00e4 viranomaisp\u00e4\u00e4t\u00f6ksist\u00e4 on mahdollista valittaa. Kysymys on my\u00f6s siit\u00e4, miten luonnonsuojelu todellisuudessa toteutuu\u201d, Kyll\u00f6nen sanoo.<\/p>\n<p class=\"article-body mb-nof-24 px-nof-16\">Suden mets\u00e4styst\u00e4 koskevat asetukset hyv\u00e4ksyttiin vuoden lopussa, mink\u00e4 my\u00f6t\u00e4 suden mets\u00e4stys j\u00e4rjestet\u00e4\u00e4n kuluvalla mets\u00e4styskaudella 1.1.\u201310.2.2026.<\/p>\n<p class=\"article-body mb-nof-24 px-nof-16\">Taustalla on 1. tammikuuta voimaan tullut mets\u00e4styslain muutos, joka poisti suden ymp\u00e4rivuotisen rauhoituksen.<\/p>\n<p class=\"article-body mb-nof-24 px-nof-16\">Kiinti\u00f6mets\u00e4styksell\u00e4 saa mets\u00e4st\u00e4\u00e4 enint\u00e4\u00e4n 100 sutta poronhoitoalueen ulkopuolella.<\/p>\n","protected":false},"excerpt":{"rendered":"Suomessa saa t\u00e4n\u00e4 vuonna kaataa 100 sutta. Joukko suomalaismeppej\u00e4 on j\u00e4tt\u00e4nyt Euroopan komissiolle kirjallisen kysymyksen Suomen tuoreesta mets\u00e4styslain&hellip;\n","protected":false},"author":2,"featured_media":143858,"comment_status":"","ping_status":"","sticky":false,"template":"","format":"standard","meta":{"footnotes":""},"categories":[117],"tags":[157,33,31,30,72,476,118,32,119,477],"class_list":{"0":"post-143857","1":"post","2":"type-post","3":"status-publish","4":"format-standard","5":"has-post-thumbnail","7":"category-luonto","8":"tag-aamulehti","9":"tag-fi","10":"tag-finland","11":"tag-finnish","12":"tag-luonto","13":"tag-nature","14":"tag-science","15":"tag-suomi","16":"tag-tiede","17":"tag-wildlife"},"share_on_mastodon":{"url":"https:\/\/pubeurope.com\/@fi\/115904167473947736","error":""},"_links":{"self":[{"href":"https:\/\/www.europesays.com\/fi\/wp-json\/wp\/v2\/posts\/143857","targetHints":{"allow":["GET"]}}],"collection":[{"href":"https:\/\/www.europesays.com\/fi\/wp-json\/wp\/v2\/posts"}],"about":[{"href":"https:\/\/www.europesays.com\/fi\/wp-json\/wp\/v2\/types\/post"}],"author":[{"embeddable":true,"href":"https:\/\/www.europesays.com\/fi\/wp-json\/wp\/v2\/users\/2"}],"replies":[{"embeddable":true,"href":"https:\/\/www.europesays.com\/fi\/wp-json\/wp\/v2\/comments?post=143857"}],"version-history":[{"count":0,"href":"https:\/\/www.europesays.com\/fi\/wp-json\/wp\/v2\/posts\/143857\/revisions"}],"wp:featuredmedia":[{"embeddable":true,"href":"https:\/\/www.europesays.com\/fi\/wp-json\/wp\/v2\/media\/143858"}],"wp:attachment":[{"href":"https:\/\/www.europesays.com\/fi\/wp-json\/wp\/v2\/media?parent=143857"}],"wp:term":[{"taxonomy":"category","embeddable":true,"href":"https:\/\/www.europesays.com\/fi\/wp-json\/wp\/v2\/categories?post=143857"},{"taxonomy":"post_tag","embeddable":true,"href":"https:\/\/www.europesays.com\/fi\/wp-json\/wp\/v2\/tags?post=143857"}],"curies":[{"name":"wp","href":"https:\/\/api.w.org\/{rel}","templated":true}]}}