{"id":143859,"date":"2026-01-16T10:03:07","date_gmt":"2026-01-16T10:03:07","guid":{"rendered":"https:\/\/www.europesays.com\/fi\/143859\/"},"modified":"2026-01-16T10:03:07","modified_gmt":"2026-01-16T10:03:07","slug":"tasa-han-on-janne-ahonen-esitteli-rakkaansa","status":"publish","type":"post","link":"https:\/\/www.europesays.com\/fi\/143859\/","title":{"rendered":"T\u00e4s\u00e4 h\u00e4n on &#8211; Janne Ahonen esitteli rakkaansa"},"content":{"rendered":"<p>T\u00e4n\u00e4\u00e4n on juhlittu vuosittaista Urheilugaalaa.<\/p>\n<p>Siell\u00e4 oli tarjolla kultaa ja kunniaa, mutta entisell\u00e4 m\u00e4kihypp\u00e4\u00e4j\u00e4ll\u00e4 Janne Ahosella oli mukanaan t\u00e4llaistakin kultaa kalliimpaa. Oma kulta nimitt\u00e4in.<\/p>\n<p>Urheilullinen Jannea nuorempi lady<\/p>\n<p>Janne Ahonen on rakastunut mies. Sen huomasi gaalassa. H\u00e4n p\u00e4\u00e4tti tehd\u00e4 rohkean siirron ja esitell\u00e4 Kuusamosta kotoisin olevan Henna-rakkaansa koko Suomelle.<\/p>\n<p>Kaksikko ei kuitenkaan antanut haastatteluja.<\/p>\n<p>Janne Ahonen on aiemmin todennut <a href=\"https:\/\/www.is.fi\/urheilu\/art-2000011752738.html\" rel=\"nofollow noopener\" target=\"_blank\">Ilta-Sanomille<\/a>, ett\u00e4 rakkausrintamalla menee hyvin.<\/p>\n<p>H\u00e4n kertoi marraskuussa, ett\u00e4 suhde alkoi kes\u00e4ll\u00e4.<\/p>\n<p>\u2013 Meill\u00e4 kolahti Hennan kanssa tunnepuolella heti vahvasti. Suhteemme toimii oikein mainiosti. Voi sanoa, ett\u00e4 olemme rakastuneita. h\u00e4n kuvaili IS:lle tuolloin<\/p>\n<p>Ahonen ehti olla sinkku vain lyhyen aikaa. H\u00e4n erosi Tiia-vaimostaan kev\u00e4\u00e4ll\u00e4 2025.<\/p>\n<p>Henna ja Janne:<\/p>\n<p><img loading=\"lazy\" height=\"432\" width=\"648\" class=\"wp-image-127466 sp-no-webp perfmatters-lazy\" alt=\"\" decoding=\"async\" src=\"https:\/\/www.europesays.com\/fi\/wp-content\/uploads\/2026\/01\/1.05878018-648x432.jpg\"  data-\/> <\/p>\n<p>Jannelle ilta toi mainetta<\/p>\n<p>Urheilugaalassa 15.1.2026 Janne sai kunnian liitty\u00e4 Suomen urheilun Hall of Fameen.<\/p>\n<p>Eik\u00e4 syytt\u00e4.<\/p>\n<p>Miehell\u00e4 on viisi maailman mestaruutta ja kaksi olympiahopeaa. H\u00e4n voitti urallaan 36 maailmancupin osakilpailua.<\/p>\n<p>Lue my\u00f6s: <a href=\"https:\/\/www.como.fi\/tilaa-comon-uutiskirje\/\" title=\"Tilaa Comon uutiskirje ja tied\u00e4t mist\u00e4 kahvitauolla puhutaan! Nappaa kotimaan tv-vinkit ja puheenaiheet suoraan s\u00e4hk\u00f6postiin t\u00e4st\u00e4.\" class=\"underline-custom !font-montserrat !font-bold !underline-offset-4 !decoration-4 !decoration-red-600 !text-md\" rel=\"nofollow noopener\" target=\"_blank\">Tilaa Comon uutiskirje ja tied\u00e4t mist\u00e4 kahvitauolla puhutaan! Nappaa kotimaan tv-vinkit ja puheenaiheet suoraan s\u00e4hk\u00f6postiin t\u00e4st\u00e4.<\/a><\/p>\n","protected":false},"excerpt":{"rendered":"T\u00e4n\u00e4\u00e4n on juhlittu vuosittaista Urheilugaalaa. Siell\u00e4 oli tarjolla kultaa ja kunniaa, mutta entisell\u00e4 m\u00e4kihypp\u00e4\u00e4j\u00e4ll\u00e4 Janne Ahosella oli mukanaan&hellip;\n","protected":false},"author":2,"featured_media":143860,"comment_status":"","ping_status":"","sticky":false,"template":"","format":"standard","meta":{"footnotes":""},"categories":[136],"tags":[407,137,33,31,30,6255,408,32,109],"class_list":{"0":"post-143859","1":"post","2":"type-post","3":"status-publish","4":"format-standard","5":"has-post-thumbnail","7":"category-julkkikset","8":"tag-celebrities","9":"tag-entertainment","10":"tag-fi","11":"tag-finland","12":"tag-finnish","13":"tag-janne-ahonen","14":"tag-julkkikset","15":"tag-suomi","16":"tag-viihde"},"share_on_mastodon":{"url":"https:\/\/pubeurope.com\/@fi\/115904210740197368","error":""},"_links":{"self":[{"href":"https:\/\/www.europesays.com\/fi\/wp-json\/wp\/v2\/posts\/143859","targetHints":{"allow":["GET"]}}],"collection":[{"href":"https:\/\/www.europesays.com\/fi\/wp-json\/wp\/v2\/posts"}],"about":[{"href":"https:\/\/www.europesays.com\/fi\/wp-json\/wp\/v2\/types\/post"}],"author":[{"embeddable":true,"href":"https:\/\/www.europesays.com\/fi\/wp-json\/wp\/v2\/users\/2"}],"replies":[{"embeddable":true,"href":"https:\/\/www.europesays.com\/fi\/wp-json\/wp\/v2\/comments?post=143859"}],"version-history":[{"count":0,"href":"https:\/\/www.europesays.com\/fi\/wp-json\/wp\/v2\/posts\/143859\/revisions"}],"wp:featuredmedia":[{"embeddable":true,"href":"https:\/\/www.europesays.com\/fi\/wp-json\/wp\/v2\/media\/143860"}],"wp:attachment":[{"href":"https:\/\/www.europesays.com\/fi\/wp-json\/wp\/v2\/media?parent=143859"}],"wp:term":[{"taxonomy":"category","embeddable":true,"href":"https:\/\/www.europesays.com\/fi\/wp-json\/wp\/v2\/categories?post=143859"},{"taxonomy":"post_tag","embeddable":true,"href":"https:\/\/www.europesays.com\/fi\/wp-json\/wp\/v2\/tags?post=143859"}],"curies":[{"name":"wp","href":"https:\/\/api.w.org\/{rel}","templated":true}]}}