{"id":143894,"date":"2026-01-16T10:58:07","date_gmt":"2026-01-16T10:58:07","guid":{"rendered":"https:\/\/www.europesays.com\/fi\/143894\/"},"modified":"2026-01-16T10:58:07","modified_gmt":"2026-01-16T10:58:07","slug":"arttu-wiskari-paljastaa-perhe-elamansa-salat-ja-unelmoi-manowarin-laulamisesta-the-voice-of-finlandissa","status":"publish","type":"post","link":"https:\/\/www.europesays.com\/fi\/143894\/","title":{"rendered":"Arttu Wiskari paljastaa perhe-el\u00e4m\u00e4ns\u00e4 salat ja unelmoi Manowarin laulamisesta The Voice of Finlandissa"},"content":{"rendered":"<p>\n            2026013 HELSINKI. ST. GEORGE. Arttu Wiskari. KUVA: ATTE KAJOVA<br \/>\n            Atte Kajova\n        <\/p>\n<p class=\"subtitle \">Arttu Wiskari unelmoi laulavansa The Voice of Finlandissa hevi\u00e4 Manowarin malliin.<\/p>\n<p class=\"article-content article-content-width !bg-background\">The Voice of Finlandin kev\u00e4\u00e4n 2026 t\u00e4htivalmentaja  l\u00e4htee teht\u00e4v\u00e4\u00e4ns\u00e4 nyt kolmatta kertaa per\u00e4kk\u00e4in.\u00a0<\/p>\n<p class=\"font-weight-bold m-font-weight-bold italic m-italic article-content article-content-width !bg-background\">Video: Jenni Vartiainen kertoo syyns\u00e4 l\u00e4hte\u00e4 The Voice of Finlandin t\u00e4htivalmentajaksi<\/p>\n<p class=\"article-content article-content-width !bg-background\">Artun mukaan laulukilpailu ja muu el\u00e4m\u00e4 pit\u00e4\u00e4 my\u00f6s osata erottaa toisistaan. H\u00e4nen mukaansa on hyv\u00e4 olla fyysinen paikka, jossa koko kilpailua ei ole olemassa.<\/p>\n<p class=\"article-content article-content-width !bg-background\">Samanlaiset periaatteet p\u00e4tev\u00e4t my\u00f6s Artun omaan el\u00e4m\u00e4\u00e4n. Kotona ei kuunnella h\u00e4nen omia kappaleitaan, eik\u00e4 katsota lasten kanssa The Voice of Finlandia.<\/p>\n<p class=\"article-content article-content-width !bg-background\">\u2013 Ei vaimonikaan tee ty\u00f6asioitaan kotona. Ainoa ty\u00f6, jota kotona tehd\u00e4\u00e4n, liittyy lasten koulunk\u00e4yntiin, Arttu linjaa.<\/p>\n<p>        <a itemprop=\"url\" href=\"https:\/\/www.seiska.fi\/katso\/tassa-ovat-the-voice-of-finlandin-kilpailijat-mukana-useita-julkkiksia\/2044712\" rel=\"nofollow noopener\" target=\"_blank\"><\/p>\n<p>\nThe Voice of Finland\n<\/p>\n<p class=\"section-date\">\n        <strong class=\"article-section\" data-section=\"katso\"><br \/>\n            katso<br \/>\n        <\/strong><br \/>\n        13.1. 12:27\n    <\/p>\n<p>T\u00e4ss\u00e4 ovat The Voice of Finlandin kilpailijat \u2013 mukana useita julkkiksia\n    <\/p>\n<p itemprop=\"description\" class=\"subtitle \">\n    The Voice of Finland alkaa j\u00e4lleen 23. tammikuuta.\n<\/p>\n<p>        <\/a><\/p>\n<p class=\"article-content article-content-width !bg-background\">\u2013 Autossakaan ei kuunnella minun musiikkiani. Jos lapset kavereidensa kanssa haluavat kuunnella jonkun kappaleeni, se on eri asia. S\u00e4\u00e4nn\u00f6t koskevat oman perheen ja ty\u00f6n v\u00e4list\u00e4 rajaa.<\/p>\n<p class=\"article-content article-content-width !bg-background\">Ratkaisu ei liity kyll\u00e4stymiseen, vaan jaksamiseen.<\/p>\n<p class=\"article-content article-content-width !bg-background\">\u2013 Kun on viett\u00e4nyt p\u00e4iv\u00e4n tv-studiossa puhumassa itsest\u00e4\u00e4n ja kilpailijoista, olisi mielenterveydelle aika raskasta menn\u00e4 kotiin ja katsoa sama viel\u00e4 televisiosta. Raja on pakko vet\u00e4\u00e4, Arttu kertoo.<\/p>\n<p>                <img loading=\"lazy\" decoding=\"async\" src=\"https:\/\/www.europesays.com\/fi\/wp-content\/uploads\/2026\/01\/1768561087_606_2046588.webp.jpeg\" width=\"576\" height=\"274\" title=\"The Voice of Finlandin kev\u00e4\u00e4n 2026 t\u00e4htivalmentajina ovat Arttu Wiskari, Sanni, Elastinen ja Jenni Vartiainen. Juontajina jatkavat Jaana Pelkonen ja Heikki Paasonen.\" alt=\"The Voice of Finlandin kev\u00e4\u00e4n 2026 t\u00e4htivalmentajina ovat Arttu Wiskari, Sanni, Elastinen ja Jenni Vartiainen. Juontajina jatkavat Jaana Pelkonen ja Heikki Paasonen. Atte Kajova\" \/>            <\/p>\n<p>\n            The Voice of Finlandin kev\u00e4\u00e4n 2026 t\u00e4htivalmentajina ovat Arttu Wiskari, Sanni, Elastinen ja Jenni Vartiainen. Juontajina jatkavat Jaana Pelkonen ja Heikki Paasonen.<br \/>\n            Atte Kajova\n        <\/p>\n<p>        <a itemprop=\"url\" href=\"https:\/\/www.seiska.fi\/katso\/the-voice-of-finland-palaa-muistatko-nama-vanhat-tahtivalmentajat\/2044591\" rel=\"nofollow noopener\" target=\"_blank\"><\/p>\n<p>\nThe Voice of Finland\n<\/p>\n<p class=\"section-date\">\n        <strong class=\"article-section\" data-section=\"katso\"><br \/>\n            katso<br \/>\n        <\/strong><br \/>\n        13.1. 11:16\n    <\/p>\n<p>The Voice of Finland palaa \u2013 muistatko n\u00e4m\u00e4 vanhat t\u00e4htivalmentajat?\n    <\/p>\n<p itemprop=\"description\" class=\"subtitle \">\n    Ensimm\u00e4isten The Voice of Finland -kausien juontajan paikalta muistetaan kohunimi.\n<\/p>\n<p>        <\/a><\/p>\n<p>Arttu t\u00e4r\u00e4ytt\u00e4\u00e4 Manowaria?<\/p>\n<p class=\"article-content article-content-width !bg-background\">Arttu puhuu my\u00f6s siit\u00e4, ett\u00e4 kykyj\u00e4\u00e4n kannattaa k\u00e4ytt\u00e4\u00e4 oikeissa<br \/>\npaikoissa oikealla tavalla. Koko ajan ei esimerkiksi kannata niin sanotusti<br \/>\ntuutata t\u00e4ysill\u00e4.<\/p>\n<p class=\"article-content article-content-width !bg-background\">\u2013 Itseh\u00e4n esimerkiksi tulen alun perin rokki- ja hevipiireist\u00e4 ja olen ollut basistinakin.<br \/>\nMinun laulusoundini on sellainen, ett\u00e4 n\u00e4iss\u00e4 nykyisiss\u00e4 kappaleissani minun<br \/>\npit\u00e4\u00e4 monesti k\u00e4ytt\u00e4\u00e4 vain noin 20 prosenttia koko kapasiteetistani ja lauluvoimastani, Arttu<br \/>\nkertoo.<\/p>\n<p class=\"article-content article-content-width !bg-background\"> \u2013 Olenkin joskus itse mieless\u00e4ni ajatellut, ett\u00e4 olisi mukava<br \/>\ntehd\u00e4 jekku muille t\u00e4htivalmentajille ja menn\u00e4 \u00c4\u00e4ni ratkaisee -vaiheessa laulamaan<br \/>\nt\u00e4ysill\u00e4 jotain Manowarin Return Of The Warlordia ja katsoa, k\u00e4\u00e4ntyv\u00e4tk\u00f6<br \/>\ntuolit, Arttu nauraa.<\/p>\n<p class=\"italic m-italic article-content article-content-width !bg-background\">The Voice of Finland alkaa Ruudussa ja Nelosella perjantaina 23.1.<\/p>\n<p>        <a itemprop=\"url\" href=\"https:\/\/www.seiska.fi\/katso\/jenni-vartiaiselta-harvinainen-ulostulo\/2045746\" rel=\"nofollow noopener\" target=\"_blank\"><\/p>\n<p>\nJenni Vartiainen\n<\/p>\n<p class=\"section-date\">\n        <strong class=\"article-section\" data-section=\"katso\"><br \/>\n            katso<br \/>\n        <\/strong><br \/>\n        14.1. 15:15\n    <\/p>\n<p>Jenni Vartiaiselta harvinainen ulostulo\n    <\/p>\n<p itemprop=\"description\" class=\"subtitle \">\n    Jenni Vartiainen n\u00e4hd\u00e4\u00e4n pian tv:ss\u00e4 aivan uudenlaisessa roolissa.\n<\/p>\n<p>        <\/a><\/p>\n","protected":false},"excerpt":{"rendered":"2026013 HELSINKI. ST. GEORGE. Arttu Wiskari. KUVA: ATTE KAJOVA Atte Kajova Arttu Wiskari unelmoi laulavansa The Voice of&hellip;\n","protected":false},"author":2,"featured_media":142924,"comment_status":"","ping_status":"","sticky":false,"template":"","format":"standard","meta":{"footnotes":""},"categories":[133],"tags":[24434,11879,137,33,31,30,11878,1758,18377,2158,5458,32,24533,206,6878,156,109],"class_list":{"0":"post-143894","1":"post","2":"type-post","3":"status-publish","4":"format-standard","5":"has-post-thumbnail","7":"category-televisiot","8":"tag-arttu-wiskari","9":"tag-elastinen","10":"tag-entertainment","11":"tag-fi","12":"tag-finland","13":"tag-finnish","14":"tag-jenni-vartiainen","15":"tag-nelonen","16":"tag-rentous","17":"tag-ruutu","18":"tag-sanni","19":"tag-suomi","20":"tag-tahtivalmentaja","21":"tag-televisiot","22":"tag-the-voice-of-finland","23":"tag-tv","24":"tag-viihde"},"share_on_mastodon":{"url":"https:\/\/pubeurope.com\/@fi\/115904427016184256","error":""},"_links":{"self":[{"href":"https:\/\/www.europesays.com\/fi\/wp-json\/wp\/v2\/posts\/143894","targetHints":{"allow":["GET"]}}],"collection":[{"href":"https:\/\/www.europesays.com\/fi\/wp-json\/wp\/v2\/posts"}],"about":[{"href":"https:\/\/www.europesays.com\/fi\/wp-json\/wp\/v2\/types\/post"}],"author":[{"embeddable":true,"href":"https:\/\/www.europesays.com\/fi\/wp-json\/wp\/v2\/users\/2"}],"replies":[{"embeddable":true,"href":"https:\/\/www.europesays.com\/fi\/wp-json\/wp\/v2\/comments?post=143894"}],"version-history":[{"count":0,"href":"https:\/\/www.europesays.com\/fi\/wp-json\/wp\/v2\/posts\/143894\/revisions"}],"wp:featuredmedia":[{"embeddable":true,"href":"https:\/\/www.europesays.com\/fi\/wp-json\/wp\/v2\/media\/142924"}],"wp:attachment":[{"href":"https:\/\/www.europesays.com\/fi\/wp-json\/wp\/v2\/media?parent=143894"}],"wp:term":[{"taxonomy":"category","embeddable":true,"href":"https:\/\/www.europesays.com\/fi\/wp-json\/wp\/v2\/categories?post=143894"},{"taxonomy":"post_tag","embeddable":true,"href":"https:\/\/www.europesays.com\/fi\/wp-json\/wp\/v2\/tags?post=143894"}],"curies":[{"name":"wp","href":"https:\/\/api.w.org\/{rel}","templated":true}]}}