{"id":143899,"date":"2026-01-16T11:06:06","date_gmt":"2026-01-16T11:06:06","guid":{"rendered":"https:\/\/www.europesays.com\/fi\/143899\/"},"modified":"2026-01-16T11:06:06","modified_gmt":"2026-01-16T11:06:06","slug":"indonesia-vaatii-satojen-miljoonien-korvauksia-luonnontuhoja-aiheuttaneilta-yrityksilta-uutisia-lyhyesti","status":"publish","type":"post","link":"https:\/\/www.europesays.com\/fi\/143899\/","title":{"rendered":"Indonesia vaatii satojen miljoonien korvauksia luonnontuhoja aiheuttaneilta yrityksilt\u00e4 | Uutisia lyhyesti"},"content":{"rendered":"<p class=\"aw-1gybjub aw-5vja16 kEtdKx kmuxyA yle__article__paragraph\">Ymp\u00e4rist\u00f6j\u00e4rjest\u00f6jen mukaan Indonesian hallituksen tulisi lopettaa lupien my\u00f6nt\u00e4minen luontoa tuhoamaav toimintaan.<\/p>\n<p class=\"aw-1gybjub aw-1p7kakr kEtdKx cEmitX yle__article__paragraph\">Indonesian hallitus on nostanut korvauskanteen kuutta yrityst\u00e4 vastaan. Yrityksilt\u00e4 vaaditaan 4,8 biljoonan rupian eli noin 245 miljoonan euron korvauksia.<\/p>\n<p class=\"aw-1gybjub aw-1p7kakr kEtdKx cEmitX yle__article__paragraph\">Indonesian Sumatran saarta vaivasivat viime vuonna tuhoisat tulvat, joissa kuoli yli tuhat ihmist\u00e4. Kuolonuhreja aiheuttivat mutavy\u00f6ryt ja hakkuuty\u00f6mailta veden mukana kyliin vy\u00f6ryneet tukit.<\/p>\n<p class=\"aw-1gybjub aw-1p7kakr kEtdKx cEmitX yle__article__paragraph\">Hallitus ei t\u00e4smenn\u00e4 korvausvaatimuksen syyt\u00e4, mutta sanoo sen liittyv\u00e4n yritysten hallussa olevaan 2 500 hehtaarin maa-alueeseen, jonka yritykset hallituksen mukaan pilasivat.<\/p>\n<p class=\"aw-1gybjub aw-1p7kakr kEtdKx cEmitX yle__article__paragraph\">Ymp\u00e4rist\u00f6ministeri Hanif Faisol Nurofiqin mukaan yrityksilt\u00e4 perit\u00e4\u00e4n takaisin ekosysteemien tuhoamisesta saatu hy\u00f6ty ja tuhojen korjaamisen kustannukset.<\/p>\n<p class=\"aw-1gybjub aw-1p7kakr kEtdKx cEmitX yle__article__paragraph\">Ymp\u00e4rist\u00f6j\u00e4rjest\u00f6jen mukaan Indonesiassa tulisi tehd\u00e4 kattava selvitys metsi\u00e4 tuhoavasta yritystoiminnasta. Hallitus itse on paljolti syyp\u00e4\u00e4 tuhoihin, koska se on my\u00f6nt\u00e4nyt runsaasti esimerkiksi hakkuulupia.<\/p>\n<p class=\"aw-1gybjub aw-1p7kakr kEtdKx cEmitX yle__article__paragraph\">Indonesia menetti vuonna 2024 yli 240 000 hehtaaria luonnontilaista mets\u00e4\u00e4.<\/p>\n<p class=\"aw-1gybjub aw-1p7kakr kEtdKx cEmitX yle__article__paragraph\">L\u00e4hde: AFP<\/p>\n","protected":false},"excerpt":{"rendered":"Ymp\u00e4rist\u00f6j\u00e4rjest\u00f6jen mukaan Indonesian hallituksen tulisi lopettaa lupien my\u00f6nt\u00e4minen luontoa tuhoamaav toimintaan. Indonesian hallitus on nostanut korvauskanteen kuutta yrityst\u00e4&hellip;\n","protected":false},"author":2,"featured_media":74,"comment_status":"","ping_status":"","sticky":false,"template":"","format":"standard","meta":{"footnotes":""},"categories":[76],"tags":[79,77,33,31,30,1913,4034,4036,72,823,4032,32,78,2524,56,2602],"class_list":{"0":"post-143899","1":"post","2":"type-post","3":"status-publish","4":"format-standard","5":"has-post-thumbnail","7":"category-talous","8":"tag-business","9":"tag-economy","10":"tag-fi","11":"tag-finland","12":"tag-finnish","13":"tag-hallitukset","14":"tag-indonesia","15":"tag-kaakkois-aasia","16":"tag-luonto","17":"tag-metsat","18":"tag-sumatra","19":"tag-suomi","20":"tag-talous","21":"tag-tulvat","22":"tag-ulkomaat","23":"tag-ymparistojarjestot"},"share_on_mastodon":{"url":"https:\/\/pubeurope.com\/@fi\/115904458489748134","error":""},"_links":{"self":[{"href":"https:\/\/www.europesays.com\/fi\/wp-json\/wp\/v2\/posts\/143899","targetHints":{"allow":["GET"]}}],"collection":[{"href":"https:\/\/www.europesays.com\/fi\/wp-json\/wp\/v2\/posts"}],"about":[{"href":"https:\/\/www.europesays.com\/fi\/wp-json\/wp\/v2\/types\/post"}],"author":[{"embeddable":true,"href":"https:\/\/www.europesays.com\/fi\/wp-json\/wp\/v2\/users\/2"}],"replies":[{"embeddable":true,"href":"https:\/\/www.europesays.com\/fi\/wp-json\/wp\/v2\/comments?post=143899"}],"version-history":[{"count":0,"href":"https:\/\/www.europesays.com\/fi\/wp-json\/wp\/v2\/posts\/143899\/revisions"}],"wp:featuredmedia":[{"embeddable":true,"href":"https:\/\/www.europesays.com\/fi\/wp-json\/wp\/v2\/media\/74"}],"wp:attachment":[{"href":"https:\/\/www.europesays.com\/fi\/wp-json\/wp\/v2\/media?parent=143899"}],"wp:term":[{"taxonomy":"category","embeddable":true,"href":"https:\/\/www.europesays.com\/fi\/wp-json\/wp\/v2\/categories?post=143899"},{"taxonomy":"post_tag","embeddable":true,"href":"https:\/\/www.europesays.com\/fi\/wp-json\/wp\/v2\/tags?post=143899"}],"curies":[{"name":"wp","href":"https:\/\/api.w.org\/{rel}","templated":true}]}}