{"id":143900,"date":"2026-01-16T11:07:08","date_gmt":"2026-01-16T11:07:08","guid":{"rendered":"https:\/\/www.europesays.com\/fi\/143900\/"},"modified":"2026-01-16T11:07:08","modified_gmt":"2026-01-16T11:07:08","slug":"kanada-ja-kiina-paasivat-alustavaan-sopuun-tuontitullien-leikkauksista-uutisia-lyhyesti","status":"publish","type":"post","link":"https:\/\/www.europesays.com\/fi\/143900\/","title":{"rendered":"Kanada ja Kiina p\u00e4\u00e4siv\u00e4t alustavaan sopuun tuontitullien leikkauksista | Uutisia lyhyesti"},"content":{"rendered":"<p class=\"aw-1gybjub aw-1p7kakr kEtdKx cEmitX yle__article__paragraph\">Kanadan p\u00e4\u00e4ministeri <strong class=\"aw-ak79eh KyCXm yle__article__strong\">Mike Carney<\/strong> kertoo Kiinan-vierailullaan, ett\u00e4 maat ovat p\u00e4\u00e4sseet alustavaan sopuun kauppasopimuksesta, jolla v\u00e4hennet\u00e4\u00e4n maiden v\u00e4lisi\u00e4 tuontitulleja.<\/p>\n<p class=\"aw-1gybjub aw-1p7kakr kEtdKx cEmitX yle__article__paragraph\">Pekingiss\u00e4 matkalla oleva Carney tapasi Kiinan presidentti <strong class=\"aw-ak79eh KyCXm yle__article__strong\">Xi Jinpingin<\/strong>. Kanada pyrkii l\u00e4mmitt\u00e4m\u00e4\u00e4n kauppasuhteitaan Kiinaan v\u00e4hent\u00e4\u00e4kseen taloudellista riippuvuuttaan Yhdysvalloista, joka on muuttunut arvaamattomaksi presidentti <strong class=\"aw-ak79eh KyCXm yle__article__strong\">Donald Trumpin<\/strong> kaudella.<\/p>\n<p class=\"aw-1gybjub aw-1p7kakr kEtdKx cEmitX yle__article__paragraph\">Osana sopimusta Kanada sallii tuoda maahan 49 000 kiinalaista s\u00e4hk\u00f6autoa alennetulla 6,1 prosentin tuontitullilla, Carney kertoo.<\/p>\n","protected":false},"excerpt":{"rendered":"Kanadan p\u00e4\u00e4ministeri Mike Carney kertoo Kiinan-vierailullaan, ett\u00e4 maat ovat p\u00e4\u00e4sseet alustavaan sopuun kauppasopimuksesta, jolla v\u00e4hennet\u00e4\u00e4n maiden v\u00e4lisi\u00e4 tuontitulleja.&hellip;\n","protected":false},"author":2,"featured_media":74,"comment_status":"","ping_status":"","sticky":false,"template":"","format":"standard","meta":{"footnotes":""},"categories":[14],"tags":[22,23,26,27,33,31,30,17,3847,6753,24621,510,24,25,28,29,15,18,21,2037,32,78,19,20,7132,56,16,59,60,61,619],"class_list":{"0":"post-143900","1":"post","2":"type-post","3":"status-publish","4":"format-standard","5":"has-post-thumbnail","7":"category-ulkomaat","8":"tag-breaking-news","9":"tag-breakingnews","10":"tag-featured-news","11":"tag-featurednews","12":"tag-fi","13":"tag-finland","14":"tag-finnish","15":"tag-headlines","16":"tag-kanada","17":"tag-kansainvalinen-kauppa","18":"tag-kauppasuhteet","19":"tag-kiina","20":"tag-latest-news","21":"tag-latestnews","22":"tag-main-news","23":"tag-mainnews","24":"tag-news","25":"tag-otsikot","26":"tag-paauutiset","27":"tag-sahkoautot","28":"tag-suomi","29":"tag-talous","30":"tag-top-stories","31":"tag-topstories","32":"tag-tuontitulli","33":"tag-ulkomaat","34":"tag-uutiset","35":"tag-world","36":"tag-world-news","37":"tag-worldnews","38":"tag-yhdysvallat"},"share_on_mastodon":{"url":"https:\/\/pubeurope.com\/@fi\/115904462472027816","error":""},"_links":{"self":[{"href":"https:\/\/www.europesays.com\/fi\/wp-json\/wp\/v2\/posts\/143900","targetHints":{"allow":["GET"]}}],"collection":[{"href":"https:\/\/www.europesays.com\/fi\/wp-json\/wp\/v2\/posts"}],"about":[{"href":"https:\/\/www.europesays.com\/fi\/wp-json\/wp\/v2\/types\/post"}],"author":[{"embeddable":true,"href":"https:\/\/www.europesays.com\/fi\/wp-json\/wp\/v2\/users\/2"}],"replies":[{"embeddable":true,"href":"https:\/\/www.europesays.com\/fi\/wp-json\/wp\/v2\/comments?post=143900"}],"version-history":[{"count":0,"href":"https:\/\/www.europesays.com\/fi\/wp-json\/wp\/v2\/posts\/143900\/revisions"}],"wp:featuredmedia":[{"embeddable":true,"href":"https:\/\/www.europesays.com\/fi\/wp-json\/wp\/v2\/media\/74"}],"wp:attachment":[{"href":"https:\/\/www.europesays.com\/fi\/wp-json\/wp\/v2\/media?parent=143900"}],"wp:term":[{"taxonomy":"category","embeddable":true,"href":"https:\/\/www.europesays.com\/fi\/wp-json\/wp\/v2\/categories?post=143900"},{"taxonomy":"post_tag","embeddable":true,"href":"https:\/\/www.europesays.com\/fi\/wp-json\/wp\/v2\/tags?post=143900"}],"curies":[{"name":"wp","href":"https:\/\/api.w.org\/{rel}","templated":true}]}}