{"id":143903,"date":"2026-01-16T11:09:11","date_gmt":"2026-01-16T11:09:11","guid":{"rendered":"https:\/\/www.europesays.com\/fi\/143903\/"},"modified":"2026-01-16T11:09:11","modified_gmt":"2026-01-16T11:09:11","slug":"tytti-tuppurainen-ylelle-hairintatapaukset-eivat-ole-poliisitutkinnan-asia-uutissuomalainen","status":"publish","type":"post","link":"https:\/\/www.europesays.com\/fi\/143903\/","title":{"rendered":"Tytti Tuppurainen Ylelle: H\u00e4irint\u00e4tapaukset eiv\u00e4t ole poliisitutkinnan asia | Uutissuomalainen"},"content":{"rendered":"<p>SDP:n eduskuntaryhm\u00e4n puheenjohtaja <strong>Tytti Tuppurainen<\/strong> kertoi <a href=\"https:\/\/yle.fi\/a\/74-20204657\" rel=\"nofollow noopener\" target=\"_blank\">Ylen<\/a> mukaan, etteiv\u00e4t SDP:ss\u00e4 ilmenneet h\u00e4irint\u00e4tapaukset ole niin vakava asia, ett\u00e4 ne vaatisivat poliisitutkintaa.<\/p>\n<p>Tuppuraisen mukaan h\u00e4irint\u00e4tapauksissa on kyse ep\u00e4asiallisesta k\u00e4yt\u00f6ksest\u00e4 ja seksuaalisesta h\u00e4irinn\u00e4st\u00e4. H\u00e4n sanoo Ylen mukaan, ett\u00e4 kaikenlainen h\u00e4irint\u00e4 on v\u00e4\u00e4rin, ja tekee huonoa ty\u00f6yhteis\u00f6lle.<\/p>\n<p>\u2013\u2009Siksi t\u00e4m\u00e4 on karmiva asia. Ja on se kyll\u00e4 pettymys, ett\u00e4 t\u00e4n\u00e4 vuonna 2026 pohjoismaisessa tasa-arvoisessa yhteiskunnassa meill\u00e4 esiintyy t\u00e4m\u00e4nkaltaisia ilmi\u00f6it\u00e4.<\/p>\n<p><strong class=\"diks-storyline__impact\">Eduskunta-avustajien kokema<\/strong> h\u00e4irint\u00e4 nousi puheenaiheeksi, kun kansanedustaja <strong>Ville Merinen<\/strong> (sd.) kertoi asiasta <a href=\"https:\/\/areena.yle.fi\/1-76385776\" rel=\"nofollow noopener\" target=\"_blank\">Ylen<\/a> dokumentissa sek\u00e4 <a href=\"https:\/\/www.instagram.com\/p\/DTenfQpCgTQ\/?img_index=1\" rel=\"nofollow noopener\" target=\"_blank\">Instagramissa<\/a>.<\/p>\n<p>\t\t\t\t\t<img class=\"diks-card__image\" src=\"https:\/\/www.europesays.com\/fi\/wp-content\/uploads\/2026\/01\/11241179.jpg\"   loading=\"lazy\" decoding=\"sync\" alt=\"\"\/><\/p>\n<p>\t\t\t\t\t<img class=\"diks-card__image\" src=\"https:\/\/www.europesays.com\/fi\/wp-content\/uploads\/2026\/01\/11175469.jpg\"   loading=\"lazy\" decoding=\"sync\" alt=\"\"\/><\/p>\n<p>\t\t\t\t\t<img class=\"diks-card__image\" src=\"https:\/\/www.europesays.com\/fi\/wp-content\/uploads\/2026\/01\/11243523.jpg\"   loading=\"lazy\" decoding=\"sync\" alt=\"\"\/><\/p>\n<p>\t\t\t\t\t\t\t\t<script async src=\"\/\/www.instagram.com\/embed.js\"><\/script><\/p>\n","protected":false},"excerpt":{"rendered":"SDP:n eduskuntaryhm\u00e4n puheenjohtaja Tytti Tuppurainen kertoi Ylen mukaan, etteiv\u00e4t SDP:ss\u00e4 ilmenneet h\u00e4irint\u00e4tapaukset ole niin vakava asia, ett\u00e4 ne&hellip;\n","protected":false},"author":2,"featured_media":143904,"comment_status":"","ping_status":"","sticky":false,"template":"","format":"standard","meta":{"footnotes":""},"categories":[5],"tags":[22,23,26,27,33,31,30,17,2675,24,25,28,29,15,18,21,637,2305,886,888,885,887,32,19,20,16],"class_list":{"0":"post-143903","1":"post","2":"type-post","3":"status-publish","4":"format-standard","5":"has-post-thumbnail","7":"category-otsikot","8":"tag-breaking-news","9":"tag-breakingnews","10":"tag-featured-news","11":"tag-featurednews","12":"tag-fi","13":"tag-finland","14":"tag-finnish","15":"tag-headlines","16":"tag-instagram","17":"tag-latest-news","18":"tag-latestnews","19":"tag-main-news","20":"tag-mainnews","21":"tag-news","22":"tag-otsikot","23":"tag-paauutiset","24":"tag-politiikka","25":"tag-puheenaiheet","26":"tag-puolueet","27":"tag-suomalaiset-poliitikot","28":"tag-suomen-poliittiset-puolueet","29":"tag-suomen-politiikka","30":"tag-suomi","31":"tag-top-stories","32":"tag-topstories","33":"tag-uutiset"},"share_on_mastodon":{"url":"https:\/\/pubeurope.com\/@fi\/115904470234687107","error":""},"_links":{"self":[{"href":"https:\/\/www.europesays.com\/fi\/wp-json\/wp\/v2\/posts\/143903","targetHints":{"allow":["GET"]}}],"collection":[{"href":"https:\/\/www.europesays.com\/fi\/wp-json\/wp\/v2\/posts"}],"about":[{"href":"https:\/\/www.europesays.com\/fi\/wp-json\/wp\/v2\/types\/post"}],"author":[{"embeddable":true,"href":"https:\/\/www.europesays.com\/fi\/wp-json\/wp\/v2\/users\/2"}],"replies":[{"embeddable":true,"href":"https:\/\/www.europesays.com\/fi\/wp-json\/wp\/v2\/comments?post=143903"}],"version-history":[{"count":0,"href":"https:\/\/www.europesays.com\/fi\/wp-json\/wp\/v2\/posts\/143903\/revisions"}],"wp:featuredmedia":[{"embeddable":true,"href":"https:\/\/www.europesays.com\/fi\/wp-json\/wp\/v2\/media\/143904"}],"wp:attachment":[{"href":"https:\/\/www.europesays.com\/fi\/wp-json\/wp\/v2\/media?parent=143903"}],"wp:term":[{"taxonomy":"category","embeddable":true,"href":"https:\/\/www.europesays.com\/fi\/wp-json\/wp\/v2\/categories?post=143903"},{"taxonomy":"post_tag","embeddable":true,"href":"https:\/\/www.europesays.com\/fi\/wp-json\/wp\/v2\/tags?post=143903"}],"curies":[{"name":"wp","href":"https:\/\/api.w.org\/{rel}","templated":true}]}}