{"id":143905,"date":"2026-01-16T11:14:08","date_gmt":"2026-01-16T11:14:08","guid":{"rendered":"https:\/\/www.europesays.com\/fi\/143905\/"},"modified":"2026-01-16T11:14:08","modified_gmt":"2026-01-16T11:14:08","slug":"tallainen-on-hakkuiden-pysayttamisesta-tuomittujen-aktivistien-edustama-metsaliike-ei-kaihda-suoraa-toimintaa-kotimaa","status":"publish","type":"post","link":"https:\/\/www.europesays.com\/fi\/143905\/","title":{"rendered":"T\u00e4llainen on hakkuiden pys\u00e4ytt\u00e4misest\u00e4 tuomittujen aktivistien edustama Mets\u00e4liike: ei kaihda suoraa toimintaa | Kotimaa"},"content":{"rendered":"<ul class=\"aw-1jjocuh iJTSwP yle__article__list yle__article__list--ul\">\n<li class=\"aw-1j7gwms gNYKfi\">Lapin k\u00e4r\u00e4j\u00e4oikeus tuomitsi seitsem\u00e4n Mets\u00e4liikkeen aktivistia sakkoihin ja 23\u00a0000 euron korvauksiin Mets\u00e4hallitukselle hakkuiden h\u00e4irinn\u00e4st\u00e4.<\/li>\n<li class=\"aw-1j7gwms gNYKfi\">Mets\u00e4liike on noin kolme vuotta vanha kansanliike, joka pyrkii suojelemaan Suomen luonnonmetsi\u00e4 ja turvautuu keinonaan my\u00f6s kansalaistottelemattomuuteen.<\/li>\n<li class=\"aw-1j7gwms gNYKfi\">Vakiintuneet ymp\u00e4rist\u00f6j\u00e4rjest\u00f6t, kuten WWF ja Greenpeace, tukevat liikett\u00e4, koska valtion toimet metsien suojelemiseksi ovat niiden mielest\u00e4 riitt\u00e4m\u00e4tt\u00f6mi\u00e4.<\/li>\n<li class=\"aw-1j7gwms gNYKfi\">Mets\u00e4liike ei p\u00e4\u00e4se virallisiin neuvotteluihin Mets\u00e4hallituksen kanssa toisin kuin Greenpeace ja Luonnonsuojeluliitto.<\/li>\n<\/ul>\n<p class=\"aw-1gybjub aw-1p7kakr kEtdKx cEmitX yle__article__paragraph\">Lapin k\u00e4r\u00e4j\u00e4oikeus tuomitsi eilen torstaina seitsem\u00e4n Mets\u00e4liikkeen aktivistia p\u00e4iv\u00e4sakkoihin ja yhteens\u00e4 23\u00a0000 euron korvauksiin Mets\u00e4hallitukselle, jonka hakkuita aktivistit olivat h\u00e4irinneet <a class=\"aw-iao6s4 iHOxEa yle__article__link\" href=\"https:\/\/yle.fi\/a\/74-20095142\" role=\"link\" rel=\"nofollow noopener\" target=\"_blank\">Aalistunturilla kolme vuotta sitten<\/a>.<\/p>\n<p class=\"aw-1gybjub aw-1p7kakr kEtdKx cEmitX yle__article__paragraph\">Aktivistit vastustivat luonnonsuojelualueen l\u00e4hell\u00e4 teht\u00e4vi\u00e4 hakkuita muun muassa siksi, ett\u00e4 alueelle oli esitetty kansallispuistoa. He vaativat niit\u00e4 keskeytett\u00e4viksi ainakin siksi aikaa, ett\u00e4 suojeluesitykset olisi k\u00e4sitelty ymp\u00e4rist\u00f6ministeri\u00f6ss\u00e4.<\/p>\n<p class=\"aw-1gybjub aw-1p7kakr kEtdKx cEmitX yle__article__paragraph\">Mets\u00e4liike on muutenkin ollut uutisissa viime vuosina yh\u00e4 tiuhempaan. Se on pyrkinyt est\u00e4m\u00e4\u00e4n hakkuita muuallakin kuin Aalistunturilla, esimerkiksi viime kuussa <a class=\"aw-iao6s4 iHOxEa yle__article__link\" href=\"https:\/\/yle.fi\/a\/74-20199551\" role=\"link\" rel=\"nofollow noopener\" target=\"_blank\">Suomussalmen Pirttikankaalla<\/a>.<\/p>\n<p class=\"aw-1gybjub aw-1p7kakr kEtdKx cEmitX yle__article__paragraph\">T\u00e4ss\u00e4 jutussa kerromme, mist\u00e4 Mets\u00e4liikkeess\u00e4 on kyse.<\/p>\n<p><img decoding=\"async\" alt=\"Mets\u00e4marssi 2024-mielenositukseen osallistuneiden Mets\u00e4liike-kansanliikkeen aktiiveja pitelem\u00e4ss\u00e4 kirjaimia eduskuntatalon edess\u00e4. Kirjaimet muodostavat Mets\u00e4liike-sanan.\" src=\"https:\/\/www.europesays.com\/fi\/wp-content\/uploads\/2026\/01\/39-133452966c09a595e1eb.jpeg\" loading=\"lazy\" class=\"aw-1l9m598 hKVVvP\"\/><\/p>\n<p>Avaa kuvien katselu<\/p>\n<p>Mets\u00e4liike toimii koko Suomessa. Kuva on mielenosoituksesta Helsingiss\u00e4 vuonna 2024. Kuva: Tommi Pesonen \/ YleEroaa vakiintuneista yhdistyksist\u00e4<\/p>\n<p class=\"aw-1gybjub aw-1p7kakr kEtdKx cEmitX yle__article__paragraph\">Elokapinaa ja korkean riskin aktivismia tutkiva <strong class=\"aw-ak79eh KyCXm yle__article__strong\">Georg Boldt<\/strong> Helsingin yliopistosta on huomannut, ett\u00e4 yhdistysten luvatussa maassa Suomessa on viimeisen kymmenen vuoden aikana perustettu innokkaasti erilaisia liikkeit\u00e4.<\/p>\n<p class=\"aw-1gybjub aw-1p7kakr kEtdKx cEmitX yle__article__paragraph\">Mets\u00e4liikekin on kansanliike.<\/p>\n<p>Uusi kansanliike<\/p>\n<p class=\"aw-1gybjub aw-1p7kakr kEtdKx cEmitX yle__article__paragraph\">Mets\u00e4liike syntyi ymp\u00e4rist\u00f6liike Elokapinan ja kahden yhdistystoimijan, Luontoliiton ja Greenpeacen yhteisty\u00f6n\u00e4.<\/p>\n<p class=\"aw-1gybjub aw-1p7kakr kEtdKx cEmitX yle__article__paragraph\">Se irtaantui itsen\u00e4iseksi kansanliikkeeksi kev\u00e4\u00e4ll\u00e4 2023.<\/p>\n<p class=\"aw-1gybjub aw-1p7kakr kEtdKx cEmitX yle__article__paragraph\">Mets\u00e4liike kertoo toimivansa luonnonmetsien puolustamiseksi, hakkuum\u00e4\u00e4rien kohtuullistamiseksi ja laajojen yhten\u00e4isten mets\u00e4ekosysteemien palauttamiseksi. Sen tavoitteena on, ett\u00e4 kaikki loput luonnonmets\u00e4t suojeltaisiin Suomessa.<\/p>\n<p class=\"aw-1gybjub aw-1p7kakr kEtdKx cEmitX yle__article__paragraph\">Liikkeen mukaan sill\u00e4 on satoja j\u00e4seni\u00e4.<\/p>\n<p class=\"aw-1gybjub aw-1p7kakr kEtdKx cEmitX yle__article__paragraph\">Sellaisten toiminta on yhdistyksi\u00e4 suoraviivaisempaa ja nopeampaa.<\/p>\n<p class=\"aw-1gybjub aw-1p7kakr kEtdKx cEmitX yle__article__paragraph\">\u2013 Puhutaan horisontaalisesta p\u00e4\u00e4t\u00f6ksenteosta ja horisontaalisista valtarakenteista ilman johtajia, Boldt selitt\u00e4\u00e4.<\/p>\n<p class=\"aw-1gybjub aw-1p7kakr kEtdKx cEmitX yle__article__paragraph\">Kun rakenteet ovat ketteri\u00e4, voidaan nopeastikin p\u00e4\u00e4tt\u00e4\u00e4 esimerkiksi mielenosoituksen j\u00e4rjest\u00e4misest\u00e4.<\/p>\n<p class=\"aw-1gybjub aw-1p7kakr kEtdKx cEmitX yle__article__paragraph\">Kentt\u00e4tutkimusta talvella 2023 tehnyt Boldt oli Mets\u00e4liikkeen mukana Kolarin Aalistunturilla.<\/p>\n<p class=\"aw-1gybjub aw-1p7kakr kEtdKx cEmitX yle__article__paragraph\">H\u00e4n vietti leiriss\u00e4 l\u00e4hes viikon ja seurasi l\u00e4hiet\u00e4isyydelt\u00e4, miten aktivistit pyrkiv\u00e4t est\u00e4m\u00e4\u00e4n mets\u00e4koneiden liikenteen hakkuuty\u00f6maalle.<\/p>\n<p class=\"aw-1gybjub aw-1p7kakr kEtdKx cEmitX yle__article__paragraph\">Boldt n\u00e4kee, ett\u00e4 Mets\u00e4liike mahdollistaa erityyppist\u00e4 toimintaa kuin mihin perinteisiss\u00e4 ymp\u00e4rist\u00f6j\u00e4rjest\u00f6iss\u00e4 on totuttu.<\/p>\n<p class=\"aw-1gybjub aw-1p7kakr kEtdKx cEmitX yle__article__paragraph\">\u2013 Ihmiset haluavat k\u00e4tens\u00e4 saveen. Liikkeess\u00e4 pystyy paljon nopeammin saavuttamaan erilaisia tavoitteita.<\/p>\n<p>Muutakin kuin hakkuiden keskeytyksi\u00e4<\/p>\n<p class=\"aw-1gybjub aw-1p7kakr kEtdKx cEmitX yle__article__paragraph\">Mets\u00e4liikkeen pohjoisen alueen koordinaattori, oululainen <strong class=\"aw-ak79eh KyCXm yle__article__strong\">Jalmari Suutari<\/strong> oli perustamassa Mets\u00e4liikett\u00e4 reilut nelj\u00e4 vuotta sitten. Liike tarjosi luontoaktivistille suoraviivaisen tavan suojella metsi\u00e4.<\/p>\n<p class=\"aw-1gybjub aw-1p7kakr kEtdKx cEmitX yle__article__paragraph\">\u2013 Se syntyi siit\u00e4 tilauksesta, ett\u00e4 oli pieni porukka, joka voisi menn\u00e4 tarvittaessa hakkuuleimikoille keskeytt\u00e4m\u00e4\u00e4n ne hakkuut omalla rauhanomaisella l\u00e4sn\u00e4olollaan ja kansalaistottelemattomuuttakin tarvittaessa hy\u00f6dynt\u00e4en.<\/p>\n<p><img decoding=\"async\" alt=\"Mielenosoittajia kantamassa kyltti\u00e4 lumisessa mets\u00e4ss\u00e4.\" src=\"https:\/\/www.europesays.com\/fi\/wp-content\/uploads\/2026\/01\/39-106246163cbec6cedcfc.jpeg\" loading=\"lazy\" class=\"aw-1l9m598 hKVVvP\"\/><\/p>\n<p>Avaa kuvien katselu<\/p>\n<p>My\u00f6s Jalmari Suutari osallistui Aalistunturin mielenosoitukseen vuonna 2023. H\u00e4nt\u00e4 ei syytetty oikeudessa. Suutari on kuvassa vasemmalla. Kuva: Pasi Peiponen \/ Yle<\/p>\n<p class=\"aw-1gybjub aw-1p7kakr kEtdKx cEmitX yle__article__paragraph\">Suutari muistuttaa, ett\u00e4 Mets\u00e4liike tekee paljon muutakin vaikuttamista kuin hakkuiden keskeytyksi\u00e4.<\/p>\n<p class=\"aw-1gybjub aw-1p7kakr kEtdKx cEmitX yle__article__paragraph\">Liikkeen vapaaehtoiset toimivat esimerkiksi mets\u00e4vahteina eli seuraavat uhan alla olevia luonnonmetsi\u00e4 hakkuuilmoituksista, satelliittikuvista ja mets\u00e4\u00e4n jalkautuen.<\/p>\n<p>Ymp\u00e4rist\u00f6j\u00e4rjest\u00f6t n\u00e4kev\u00e4t tarpeellisena<\/p>\n<p class=\"aw-1gybjub aw-1p7kakr kEtdKx cEmitX yle__article__paragraph\">Vaikka Mets\u00e4liike ei ole virallinen yhdistys, ymp\u00e4rist\u00f6j\u00e4rjest\u00f6t suhtautuvat siihen sangen positiivisesti.<\/p>\n<p class=\"aw-1gybjub aw-1p7kakr kEtdKx cEmitX yle__article__paragraph\">WWF:n johtavan mets\u00e4asiantuntijan <strong class=\"aw-ak79eh KyCXm yle__article__strong\">Mai Suomisen<\/strong> mukaan Suomessa tarvitaan monia erilaisia toimijoita puolustamaan vanhoja metsi\u00e4 niin kauan kuin valtio ei kanna vastuutaan niiden suojelusta. T\u00e4ll\u00e4 hetkell\u00e4 ty\u00f6t\u00e4 on niin paljon, ettei se voi olla vain ymp\u00e4rist\u00f6j\u00e4rjest\u00f6jen varassa.<\/p>\n<p class=\"aw-1gybjub aw-1p7kakr kEtdKx cEmitX yle__article__paragraph\">Erityisen merkityksellisen\u00e4 Suominen pit\u00e4\u00e4 mets\u00e4vahtitoimintaa.<\/p>\n<p class=\"aw-1gybjub aw-1p7kakr kEtdKx cEmitX yle__article__paragraph\">\u2013 Valtio hakkaa edelleen vanhoja metsi\u00e4\u00e4n, jolloin jonkun on jatkuvasti kyt\u00e4tt\u00e4v\u00e4 niit\u00e4, Suominen sanoo.<\/p>\n<p class=\"aw-1gybjub aw-1p7kakr kEtdKx cEmitX yle__article__paragraph\">Suomen luonnonsuojeluliiton Kainuun piirin mets\u00e4vastaava <strong class=\"aw-ak79eh KyCXm yle__article__strong\">Vesa Hyyryl\u00e4inen<\/strong> on t\u00e4ysin samoilla linjoilla.<\/p>\n<p class=\"aw-1gybjub aw-1p7kakr kEtdKx cEmitX yle__article__paragraph\">\u2013 Tuen heit\u00e4 ja suhtaudun heihin hyvin l\u00e4mpim\u00e4sti.<\/p>\n<p><img decoding=\"async\" alt=\"Kaksi ihmist\u00e4 tutkii vanhaa puunrunkoa.\" src=\"https:\/\/www.europesays.com\/fi\/wp-content\/uploads\/2026\/01\/39-14580076811d0bb561fc.jpeg\" loading=\"lazy\" class=\"aw-1l9m598 hKVVvP\"\/><\/p>\n<p>Avaa kuvien katselu<\/p>\n<p>Mets\u00e4liikkeen toimintaan kuuluu my\u00f6s metsien kartoitus. Kuvassa Jalmari Suutari (oik.) esittelee Ylen toimittajalle Anna Pololle uhanalaista ryv\u00e4sj\u00e4k\u00e4l\u00e4\u00e4 K\u00e4rs\u00e4m\u00e4ell\u00e4. Kuva: Rami Moilanen \/ Yle<\/p>\n<p class=\"aw-1gybjub aw-1p7kakr kEtdKx cEmitX yle__article__paragraph\">Hyyryl\u00e4isen mielest\u00e4 Mets\u00e4liikkeen kaltaiselle toiminnalle on tilausta etenkin sen j\u00e4lkeen, kun hallitus m\u00e4\u00e4ritteli kriteerit, joiden perusteella se suojelee metsi\u00e4.<\/p>\n<p class=\"aw-1gybjub aw-1p7kakr kEtdKx cEmitX yle__article__paragraph\">Monet luontoj\u00e4rjest\u00f6t kutsuvat niit\u00e4 \u201dsatumets\u00e4kriteereiksi\u201d, koska ehdot ovat niin tiukat, ett\u00e4 niiden perusteella moni ymp\u00e4rist\u00f6j\u00e4rjest\u00f6jen mielest\u00e4 arvokas mets\u00e4 j\u00e4\u00e4 suojelematta.<\/p>\n<p class=\"aw-1gybjub aw-1p7kakr kEtdKx cEmitX yle__article__paragraph\">\u2013 Nuoret ovat tiedostaneet, ett\u00e4 nyt t\u00e4ytyy tehd\u00e4 jotain muuta, kun valtio ei tule luonnon puolelle.<\/p>\n<p class=\"aw-1gybjub aw-1p7kakr kEtdKx cEmitX yle__article__paragraph\">Greenpeace Suomen mets\u00e4asiantuntija <strong class=\"aw-ak79eh KyCXm yle__article__strong\">Matti Liimatainen<\/strong> kiittelee Mets\u00e4liikett\u00e4 erityisesti paikallisesti vaikuttavasta ty\u00f6st\u00e4.<\/p>\n<p class=\"aw-1gybjub aw-1p7kakr kEtdKx cEmitX yle__article__paragraph\">\u2013 Kun olemassa oleva j\u00e4rjest\u00f6kentt\u00e4 ei ole revennyt kaikkialle, olen ilahtunut, ett\u00e4 Mets\u00e4liikkeen toiminta on l\u00e4htenyt niin hyvin k\u00e4yntiin.<\/p>\n<p>Mets\u00e4liikkeell\u00e4 ei ole virallisia neuvottelumahdollisuuksia<\/p>\n<p class=\"aw-1gybjub aw-1p7kakr kEtdKx cEmitX yle__article__paragraph\">Koska Mets\u00e4liike ei ole vakiintunut ymp\u00e4rist\u00f6j\u00e4rjest\u00f6, se ei p\u00e4\u00e4se samoihin p\u00f6ytiin kuin vakiintuneet j\u00e4rjest\u00f6t.<\/p>\n<p class=\"aw-1gybjub aw-1p7kakr kEtdKx cEmitX yle__article__paragraph\">Mets\u00e4hallitus ja Greenpeace sek\u00e4 Luonnonsuojeluliitto neuvottelevat kesken\u00e4\u00e4n sek\u00e4 paikallisesti ett\u00e4 valtakunnan tasolla muun muassa tulevista hakkuusuunnitelmista.<\/p>\n<p class=\"aw-1gybjub aw-1p7kakr kEtdKx cEmitX yle__article__paragraph\">Vuosittain neuvotellaan tuhansista hehtaareista, sanoo Mets\u00e4hallituksen Mets\u00e4talous-tyt\u00e4ryhti\u00f6n metsienk\u00e4ytt\u00f6- ja suunnittelujohtaja <strong class=\"aw-ak79eh KyCXm yle__article__strong\">Hannu Lehtonen<\/strong>. Usein n\u00e4iss\u00e4 neuvotteluissa jo syntyy sopu, ja vain harva hakkuusuunnitelma etenee julkisuudessa k\u00e4ydyiksi kiistoiksi, vaikka sellaisiakin tapauksia on joka vuosi.<\/p>\n<p><img decoding=\"async\" alt=\"Kaunis talvinen maisema ilmasta. \" src=\"https:\/\/www.europesays.com\/fi\/wp-content\/uploads\/2026\/01\/39-15667116937efef0b9b7.jpeg\" loading=\"lazy\" class=\"aw-1l9m598 hKVVvP\"\/><\/p>\n<p>Avaa kuvien katselu<\/p>\n<p>Kuva on joulukuulta Suomussalmen Yli-Vuokista. Ymp\u00e4rist\u00f6j\u00e4rjest\u00f6t olivat jo hyv\u00e4ksyneet Mets\u00e4hallituksen hakkuuaikeet Yli-Vuokissa, mutta muuttivat mielt\u00e4\u00e4n, kun Mets\u00e4liike toimitti niille kartoitustietoa alueesta. Nyt j\u00e4rjest\u00f6tkin vastustavat alueelle suunniteltuja avohakkuita. Kuva: Juha Kemppainen \/ Yle<\/p>\n<p class=\"aw-1gybjub aw-1p7kakr kEtdKx cEmitX yle__article__paragraph\">Lehtosen mukaan Mets\u00e4liikkeen aktiiveilta tulee jonkin verran yhteydenottoja Mets\u00e4hallitukselle, joka on aina valmis keskustelemaan hakkuisiin liittyvist\u00e4 huolista.<\/p>\n<p class=\"aw-1gybjub aw-1p7kakr kEtdKx cEmitX yle__article__paragraph\">\u2013 Meid\u00e4n t\u00e4ytyy kuunnella kaikkia sidosryhmi\u00e4, oli sitten kyseess\u00e4 yksitt\u00e4inen kansalainen tai l\u00e4him\u00f6kkil\u00e4inen, yritt\u00e4j\u00e4 tai vaikka Mets\u00e4liike.<\/p>\n<p>Suora toiminta saattaa yleisty\u00e4<\/p>\n<p class=\"aw-1gybjub aw-1p7kakr kEtdKx cEmitX yle__article__paragraph\">Greenpeacen Matti Liimatainen pit\u00e4\u00e4 Mets\u00e4liikkeen vahvuutena matalan kynnyksen, suoraa toimintaa.<\/p>\n<p class=\"aw-1gybjub aw-1p7kakr kEtdKx cEmitX yle__article__paragraph\">Joskus se johtaa seuraamuksiin, kuten Aalistunturin tapauksessa.<\/p>\n<p class=\"aw-1gybjub aw-1p7kakr kEtdKx cEmitX yle__article__paragraph\">Luonnonsuojeluliiton Hyyryl\u00e4inen ei ole h\u00e4mm\u00e4stynyt siit\u00e4, ett\u00e4 suora toiminta on johtanut oikeusprosessiin. Mets\u00e4kiistoihin liittyvill\u00e4 oikeusjutuilla on vuosikymmenten perinne Suomessa, h\u00e4n muistuttaa.<\/p>\n<p class=\"aw-1gybjub aw-1p7kakr kEtdKx cEmitX yle__article__paragraph\">\u2013 Usein kysyt\u00e4\u00e4n, mit\u00e4 mielt\u00e4 olen siit\u00e4, ett\u00e4 joku menee koneen l\u00e4helle ja siten est\u00e4\u00e4 akuutin hakkuun. Ymm\u00e4rt\u00e4\u00e4kseni aika laajasti j\u00e4rjest\u00f6iss\u00e4kin jaetaan se mielipide, ett\u00e4 joskus mik\u00e4\u00e4n muu ei auta.<\/p>\n<p class=\"aw-1gybjub aw-1p7kakr kEtdKx cEmitX yle__article__paragraph\">Tutkija Georg Boldt uskoo, ett\u00e4 suora toiminta ja kansalaistottelemattomuus tulevat lis\u00e4\u00e4ntym\u00e4\u00e4n.<\/p>\n<p class=\"aw-1gybjub aw-1p7kakr kEtdKx cEmitX yle__article__paragraph\">\u2013 Ihmiset turhautuvat byrokratian hitauteen ja siihen, ett\u00e4 mit\u00e4\u00e4n ei tapahdu, kun maailma palaa ymp\u00e4rill\u00e4.<\/p>\n<p class=\"aw-1gybjub aw-1p7kakr kEtdKx cEmitX yle__article__paragraph\">Jutun haastattelut on tehty ennen kuin Aalistunturin oikeudenk\u00e4ynnist\u00e4 oli annettu ratkaisut.<\/p>\n<p>Heti torstaisen tuomion j\u00e4lkeen annetussa haastattelussa mielenosoittaja Mette Hartonen sanoi olevansa pettynyt tuomioon ja valittavansa siit\u00e4 hovioikeuteen. Video: Jyri Tynkkynen \/ Yle, Antti Mikkola \/ Yle.<\/p>\n","protected":false},"excerpt":{"rendered":"Lapin k\u00e4r\u00e4j\u00e4oikeus tuomitsi seitsem\u00e4n Mets\u00e4liikkeen aktivistia sakkoihin ja 23\u00a0000 euron korvauksiin Mets\u00e4hallitukselle hakkuiden h\u00e4irinn\u00e4st\u00e4. Mets\u00e4liike on noin kolme&hellip;\n","protected":false},"author":2,"featured_media":143906,"comment_status":"","ping_status":"","sticky":false,"template":"","format":"standard","meta":{"footnotes":""},"categories":[113],"tags":[446,33,31,30,1960,723,3551,71,667,961,72,823,728,118,32,119,447,15025,2602],"class_list":{"0":"post-143905","1":"post","2":"type-post","3":"status-publish","4":"format-standard","5":"has-post-thumbnail","7":"category-ymparisto","8":"tag-environment","9":"tag-fi","10":"tag-finland","11":"tag-finnish","12":"tag-hakkuut","13":"tag-kainuu","14":"tag-kansalaistoiminta","15":"tag-kotimaa","16":"tag-lappi","17":"tag-luonnonsuojelu","18":"tag-luonto","19":"tag-metsat","20":"tag-pohjois-pohjanmaa","21":"tag-science","22":"tag-suomi","23":"tag-tiede","24":"tag-ymparisto","25":"tag-ymparistoaktivismi","26":"tag-ymparistojarjestot"},"share_on_mastodon":{"url":"https:\/\/pubeurope.com\/@fi\/115904489935043684","error":""},"_links":{"self":[{"href":"https:\/\/www.europesays.com\/fi\/wp-json\/wp\/v2\/posts\/143905","targetHints":{"allow":["GET"]}}],"collection":[{"href":"https:\/\/www.europesays.com\/fi\/wp-json\/wp\/v2\/posts"}],"about":[{"href":"https:\/\/www.europesays.com\/fi\/wp-json\/wp\/v2\/types\/post"}],"author":[{"embeddable":true,"href":"https:\/\/www.europesays.com\/fi\/wp-json\/wp\/v2\/users\/2"}],"replies":[{"embeddable":true,"href":"https:\/\/www.europesays.com\/fi\/wp-json\/wp\/v2\/comments?post=143905"}],"version-history":[{"count":0,"href":"https:\/\/www.europesays.com\/fi\/wp-json\/wp\/v2\/posts\/143905\/revisions"}],"wp:featuredmedia":[{"embeddable":true,"href":"https:\/\/www.europesays.com\/fi\/wp-json\/wp\/v2\/media\/143906"}],"wp:attachment":[{"href":"https:\/\/www.europesays.com\/fi\/wp-json\/wp\/v2\/media?parent=143905"}],"wp:term":[{"taxonomy":"category","embeddable":true,"href":"https:\/\/www.europesays.com\/fi\/wp-json\/wp\/v2\/categories?post=143905"},{"taxonomy":"post_tag","embeddable":true,"href":"https:\/\/www.europesays.com\/fi\/wp-json\/wp\/v2\/tags?post=143905"}],"curies":[{"name":"wp","href":"https:\/\/api.w.org\/{rel}","templated":true}]}}