{"id":143911,"date":"2026-01-16T11:28:08","date_gmt":"2026-01-16T11:28:08","guid":{"rendered":"https:\/\/www.europesays.com\/fi\/143911\/"},"modified":"2026-01-16T11:28:08","modified_gmt":"2026-01-16T11:28:08","slug":"tuomas-iisalo-vaikea-tilanne-hs-fi","status":"publish","type":"post","link":"https:\/\/www.europesays.com\/fi\/143911\/","title":{"rendered":"Tuomas Iisalo vaikea tilanne | HS.fi"},"content":{"rendered":"<p>Koripallo|Suomalaisen taival NBA:sa ei ole ollut ruusuinen.<\/p>\n<p>Lue tiivistelm\u00e4<\/p>\n<p class=\"article-body mb-nof-24 px-nof-16 sndp-summary-bullet-point-font\">Memphis Grizzliesin p\u00e4\u00e4valmentaja Tuomas Iisalo sanoo, ett\u00e4 Euroopassa valmentajat saavat potkut nopeammin kuin NBA:ssa.<\/p>\n<p class=\"article-body mb-nof-24 px-nof-16 sndp-summary-bullet-point-font\">Iisalo on itse paineen alla, sill\u00e4 Grizzlies on voittanut vain 17 ottelua 40:st\u00e4 ja fanit vaativat h\u00e4nen erottamistaan.<\/p>\n<p class=\"article-body mb-nof-24 px-nof-16 sndp-summary-bullet-point-font\">Joukkueen t\u00e4htipelaaja Ja Morant on siirtohuhuilun kohteena ja h\u00e4n on kritisoinut Iisaloa julkisesti.<\/p>\n<p class=\"article-body mb-nof-24 px-nof-16\">NBA:ssa valmentava <a class=\"font-bold underline-offset-[0.12em] [text-decoration:var(--person-link-text-decoration)] ![text-decoration-color:var(--person-link-text-decoration-color)]\" href=\"https:\/\/www.hs.fi\/haku\/?query=Tuomas%20Iisalo\" rel=\"nofollow noopener\" target=\"_blank\">Tuomas Iisalo<\/a>, 43, on parhaillaan Euroopassa seurajoukkueensa Memphis Grizzliesin kanssa.<\/p>\n<p class=\"article-body mb-nof-24 px-nof-16\">Grizzlies kohtasi torstaina Orlando Magicin Berliiniss\u00e4 pelatussa NBA-ottelussa. Joukkueet kohtaavat toisen kerran sunnuntaina Manchesteriss\u00e4.<\/p>\n<p class=\"article-body mb-nof-24 px-nof-16\">Grizzlies saapui Eurooppaan keskell\u00e4 vaikeaa tilannetta. Joukkueen t\u00e4htipelaaja <a class=\"font-bold underline-offset-[0.12em] [text-decoration:var(--person-link-text-decoration)] ![text-decoration-color:var(--person-link-text-decoration-color)]\" href=\"https:\/\/www.hs.fi\/haku\/?query=Ja%20Morant\" rel=\"nofollow noopener\" target=\"_blank\">Ja Morant<\/a>, 26, on kiihkeiden siirtospekulaatioiden keski\u00f6ss\u00e4.<\/p>\n<p class=\"article-body mb-nof-24 px-nof-16\">NBA:n siirtorajan l\u00e4hestyess\u00e4 Morantin on huhuttu siirtyv\u00e4n pois Memphisist\u00e4 isomman menestyksen per\u00e4ss\u00e4. My\u00f6s t\u00e4htipelaajan ja Iisalon v\u00e4lit ovat olleet koetuksella.<\/p>\n<p class=\"article-body mb-nof-24 px-nof-16\">Morant oli kohun keskell\u00e4 aiemmin lokakuussa, kun h\u00e4n kritisoi julkisesti suomalaisluotsiaan. Los Angeles Lakersia vastaan pelatun pelin j\u00e4lkeen Morantilta kysyttiin t\u00e4m\u00e4n peliajasta ja pelaamisesta, johon t\u00e4m\u00e4 vastasi vain \u201dkysyk\u00e4\u00e4 valmentajilta\u201d. Morant ei ollut tyytyv\u00e4inen ottelussa saamaansa v\u00e4h\u00e4iseen vastuuseen.<\/p>\n<p class=\"article-body mb-nof-24 px-nof-16\">Seurajohto ei katsonut pelaajansa puheita hyv\u00e4ll\u00e4 ja hyllytti pelintekij\u00e4ns\u00e4 yhden ottelun ajaksi.<\/p>\n<p class=\"article-body mb-nof-24 px-nof-16\">Morant oli seuraavassa ottelussa taas joukkueen kokoonpanossa.<\/p>\n<p class=\"article-body mb-nof-24 px-nof-16\">P\u00e4\u00e4valmentaja Iisalo on kiist\u00e4nyt huhut pelaajansa l\u00e4hd\u00f6st\u00e4.<\/p>\n<p class=\"article-body mb-nof-24 px-nof-16\">\u201dMeill\u00e4 ei ole tarvetta kommentoida satunnaisia nettihuhuja\u201d, Iisalo ilmoitti lehdist\u00f6lle tiistaina.<\/p>\n<p class=\"article-body mb-nof-24 px-nof-16\">NBA:n siirtoraja umpeutuu 5. helmikuuta.<\/p>\n<p><img decoding=\"async\" src=\"https:\/\/www.europesays.com\/fi\/wp-content\/uploads\/2026\/01\/1768562887_116_468.jpg\" alt=\"P\u00e4\u00e4valmentajan ja joukkueen t\u00e4htipelaajan Ja Morantin v\u00e4lill\u00e4 on selv\u00e4 j\u00e4nnite.\" class=\"_Img_1rerz_1\" style=\"aspect-ratio:1.7777777777777777\" loading=\"eager\"\/><\/p>\n<p class=\"article-picture-caption\">P\u00e4\u00e4valmentajan ja joukkueen t\u00e4htipelaajan Ja Morantin v\u00e4lill\u00e4 on selv\u00e4 j\u00e4nnite. Kuva:\u00a0Wes Hale \/ Lehtikuva<\/p>\n<p class=\"article-body mb-nof-24 px-nof-16\">Iisalo on toiminut Grizzliesin p\u00e4\u00e4valmentajana kaudesta 2024\u201325 l\u00e4htien. Seura nosti h\u00e4net kesken kauden apuvalmentajan paikalta p\u00e4\u00e4valmentajaksi, kun <a class=\"font-bold underline-offset-[0.12em] [text-decoration:var(--person-link-text-decoration)] ![text-decoration-color:var(--person-link-text-decoration-color)]\" href=\"https:\/\/www.hs.fi\/haku\/?query=Taylor%20Jenkins\" rel=\"nofollow noopener\" target=\"_blank\">Taylor Jenkins <\/a>sai potkut.<\/p>\n<p class=\"article-body mb-nof-24 px-nof-16\">Alku uudessa pestiss\u00e4 ei ollut helppo. Iisalo aloitti teht\u00e4v\u00e4ss\u00e4 yhdeks\u00e4n peli\u00e4 ennen runkosarjan loppua, mik\u00e4 ei j\u00e4tt\u00e4nyt suuremmin aikaa muutosten tekoon.<\/p>\n<p class=\"article-body mb-nof-24 px-nof-16\">Suomalainen osoitti rohkeutensa valmentajana tekem\u00e4ll\u00e4 kokoonpanoon huomattavia muutoksia heti seuraaviin peleihin. H\u00e4n esimerkiksi lis\u00e4si nuoren tulokkaan <a class=\"font-bold underline-offset-[0.12em] [text-decoration:var(--person-link-text-decoration)] ![text-decoration-color:var(--person-link-text-decoration-color)]\" href=\"https:\/\/www.hs.fi\/haku\/?query=Zach%20Edeyn\" rel=\"nofollow noopener\" target=\"_blank\">Zach Edeyn<\/a>, 23, peliaikaa, mik\u00e4 osoittautui hyv\u00e4ksi liikkeeksi, Edeyn pelatessa oivan loppukauden. Maaliskuussa 2025 seura ilmoitti Iisalon jatkavan p\u00e4\u00e4valmentajana t\u00e4ll\u00e4kin kaudella.<\/p>\n<p><img decoding=\"async\" src=\"https:\/\/www.europesays.com\/fi\/wp-content\/uploads\/2026\/01\/1768562888_99_468.jpg\" alt=\"Iisalo valmentaa Memphisiss\u00e4 ensimm\u00e4ist\u00e4 kokonaista kauttaan p\u00e4\u00e4valmentajana.\" class=\"_Img_1rerz_1\" style=\"aspect-ratio:1.7777777777777777\" loading=\"eager\"\/><\/p>\n<p class=\"article-picture-caption\">Iisalo valmentaa Memphisiss\u00e4 ensimm\u00e4ist\u00e4 kokonaista kauttaan p\u00e4\u00e4valmentajana. Kuva:\u00a0Justin Ford \/ Lehtikuva<\/p>\n<p class=\"article-body mb-nof-24 px-nof-16\">Keskiviikkona Iisalo antoi koripallomedia Eurohoops.netille <a class=\"underline underline-offset-[0.12em] [text-decoration-thickness:var(--generic-link-underline-thickness)] [text-decoration-color:var(--generic-link-underline-color)] [text-decoration-skip-ink:var(--generic-link-underline-skip-ink)] break-words\" href=\"https:\/\/www.eurohoops.net\/en\/nba-news\/1919196\/tuomas-iisalo-compares-coaching-in-nba-versus-europe-memphis-grizzlies\/\" rel=\"nofollow noopener\" target=\"_blank\">haastattelun<\/a>, jossa perkaa valmentamisen eroja Euroopan ja Yhdysvaltojen v\u00e4lill\u00e4.<\/p>\n<p class=\"article-body mb-nof-24 px-nof-16\">\u201dS\u00e4\u00e4nn\u00f6t ovat erilaiset, kentt\u00e4 on isompi, peliaika on pidempi ja jotkin s\u00e4\u00e4nt\u00f6jen p\u00e4\u00e4llekk\u00e4isyydet ovat erilaisia. Niiss\u00e4 on eroja\u201d, Iisalo luettelee.<\/p>\n<p class=\"article-body mb-nof-24 px-nof-16\">\u201dEuroopassa p\u00e4rj\u00e4\u00e4t peruspuolustamisella ja -pelaamisella hyvinkin pitk\u00e4lle. Illasta toiseen voit niiden avulla olla todella hyv\u00e4, kun taas t\u00e4\u00e4ll\u00e4 olet huippujoukkueita vastaan pulassa, jos olet liian ennalta-arvattava.\u201d<\/p>\n<p class=\"article-body mb-nof-24 px-nof-16\">Iisalo tiet\u00e4\u00e4 mist\u00e4 puhuu. Kaudella 2023\u201324 loviisalaisl\u00e4ht\u00f6inen Iisalo toimi Euroopan huippujoukkueen Paris Basketballin p\u00e4\u00e4valmentajana, ja johti pariisilaisjoukkueen EuroCupin voittoon.<\/p>\n<p class=\"article-body mb-nof-24 px-nof-16\">Iisalo voitti my\u00f6s edellisvuonna Mestarien liigan luotsatessaan saksalaista Telekom Baskets Bonnia.<\/p>\n<p><img decoding=\"async\" src=\"https:\/\/www.europesays.com\/fi\/wp-content\/uploads\/2026\/01\/1768562888_589_468.jpg\" alt=\"Iisalo ohjeistamassa Paris Basketballin pelaajia vuonna 2023.\" class=\"_Img_1rerz_1\" style=\"aspect-ratio:1.7777777777777777\" loading=\"eager\"\/><\/p>\n<p class=\"article-picture-caption\">Iisalo ohjeistamassa Paris Basketballin pelaajia vuonna 2023. Kuva:\u00a0PanoramiC \/ imago sport \/ MVPhotos<\/p>\n<p class=\"article-body mb-nof-24 px-nof-16\">Eurooppalaisen koripallon huippumaissa p\u00e4\u00e4valmentajan pesti voi olla tuulinen. T\u00e4m\u00e4n suomalainenkin on huomannut, vaikka ei ole itse valmentajaurallaan potkuja koskaan saanutkaan.<\/p>\n<p class=\"article-body mb-nof-24 px-nof-16\">Iisalo toimi p\u00e4\u00e4valmentajana nelj\u00e4ss\u00e4 eurooppalaisseurassa vuosina 2014\u20132024, ennen siirtymist\u00e4 Yhdysvaltoihin.<\/p>\n<p class=\"article-body mb-nof-24 px-nof-16\">\u201dEuroopassa n\u00e4kee paljon valmentajapotkuja. Euroliigassa taitaa olla nyt seitsem\u00e4n valmentajaa jotka ovat joko saaneet potkut tai itse irtisanoutuneet. Tulosta on siis tultava heti.\u201d<\/p>\n<p class=\"article-body mb-nof-24 px-nof-16\">Iisalon mukaan Euroopassa valmentajien pestit j\u00e4\u00e4v\u00e4t lyhyemmiksi kuin Amerikassa. Osaksi t\u00e4m\u00e4 johtuu seurajohdon malttamattomuudesta, ja osaksi my\u00f6s lyhyemmist\u00e4 sopimuksista. NBA:ssa valmentajalla on enemm\u00e4n aikaa rakentaa menestyst\u00e4.<\/p>\n<p class=\"article-body mb-nof-24 px-nof-16\">Nyt IIsalon uran jatkuminen Memphisiss\u00e4 on ollut suurennuslasin alla.<\/p>\n<p class=\"article-body mb-nof-24 px-nof-16\">Joukkueen heikot peliesitykset sek\u00e4 tulehtuneet v\u00e4lit t\u00e4htipelaaja Morantin kanssa ovat saaneet osan faneista k\u00e4\u00e4ntym\u00e4\u00e4n Iisaloa vastaan.<\/p>\n<p class=\"article-body mb-nof-24 px-nof-16\">Lukuisissa viestipalvelu X:n julkaisuissa vaaditaan Iisalon potkuja. My\u00f6s t\u00e4htipelaaja Morantin heikoista peliesityksist\u00e4 on syytetty valmennusta.<\/p>\n<p class=\"article-body mb-nof-24 px-nof-16\">\u201dAloite Tuomas Iisalon irtisanomiseksi. Tykk\u00e4\u00e4 ja jaa!\u201d, nimimerkki GrizzbeHooping kirjoittaa.<\/p>\n<p class=\"article-body mb-nof-24 px-nof-16\">\u201dIisalon palkkaamisen j\u00e4lkeen joukkue alkoi pelata surkeasti, mukaan lukien Ja\u201d, <a class=\"underline underline-offset-[0.12em] [text-decoration-thickness:var(--generic-link-underline-thickness)] [text-decoration-color:var(--generic-link-underline-color)] [text-decoration-skip-ink:var(--generic-link-underline-skip-ink)] break-words\" href=\"https:\/\/x.com\/KadiDuzIt\/status\/2009849937530630397?ref_src=twsrc%5Etfw%7Ctwcamp%5Etweetembed%7Ctwterm%5E2009849937530630397%7Ctwgr%5E5e5f53322395ad31722684465daf511717f5e804%7Ctwcon%5Es1_&amp;ref_url=https%3A%2F%2Fyle.fi%2Fa%2F74-20203520\" rel=\"nofollow\">kirjoittaa k\u00e4ytt\u00e4j\u00e4 KDZ.<\/a><\/p>\n<p class=\"article-body mb-nof-24 px-nof-16\">Grizzliesin kotiareenalla FedExFormuilla on my\u00f6s voinut t\u00e4ll\u00e4 kaudella kuulla yhteishuutoja, joissa fanit vaativat p\u00e4\u00e4valmentajansa erottamista.<\/p>\n<p class=\"article-body mb-nof-24 px-nof-16\">Toistaiseksi Iisalo on saanut pit\u00e4\u00e4 ty\u00f6paikkansa, mutta jos joukkueen tulokset eiv\u00e4t parane ja tilanne Morantin kanssa ei ratkea, voi hiekka tiimalasissa nopeasti valua loppuun.<\/p>\n<p class=\"article-body mb-nof-24 px-nof-16\">Torstaina Memphis h\u00e4visi Orlando Magicille Berliiniss\u00e4 luvuin 118\u2013111.<\/p>\n<p class=\"article-body mb-nof-24 px-nof-16\">Suomalaisvalmentaja oli ottelun j\u00e4lkeisess\u00e4 <a class=\"underline underline-offset-[0.12em] [text-decoration-thickness:var(--generic-link-underline-thickness)] [text-decoration-color:var(--generic-link-underline-color)] [text-decoration-skip-ink:var(--generic-link-underline-skip-ink)] break-words\" href=\"https:\/\/www.youtube.com\/watch?v=9G_wLwU3yc4\" rel=\"nofollow noopener\" target=\"_blank\">lehdist\u00f6tilaisuudessa <\/a>pettynyt, mutta kehui joukkueensa vahvaa asennetta tappiosta huolimatta.<\/p>\n<p class=\"article-body mb-nof-24 px-nof-16\">Seuran yll\u00e4 vellova mediamyllytys ei Iisalon mukaan ole vaikuttanut joukkueeseen.<\/p>\n<p class=\"article-body mb-nof-24 px-nof-16\">\u201dJoukkueessa on todella hyv\u00e4 harjoitteluilmapiiri p\u00e4iv\u00e4st\u00e4 toiseen. Emme juuri v\u00e4lit\u00e4 mit\u00e4 mediassa ja muualla meist\u00e4 puhutaan, vaan keskitymme ty\u00f6n tekoon\u201d, Iisalo kommentoi lehdist\u00f6lle.<\/p>\n<p class=\"article-body mb-nof-24 px-nof-16\">Memphisin kausi on ottelua vaille puolessa v\u00e4liss\u00e4. Joukkue on ennen sunnuntain ottelua NBA:n l\u00e4ntisess\u00e4 konferenssissa kymmenes ja pudotuspelipaikka on viel\u00e4 tavoitettavissa, mutta t\u00f6it\u00e4 sen eteen on teht\u00e4v\u00e4.<\/p>\n<p class=\"article-body mb-nof-24 px-nof-16\">Kunkin konferenssin kuusi parasta joukkuetta p\u00e4\u00e4sev\u00e4t suoraan pudotuspeleihin ja sijoille 7\u201310 sijoittuneet pelaavat oman karsintaturnauksen. Karsintojen kaksi parasta joukkuetta etenev\u00e4t varsinaisiin pudotuspeleihin.<\/p>\n<p class=\"article-body mb-nof-24 px-nof-16\">Mahdollisuus pudotuspeleihin Iisalon suojateilla siis on, mutta se vaatii pelin selv\u00e4\u00e4 parantumista loppukautta kohti.<\/p>\n<p class=\"article-body mb-nof-24 px-nof-16\">Joukkue on voittanut pelaamastaan nelj\u00e4st\u00e4kymmenest\u00e4 ottelusta 17 ja viimeisest\u00e4 kymmenest\u00e4 vain kolme.<\/p>\n","protected":false},"excerpt":{"rendered":"Koripallo|Suomalaisen taival NBA:sa ei ole ollut ruusuinen. Lue tiivistelm\u00e4 Memphis Grizzliesin p\u00e4\u00e4valmentaja Tuomas Iisalo sanoo, ett\u00e4 Euroopassa valmentajat&hellip;\n","protected":false},"author":2,"featured_media":143912,"comment_status":"","ping_status":"","sticky":false,"template":"","format":"standard","meta":{"footnotes":""},"categories":[158],"tags":[33,31,30,46,159,32,160],"class_list":{"0":"post-143911","1":"post","2":"type-post","3":"status-publish","4":"format-standard","5":"has-post-thumbnail","7":"category-urheilu","8":"tag-fi","9":"tag-finland","10":"tag-finnish","11":"tag-helsingin-sanomat","12":"tag-sports","13":"tag-suomi","14":"tag-urheilu"},"share_on_mastodon":{"url":"https:\/\/pubeurope.com\/@fi\/115904545038280865","error":""},"_links":{"self":[{"href":"https:\/\/www.europesays.com\/fi\/wp-json\/wp\/v2\/posts\/143911","targetHints":{"allow":["GET"]}}],"collection":[{"href":"https:\/\/www.europesays.com\/fi\/wp-json\/wp\/v2\/posts"}],"about":[{"href":"https:\/\/www.europesays.com\/fi\/wp-json\/wp\/v2\/types\/post"}],"author":[{"embeddable":true,"href":"https:\/\/www.europesays.com\/fi\/wp-json\/wp\/v2\/users\/2"}],"replies":[{"embeddable":true,"href":"https:\/\/www.europesays.com\/fi\/wp-json\/wp\/v2\/comments?post=143911"}],"version-history":[{"count":0,"href":"https:\/\/www.europesays.com\/fi\/wp-json\/wp\/v2\/posts\/143911\/revisions"}],"wp:featuredmedia":[{"embeddable":true,"href":"https:\/\/www.europesays.com\/fi\/wp-json\/wp\/v2\/media\/143912"}],"wp:attachment":[{"href":"https:\/\/www.europesays.com\/fi\/wp-json\/wp\/v2\/media?parent=143911"}],"wp:term":[{"taxonomy":"category","embeddable":true,"href":"https:\/\/www.europesays.com\/fi\/wp-json\/wp\/v2\/categories?post=143911"},{"taxonomy":"post_tag","embeddable":true,"href":"https:\/\/www.europesays.com\/fi\/wp-json\/wp\/v2\/tags?post=143911"}],"curies":[{"name":"wp","href":"https:\/\/api.w.org\/{rel}","templated":true}]}}