{"id":143913,"date":"2026-01-16T11:29:07","date_gmt":"2026-01-16T11:29:07","guid":{"rendered":"https:\/\/www.europesays.com\/fi\/143913\/"},"modified":"2026-01-16T11:29:07","modified_gmt":"2026-01-16T11:29:07","slug":"kukapa-haluaisi-olla-sellainen-kuin-vanhempansa-kysyvat-alex-schulman-ja-marie-aubert","status":"publish","type":"post","link":"https:\/\/www.europesays.com\/fi\/143913\/","title":{"rendered":"Kukapa haluaisi olla sellainen kuin vanhempansa, kysyv\u00e4t Alex Schulman ja Marie Aubert"},"content":{"rendered":"<p>Parasta juuri nyt|Perhe on pahin, ja kukapa haluaisi olla sellainen kuin vanhempansa, sanovat Alex Schulman ja Marie Aubert kirjoissaan.<\/p>\n<p class=\"article-body mb-nof-24 px-nof-16\">Suomalaisten sodan vaurioittamat isovanhemmat, puhumattomat is\u00e4t ja muutenkin synk\u00e4t sukulaissuhteet on niin moneen kertaan kirjallisuudessamme k\u00e4sitelty, ett\u00e4 tuntuu raikkaalta lukea l\u00e4ntisten naapureidemme perheist\u00e4. Niiss\u00e4 elinymp\u00e4rist\u00f6 ja hahmot ovat ik\u00e4\u00e4n kuin tuttuja mutta kaikki on kuitenkin hieman toisin.<\/p>\n","protected":false},"excerpt":{"rendered":"Parasta juuri nyt|Perhe on pahin, ja kukapa haluaisi olla sellainen kuin vanhempansa, sanovat Alex Schulman ja Marie Aubert&hellip;\n","protected":false},"author":2,"featured_media":143914,"comment_status":"","ping_status":"","sticky":false,"template":"","format":"standard","meta":{"footnotes":""},"categories":[130],"tags":[137,33,31,30,46,32,109],"class_list":{"0":"post-143913","1":"post","2":"type-post","3":"status-publish","4":"format-standard","5":"has-post-thumbnail","7":"category-viihde","8":"tag-entertainment","9":"tag-fi","10":"tag-finland","11":"tag-finnish","12":"tag-helsingin-sanomat","13":"tag-suomi","14":"tag-viihde"},"share_on_mastodon":{"url":"https:\/\/pubeurope.com\/@fi\/115904548927542115","error":""},"_links":{"self":[{"href":"https:\/\/www.europesays.com\/fi\/wp-json\/wp\/v2\/posts\/143913","targetHints":{"allow":["GET"]}}],"collection":[{"href":"https:\/\/www.europesays.com\/fi\/wp-json\/wp\/v2\/posts"}],"about":[{"href":"https:\/\/www.europesays.com\/fi\/wp-json\/wp\/v2\/types\/post"}],"author":[{"embeddable":true,"href":"https:\/\/www.europesays.com\/fi\/wp-json\/wp\/v2\/users\/2"}],"replies":[{"embeddable":true,"href":"https:\/\/www.europesays.com\/fi\/wp-json\/wp\/v2\/comments?post=143913"}],"version-history":[{"count":0,"href":"https:\/\/www.europesays.com\/fi\/wp-json\/wp\/v2\/posts\/143913\/revisions"}],"wp:featuredmedia":[{"embeddable":true,"href":"https:\/\/www.europesays.com\/fi\/wp-json\/wp\/v2\/media\/143914"}],"wp:attachment":[{"href":"https:\/\/www.europesays.com\/fi\/wp-json\/wp\/v2\/media?parent=143913"}],"wp:term":[{"taxonomy":"category","embeddable":true,"href":"https:\/\/www.europesays.com\/fi\/wp-json\/wp\/v2\/categories?post=143913"},{"taxonomy":"post_tag","embeddable":true,"href":"https:\/\/www.europesays.com\/fi\/wp-json\/wp\/v2\/tags?post=143913"}],"curies":[{"name":"wp","href":"https:\/\/api.w.org\/{rel}","templated":true}]}}