{"id":143915,"date":"2026-01-16T11:30:09","date_gmt":"2026-01-16T11:30:09","guid":{"rendered":"https:\/\/www.europesays.com\/fi\/143915\/"},"modified":"2026-01-16T11:30:09","modified_gmt":"2026-01-16T11:30:09","slug":"pohjois-karjalan-kunnat-vastustavat-matkailijoilta-perittavaa-veroa-pohjois-karjala","status":"publish","type":"post","link":"https:\/\/www.europesays.com\/fi\/143915\/","title":{"rendered":"Pohjois-Karjalan kunnat vastustavat matkailijoilta peritt\u00e4v\u00e4\u00e4 veroa | Pohjois-Karjala"},"content":{"rendered":"<p class=\"aw-1gybjub aw-5vja16 kEtdKx kmuxyA yle__article__paragraph\">Valtiovarain\u00administeri\u00f6 kartoittaa parhaillaan matkailijaveron tarpeel\u00adlisuutta. Pohjois-Karjalassa on arvioitu, ettei veroa maakuntaan tarvita eik\u00e4 haluta.<\/p>\n<p><img decoding=\"async\" alt=\"Punainen hotelli talvella.\" src=\"https:\/\/www.europesays.com\/fi\/wp-content\/uploads\/2026\/01\/39-124636265d3178f1995b.jpeg\" class=\"aw-1l9m598 hKVVvP\"\/><\/p>\n<p>Avaa kuvien katselu<\/p>\n<p>Hotelli Kolin kyl\u00e4keskuksessa. Kuva: Ilkka Ritvanen \/ Yle<\/p>\n<p class=\"aw-1gybjub aw-1p7kakr kEtdKx cEmitX yle__article__paragraph\">Pohjois-Karjalassa suhtaudutaan pense\u00e4sti <strong class=\"aw-ak79eh KyCXm yle__article__strong\">Petteri Orpon<\/strong> hallitusohjelman matkailuverokaavailuihin.<\/p>\n<p class=\"aw-1gybjub aw-1p7kakr kEtdKx cEmitX yle__article__paragraph\">Pohjois-Karjalan kunnat ovat maakuntaliiton johdolla vastaamassa valtiovarainministeri\u00f6lle, ett\u00e4 vastustavat matkailijoilta peritt\u00e4v\u00e4\u00e4 veroa ja my\u00f6s sen kokeilemista.<\/p>\n<p class=\"aw-1gybjub aw-1p7kakr kEtdKx cEmitX yle__article__paragraph\">Pohjois-Karjala kilpailee matkailijoista erityisesti muiden kotimaisten kohteiden ja It\u00e4meren alueen kanssa. Lis\u00e4vero heikent\u00e4isi kilpailukyky\u00e4 tilanteessa, jossa matkailun kasvuedellytykset ovat jo valmiiksi hauraat, lausuu Pohjois-Karjalan maakuntaliitto.<\/p>\n<p class=\"aw-1gybjub aw-1p7kakr kEtdKx cEmitX yle__article__paragraph\">Kuntien kannanoton mukaan Pohjois-Karjalassa matkailijavero ei ole ajankohtainen, eik\u00e4 sit\u00e4 kannata edist\u00e4\u00e4.<\/p>\n<p class=\"aw-1gybjub aw-1p7kakr kEtdKx cEmitX yle__article__paragraph\">Muun muassa Ilomantsi on kirjannut vastaukseensa, ett\u00e4 veron haitat olisivat suuria. Matkailijaveron uskotaan nostavan matkailun hintaa, heikent\u00e4v\u00e4n kysynt\u00e4\u00e4 ja johtavan yritysten jo valmiiksi heikon kannattavuuden laskuun.<\/p>\n<p class=\"aw-1gybjub aw-1p7kakr kEtdKx cEmitX yle__article__paragraph\">Matkailijavero tarkoittaisi yleens\u00e4 lyhytaikaisen majoittumisen yhteydess\u00e4 maksettavaa erillist\u00e4 veroa tai maksua. P\u00e4\u00e4ministeri Petteri Orpon hallitus p\u00e4\u00e4tti kev\u00e4\u00e4n 2025 puoliv\u00e4liriihess\u00e4 it\u00e4isen ja pohjoisen Suomen ohjelmista. Silloin p\u00e4\u00e4tettiin k\u00e4ynnist\u00e4\u00e4 strategiset toimenpiteet, joihin matkailuveron kartoitus liittyy.<\/p>\n<p class=\"aw-1gybjub aw-1p7kakr kEtdKx cEmitX yle__article__paragraph\">Hallitus linjasi, ett\u00e4 lakiin perustuva matkailuvero eli matkailijamaksu toteutetaan alueellisena kokeiluna, kun sen toteuttamisedellytykset on selvitetty.<\/p>\n","protected":false},"excerpt":{"rendered":"Valtiovarain\u00administeri\u00f6 kartoittaa parhaillaan matkailijaveron tarpeel\u00adlisuutta. Pohjois-Karjalassa on arvioitu, ettei veroa maakuntaan tarvita eik\u00e4 haluta. Avaa kuvien katselu Hotelli&hellip;\n","protected":false},"author":2,"featured_media":143916,"comment_status":"","ping_status":"","sticky":false,"template":"","format":"standard","meta":{"footnotes":""},"categories":[112],"tags":[33,31,30,11314,1687,1478,1137,2948,118,32,119,24622],"class_list":{"0":"post-143915","1":"post","2":"type-post","3":"status-publish","4":"format-standard","5":"has-post-thumbnail","7":"category-tiede","8":"tag-fi","9":"tag-finland","10":"tag-finnish","11":"tag-hallitusohjelmat","12":"tag-ilomantsi","13":"tag-matkailu","14":"tag-pohjois-karjala","15":"tag-pohjois-karjalan-maakuntaliitto","16":"tag-science","17":"tag-suomi","18":"tag-tiede","19":"tag-turistivero"},"share_on_mastodon":{"url":"https:\/\/pubeurope.com\/@fi\/115904552838775333","error":""},"_links":{"self":[{"href":"https:\/\/www.europesays.com\/fi\/wp-json\/wp\/v2\/posts\/143915","targetHints":{"allow":["GET"]}}],"collection":[{"href":"https:\/\/www.europesays.com\/fi\/wp-json\/wp\/v2\/posts"}],"about":[{"href":"https:\/\/www.europesays.com\/fi\/wp-json\/wp\/v2\/types\/post"}],"author":[{"embeddable":true,"href":"https:\/\/www.europesays.com\/fi\/wp-json\/wp\/v2\/users\/2"}],"replies":[{"embeddable":true,"href":"https:\/\/www.europesays.com\/fi\/wp-json\/wp\/v2\/comments?post=143915"}],"version-history":[{"count":0,"href":"https:\/\/www.europesays.com\/fi\/wp-json\/wp\/v2\/posts\/143915\/revisions"}],"wp:featuredmedia":[{"embeddable":true,"href":"https:\/\/www.europesays.com\/fi\/wp-json\/wp\/v2\/media\/143916"}],"wp:attachment":[{"href":"https:\/\/www.europesays.com\/fi\/wp-json\/wp\/v2\/media?parent=143915"}],"wp:term":[{"taxonomy":"category","embeddable":true,"href":"https:\/\/www.europesays.com\/fi\/wp-json\/wp\/v2\/categories?post=143915"},{"taxonomy":"post_tag","embeddable":true,"href":"https:\/\/www.europesays.com\/fi\/wp-json\/wp\/v2\/tags?post=143915"}],"curies":[{"name":"wp","href":"https:\/\/api.w.org\/{rel}","templated":true}]}}