{"id":143917,"date":"2026-01-16T11:32:11","date_gmt":"2026-01-16T11:32:11","guid":{"rendered":"https:\/\/www.europesays.com\/fi\/143917\/"},"modified":"2026-01-16T11:32:11","modified_gmt":"2026-01-16T11:32:11","slug":"suomen-pankki-asetti-sijoitustoiminnalle-uudet-ilmastovalitavoitteet-ja-paivitti-vastuullisen-sijoittamisen-periaatteet","status":"publish","type":"post","link":"https:\/\/www.europesays.com\/fi\/143917\/","title":{"rendered":"Suomen Pankki asetti sijoitustoiminnalle uudet ilmastov\u00e4litavoitteet ja p\u00e4ivitti vastuullisen sijoittamisen periaatteet"},"content":{"rendered":"<p>&#13;<br \/>\n&#13;<br \/>\n&#13;<br \/>\n            &#13;<br \/>\n&#13;<br \/>\n&#13;<br \/>\nUutinen                            |&#13;<br \/>\n&#13;<br \/>\n                &#13;<br \/>\n&#13;<br \/>\n&#13;<br \/>\n16.1.2026 10.00&#13;<br \/>\n            &#13;<br \/>\n&#13;<br \/>\n            &#13;<br \/>\n&#13;<br \/>\n  &#13;<br \/>\n&#13;<\/p>\n<p>Suomen Pankin johtokunta on p\u00e4\u00e4tt\u00e4nyt uusista ilmastov\u00e4litavoitteista, jotka ohjaavat pankin sijoitustoimintaa kohti hiilineutraalisuutta viimeist\u00e4\u00e4n vuoteen 2050 menness\u00e4. P\u00e4ivitys jatkaa aiempien v\u00e4litavoitteiden linjaa, jotka saavutettuina ohjasivat toimintaa vuoden 2025 loppuun saakka.<\/p>\n<p>&#13;<\/p>\n<p><img decoding=\"async\" src=\"https:\/\/www.europesays.com\/fi\/wp-content\/uploads\/2026\/01\/0d7752fd-7d5d-4d1e-afb5-3787dd4d8da6.jpg\" alt=\"\"\/><\/p>\n<p>                    &#13;<br \/>\n&#13;<br \/>\n        &#13;<\/p>\n<p>V\u00e4litavoitteet koskevat eri omaisuuslajeja ja sis\u00e4lt\u00e4v\u00e4t sek\u00e4 laadullisia ett\u00e4 m\u00e4\u00e4r\u00e4llisi\u00e4 tavoitteita. Uudet tavoitteet tulee saavuttaa vuoteen 2030 loppuun menness\u00e4. Keskeiset muutokset koskevat osake- ja yrityslainasijoituksia, kun taas muiden omaisuusluokkien laadulliset tavoitteet pysyv\u00e4t ennallaan.<\/p>\n<p>Osakesijoitusten p\u00e4\u00e4st\u00f6intensiteetin v\u00e4hennystavoite nousee 50 %:sta 60 %:iin vuoden 2030 loppuun menness\u00e4 (vertailutasona vuoden 2021 ensimm\u00e4inen vuosinelj\u00e4nnes). Lis\u00e4ksi 75 % osakesijoituksista tulee olla rahastoissa, joilla on ilmasto- ja\/tai ESG-tavoite. T\u00e4m\u00e4 uusi m\u00e4\u00e4r\u00e4llinen tavoite korvaa aiemman laadullisen tavoitteen.<\/p>\n<p>Yrityslainasijoitusten uutena tavoitteena on lopettaa sijoitukset, jotka liittyv\u00e4t l\u00e4mp\u00f6hiilen kaivostoimintaan ja kivihiilest\u00e4 tuotettuun s\u00e4hk\u00f6\u00f6n. Yrityslainasijoitusten aiemmat sektorikohtaiset rajoitukset fossiilisiin polttoaineisiin liittyen j\u00e4\u00e4v\u00e4t voimaan, mutta ne siirret\u00e4\u00e4n osaksi muita vastuullisen sijoittamisen rajoitteita.<\/p>\n<p>V\u00e4litavoitteiden toteutumista seurataan ja niist\u00e4 raportoidaan s\u00e4\u00e4nn\u00f6llisesti. Seuraavat uudet v\u00e4litavoitteet \u00a0\u00a0asetetaan viimeist\u00e4\u00e4n vuoden 2030 aikana.<\/p>\n<p>Suomen Pankin <a href=\"https:\/\/publications.bof.fi\/handle\/10024\/54345\" title=\"Vastuullisen sijoittamisen periaatteet 2026 (PDF)\" rel=\"nofollow noopener\" target=\"_blank\">vastuullisen sijoittamisen periaatteet<\/a> on p\u00e4ivitetty vastaamaan uusia tavoitteita.<\/p>\n<p><strong>Taulukko: Suomen Pankin uudet v\u00e4litavoitteet<\/strong><\/p>\n<tr class=\"prs-table__row--light\">\n<td>Omaisuuslajit<\/td>\n<td>V\u00e4litavoitteet<\/td>\n<\/tr>\n<tr>\n<td>Osakkeet<\/td>\n<td>\n<ol>\n<li>60 % p\u00e4\u00e4st\u00f6intensiteettiv\u00e4hennystavoite koko osakesalkun osalta vuoden 2030 loppuun menness\u00e4 Q1\/2021 vertailulukuun verrattuna.<\/li>\n<li>V\u00e4hint\u00e4\u00e4n 75 % osakesijoituksista vuoden 2030 loppuun menness\u00e4 kohdistuu sijoitustuotteisiin, joilla on ilmasto- ja\/tai ESG-tavoite.<\/li>\n<\/ol>\n<\/td>\n<\/tr>\n<tr>\n<td>Yrityslainat<\/td>\n<td>\n<p>Toimialakohtaiset tavoitteet:<\/p>\n<ul>\n<li>0 % liikevaihdosta l\u00e4mp\u00f6hiilen kaivostoiminnasta vuoden 2030 loppuun menness\u00e4<\/li>\n<li>0 % liikevaihdosta kivihiilell\u00e4 tuotetusta s\u00e4hk\u00f6st\u00e4 vuoden 2030 loppuun menness\u00e4<\/li>\n<\/ul>\n<\/td>\n<\/tr>\n<tr>\n<td>Valtionlainat<\/td>\n<td>Yll\u00e4pit\u00e4\u00e4 julkista keskustelua ilmastonmuutoksesta ja kannustaa siten valtioita asettamaan riitt\u00e4vi\u00e4 kansallisia tavoitteita Pariisin ilmastosopimuksen mukaisesti<\/td>\n<\/tr>\n<tr>\n<td>Valtiosidonnaisten liikkeeseenlaskijoiden velkakirjat<\/td>\n<td>Kannustaa valtiosidonnaisia liikkeeseenlaskijoita asettamaan ilmastotavoitteita omalle sijoitustoiminnalleen<\/td>\n<\/tr>\n<tr>\n<td>Kiinteist\u00f6sijoitukset<\/td>\n<td>Varainhoitajalla tai tuotteella on olemassa oleva riitt\u00e4v\u00e4n laaja ja kunnianhimoinen ilmastotavoite\/ &#8211; vaikutus (koskee nykyisi\u00e4 ja uusia varainhoitajia)<\/td>\n<\/tr>\n<tr>\n<td>Muut varainhoitajien hallinnoimat sijoitukset<\/td>\n<td>Varainhoitajalla tai tuotteella on olemassa oleva riitt\u00e4v\u00e4n laaja ja kunnianhimoinen ilmastotavoite\/ &#8211; vaikutus (koskee nykyisi\u00e4 ja uusia varainhoitajia)<\/td>\n<\/tr>\n<p>&#13;<br \/>\n&#13;<\/p>\n","protected":false},"excerpt":{"rendered":"&#13; &#13; &#13; &#13; &#13; &#13; Uutinen |&#13; &#13; &#13; &#13; &#13; 16.1.2026 10.00&#13; &#13; &#13; &#13; &#13;&hellip;\n","protected":false},"author":2,"featured_media":143918,"comment_status":"","ping_status":"","sticky":false,"template":"","format":"standard","meta":{"footnotes":""},"categories":[76],"tags":[79,77,33,31,30,16069,1444,9518,32,78,9441],"class_list":{"0":"post-143917","1":"post","2":"type-post","3":"status-publish","4":"format-standard","5":"has-post-thumbnail","7":"category-talous","8":"tag-business","9":"tag-economy","10":"tag-fi","11":"tag-finland","12":"tag-finnish","13":"tag-rahoitusvakaus","14":"tag-sijoittaminen","15":"tag-suomen-pankki","16":"tag-suomi","17":"tag-talous","18":"tag-vastuullisuus"},"share_on_mastodon":{"url":"https:\/\/pubeurope.com\/@fi\/115904560867896079","error":""},"_links":{"self":[{"href":"https:\/\/www.europesays.com\/fi\/wp-json\/wp\/v2\/posts\/143917","targetHints":{"allow":["GET"]}}],"collection":[{"href":"https:\/\/www.europesays.com\/fi\/wp-json\/wp\/v2\/posts"}],"about":[{"href":"https:\/\/www.europesays.com\/fi\/wp-json\/wp\/v2\/types\/post"}],"author":[{"embeddable":true,"href":"https:\/\/www.europesays.com\/fi\/wp-json\/wp\/v2\/users\/2"}],"replies":[{"embeddable":true,"href":"https:\/\/www.europesays.com\/fi\/wp-json\/wp\/v2\/comments?post=143917"}],"version-history":[{"count":0,"href":"https:\/\/www.europesays.com\/fi\/wp-json\/wp\/v2\/posts\/143917\/revisions"}],"wp:featuredmedia":[{"embeddable":true,"href":"https:\/\/www.europesays.com\/fi\/wp-json\/wp\/v2\/media\/143918"}],"wp:attachment":[{"href":"https:\/\/www.europesays.com\/fi\/wp-json\/wp\/v2\/media?parent=143917"}],"wp:term":[{"taxonomy":"category","embeddable":true,"href":"https:\/\/www.europesays.com\/fi\/wp-json\/wp\/v2\/categories?post=143917"},{"taxonomy":"post_tag","embeddable":true,"href":"https:\/\/www.europesays.com\/fi\/wp-json\/wp\/v2\/tags?post=143917"}],"curies":[{"name":"wp","href":"https:\/\/api.w.org\/{rel}","templated":true}]}}