{"id":143919,"date":"2026-01-16T11:33:08","date_gmt":"2026-01-16T11:33:08","guid":{"rendered":"https:\/\/www.europesays.com\/fi\/143919\/"},"modified":"2026-01-16T11:33:08","modified_gmt":"2026-01-16T11:33:08","slug":"trumpia-ryopytetaan-nobelin-rauhanpalkinnon-vastaanottamisesta","status":"publish","type":"post","link":"https:\/\/www.europesays.com\/fi\/143919\/","title":{"rendered":"Trumpia ry\u00f6pytet\u00e4\u00e4n Nobelin rauhanpalkinnon vastaanottamisesta"},"content":{"rendered":"<p>Todellinen Nobelin rauhanpalkinnon saaja Maria Corina Machado luovutti palkinnon Trumpille torstaina Valkoisessa talossa.<\/p>\n<p>Trump yritti kaikin keinoin saada Nobel-komitean my\u00f6nt\u00e4m\u00e4\u00e4n rauhanpalkinnon h\u00e4nelle. <\/p>\n<p class=\"article-body mb-nof-24 px-nof-16\">Yhdysvaltain presidentille <a class=\"font-bold underline-offset-[0.12em] [text-decoration:var(--person-link-text-decoration)] ![text-decoration-color:var(--person-link-text-decoration-color)]\" href=\"https:\/\/www.is.fi\/haku\/?query=Donald%20Trumpille\" rel=\"nofollow noopener\" target=\"_blank\">Donald Trumpille<\/a> luovutettu Nobelin rauhanpalkinto on her\u00e4tt\u00e4nyt tyrmistyst\u00e4. Venezuelan oppositiojohtaja <a class=\"font-bold underline-offset-[0.12em] [text-decoration:var(--person-link-text-decoration)] ![text-decoration-color:var(--person-link-text-decoration-color)]\" href=\"https:\/\/www.is.fi\/haku\/?query=Mar%C3%ADa%20Corina%20Machado\" rel=\"nofollow noopener\" target=\"_blank\">Mar\u00eda Corina Machado<\/a> luovutti palkinnon Trumpille Valkoisessa talossa torstaina.<\/p>\n<p class=\"article-body mb-nof-24 px-nof-16\">H\u00e4n totesi, ett\u00e4 luovutti rauhanpalkintoon kuuluvan mitalin Trumpille Venezuelan kansan puolesta.<\/p>\n<p class=\"article-body mb-nof-24 px-nof-16\">\u2013 H\u00e4n ansaitsi sen. T\u00e4m\u00e4 on hyvin tunteellinen hetki, Machado totesi <a class=\"underline underline-offset-[0.12em] [text-decoration-thickness:var(--generic-link-underline-thickness)] [text-decoration-color:var(--generic-link-underline-color)] [text-decoration-skip-ink:var(--generic-link-underline-skip-ink)] break-words\" href=\"https:\/\/x.com\/foxnews\/status\/2011982499509846355?s=46&amp;t=Fen0aCssAsQ88VQdV4g-Qw\" rel=\"nofollow\">Fox Newsille<\/a>.<\/p>\n<p class=\"article-body mb-nof-24 px-nof-16\">Esimerkiksi Yhdysvaltain entinen Ven\u00e4j\u00e4n-suurl\u00e4hettil\u00e4s, tutkija <a class=\"font-bold underline-offset-[0.12em] [text-decoration:var(--person-link-text-decoration)] ![text-decoration-color:var(--person-link-text-decoration-color)]\" href=\"https:\/\/www.is.fi\/haku\/?query=Michael%20McFaul\" rel=\"nofollow noopener\" target=\"_blank\">Michael McFaul<\/a> ihmettelee Trumpin toimintaa.<\/p>\n<p class=\"article-body mb-nof-24 px-nof-16\">\u2013 En vain voi ymm\u00e4rt\u00e4\u00e4, miten Trump ei ole yht\u00e4\u00e4n h\u00e4peiss\u00e4\u00e4n jonkun muun palkinnon vastaan ottamisesta, McFaul kummastelee viestipalvelu X:ss\u00e4.<\/p>\n<p class=\"article-body mb-nof-24 px-nof-16\">McFaul totesi, ett\u00e4 h\u00e4n on surullinen Machadon p\u00e4\u00e4t\u00f6ksest\u00e4. H\u00e4n ymm\u00e4rt\u00e4\u00e4, ett\u00e4 Machado tekee kaikkensa palauttaakseen demokratian Venezuelaan.<\/p>\n<p class=\"article-body mb-nof-24 px-nof-16\">Demokraatteja kannattava politiikan kommentaattori <a class=\"font-bold underline-offset-[0.12em] [text-decoration:var(--person-link-text-decoration)] ![text-decoration-color:var(--person-link-text-decoration-color)]\" href=\"https:\/\/www.is.fi\/haku\/?query=Harry%20Sisson\" rel=\"nofollow noopener\" target=\"_blank\">Harry Sisson<\/a> totesi X:ss\u00e4, ett\u00e4 Trumpin saama kierr\u00e4tys-Nobel on osoitus presidentin lapsellisuudesta.<\/p>\n<p class=\"article-body mb-nof-24 px-nof-16\">\u2013 H\u00e4n ei koskaan saa oikeaa palkintoa. H\u00e4n on ep\u00e4onnistuja, jollainen h\u00e4n on aina ollut ja tulee aina olemaan.<\/p>\n<p><img decoding=\"async\" src=\"https:\/\/www.europesays.com\/fi\/wp-content\/uploads\/2026\/01\/1768563188_288_468.jpg\" alt=\"Valkoinen talo julkaisi kuvan, jossa Trump hymyilee Nobelin rauhanpalkinnon kanssa Machadon rinnalla.\" class=\"_Img_1rerz_1\" style=\"aspect-ratio:0.6666666666666666\" loading=\"eager\"\/><\/p>\n<p class=\"article-picture-caption\">Valkoinen talo julkaisi kuvan, jossa Trump hymyilee Nobelin rauhanpalkinnon kanssa Machadon rinnalla. Kuva:\u00a0WHITE HOUSE \/ DANIEL TOROK HANDOUT<\/p>\n<p class=\"article-body mb-nof-24 px-nof-16\">Norjalaislehti VG:ss\u00e4 Nobel-palkintoihin perehtynyt historioitsija <a class=\"font-bold underline-offset-[0.12em] [text-decoration:var(--person-link-text-decoration)] ![text-decoration-color:var(--person-link-text-decoration-color)]\" href=\"https:\/\/www.is.fi\/haku\/?query=Asle%20Steen\" rel=\"nofollow noopener\" target=\"_blank\">Asle Steen<\/a> <a class=\"underline underline-offset-[0.12em] [text-decoration-thickness:var(--generic-link-underline-thickness)] [text-decoration-color:var(--generic-link-underline-color)] [text-decoration-skip-ink:var(--generic-link-underline-skip-ink)] break-words\" href=\"https:\/\/www.vg.no\/nyheter\/i\/3p9QvL\/trump-fikk-nobels-fredsprismedalje-fra-maria-corina-machado-norske-eksperter-reagerer\" rel=\"nofollow noopener\" target=\"_blank\">totesi<\/a>, ett\u00e4 Machadon teko on osoitus h\u00e4nen ep\u00e4toivostaan. H\u00e4nen mielest\u00e4\u00e4n Trumpin toiminta ei ole hyv\u00e4ksi Nobel-palkinnoille.<\/p>\n<p class=\"article-body mb-nof-24 px-nof-16\">\u2013 On uskomattoman s\u00e4\u00e4litt\u00e4v\u00e4\u00e4 n\u00e4hd\u00e4 h\u00e4nen lapsellinen ilonsa palkinnosta, jota h\u00e4n ei ole saanut, Steen tylytt\u00e4\u00e4 VG:ss\u00e4.<\/p>\n<p class=\"article-body mb-nof-24 px-nof-16\">Norjan Nobel-instituutti kielt\u00e4ytyi kommentoimasta asiaa VG:lle.<\/p>\n<p class=\"article-body mb-nof-24 px-nof-16\">Trump kiitti Machadoa palkinnosta. H\u00e4nen mukaansa oli \u201dupea ele\u201d antaa palkinto.<\/p>\n<p class=\"article-body mb-nof-24 px-nof-16\">\u2013 H\u00e4n on upea nainen, joka on selvinnyt niin paljosta, Trump kirjoitti Truth Socialissa.<\/p>\n<p class=\"article-body mb-nof-24 px-nof-16\">Rauhanpalkinnon jakavan Norjan Nobel-komitean mukaan palkintoa ei voi jakaa tai siirt\u00e4\u00e4 eteenp\u00e4in. Komitean mukaan mitali voi vaihtaa omistajaa, mutta palkinnon saaja ei muutu.<\/p>\n<p class=\"article-body mb-nof-24 px-nof-16\">Trump arvosteli Machadoa kovin sanoin aiemmin tammikuussa sen j\u00e4lkeen, kun Yhdysvallat oli iskenyt Venezuelaan ja ottanut kiinni maan presidentin <a class=\"font-bold underline-offset-[0.12em] [text-decoration:var(--person-link-text-decoration)] ![text-decoration-color:var(--person-link-text-decoration-color)]\" href=\"https:\/\/www.is.fi\/haku\/?query=Nicol%C3%A1s%20Maduron\" rel=\"nofollow noopener\" target=\"_blank\">Nicol\u00e1s Maduron<\/a>.<\/p>\n<p class=\"article-body mb-nof-24 px-nof-16\">Machado sai palkinnon joulukuussa.<\/p>\n","protected":false},"excerpt":{"rendered":"Todellinen Nobelin rauhanpalkinnon saaja Maria Corina Machado luovutti palkinnon Trumpille torstaina Valkoisessa talossa. Trump yritti kaikin keinoin saada&hellip;\n","protected":false},"author":2,"featured_media":143920,"comment_status":"","ping_status":"","sticky":false,"template":"","format":"standard","meta":{"footnotes":""},"categories":[14],"tags":[22,23,26,27,33,31,30,17,34,24,25,28,29,15,18,21,32,19,20,56,16,59,60,61],"class_list":{"0":"post-143919","1":"post","2":"type-post","3":"status-publish","4":"format-standard","5":"has-post-thumbnail","7":"category-ulkomaat","8":"tag-breaking-news","9":"tag-breakingnews","10":"tag-featured-news","11":"tag-featurednews","12":"tag-fi","13":"tag-finland","14":"tag-finnish","15":"tag-headlines","16":"tag-ilta-sanomat","17":"tag-latest-news","18":"tag-latestnews","19":"tag-main-news","20":"tag-mainnews","21":"tag-news","22":"tag-otsikot","23":"tag-paauutiset","24":"tag-suomi","25":"tag-top-stories","26":"tag-topstories","27":"tag-ulkomaat","28":"tag-uutiset","29":"tag-world","30":"tag-world-news","31":"tag-worldnews"},"share_on_mastodon":{"url":"https:\/\/pubeurope.com\/@fi\/115904564749617384","error":""},"_links":{"self":[{"href":"https:\/\/www.europesays.com\/fi\/wp-json\/wp\/v2\/posts\/143919","targetHints":{"allow":["GET"]}}],"collection":[{"href":"https:\/\/www.europesays.com\/fi\/wp-json\/wp\/v2\/posts"}],"about":[{"href":"https:\/\/www.europesays.com\/fi\/wp-json\/wp\/v2\/types\/post"}],"author":[{"embeddable":true,"href":"https:\/\/www.europesays.com\/fi\/wp-json\/wp\/v2\/users\/2"}],"replies":[{"embeddable":true,"href":"https:\/\/www.europesays.com\/fi\/wp-json\/wp\/v2\/comments?post=143919"}],"version-history":[{"count":0,"href":"https:\/\/www.europesays.com\/fi\/wp-json\/wp\/v2\/posts\/143919\/revisions"}],"wp:featuredmedia":[{"embeddable":true,"href":"https:\/\/www.europesays.com\/fi\/wp-json\/wp\/v2\/media\/143920"}],"wp:attachment":[{"href":"https:\/\/www.europesays.com\/fi\/wp-json\/wp\/v2\/media?parent=143919"}],"wp:term":[{"taxonomy":"category","embeddable":true,"href":"https:\/\/www.europesays.com\/fi\/wp-json\/wp\/v2\/categories?post=143919"},{"taxonomy":"post_tag","embeddable":true,"href":"https:\/\/www.europesays.com\/fi\/wp-json\/wp\/v2\/tags?post=143919"}],"curies":[{"name":"wp","href":"https:\/\/api.w.org\/{rel}","templated":true}]}}