{"id":143921,"date":"2026-01-16T11:34:09","date_gmt":"2026-01-16T11:34:09","guid":{"rendered":"https:\/\/www.europesays.com\/fi\/143921\/"},"modified":"2026-01-16T11:34:09","modified_gmt":"2026-01-16T11:34:09","slug":"kauppakeskus-teippailee-tyhjia-liiketiloja-piiloon-kotkassa-kysyimme-miksi-11-liiketta-paatti-lahtea-vuoden-aikana-kymenlaakso","status":"publish","type":"post","link":"https:\/\/www.europesays.com\/fi\/143921\/","title":{"rendered":"Kauppakeskus teippailee tyhji\u00e4 liiketiloja piiloon Kotkassa \u2013 kysyimme, miksi 11 liikett\u00e4 p\u00e4\u00e4tti l\u00e4hte\u00e4 vuoden aikana | Kymenlaakso"},"content":{"rendered":"<p class=\"aw-1gybjub aw-5vja16 kEtdKx kmuxyA yle__article__paragraph\">Kauppa\u00adkeskus\u00adp\u00e4\u00e4llik\u00f6n mukaan muutokset ovat osa alan arkea. <\/p>\n<p><img decoding=\"async\" alt=\"Kuvakollaasi kauppakeskuksen tyhjist\u00e4 liiketiloista.\" src=\"https:\/\/www.europesays.com\/fi\/wp-content\/uploads\/2026\/01\/39-15818066968c368471bc.jpeg\" class=\"aw-1l9m598 hKVVvP\"\/><\/p>\n<p>Avaa kuvien katselu<\/p>\n<p>Viimeisen reilun vuoden aikana Kotkan kauppakeskus Pasaatista on l\u00e4htenyt yli kymmenen myym\u00e4l\u00e4\u00e4. Kuva: Kalle Purhonen \/ Yle<\/p>\n<ul class=\"aw-1jjocuh iJTSwP yle__article__list yle__article__list--ul\">\n<li class=\"aw-1j7gwms gNYKfi\">Kauppakeskus Pasaatista on poistunut reilun vuoden aikana yli kymmenen myym\u00e4l\u00e4\u00e4.<\/li>\n<li class=\"aw-1j7gwms gNYKfi\">Poistuvan yritt\u00e4j\u00e4n mukaan syyn\u00e4 on asiakkaiden siirtyminen verkkokauppoihin, mik\u00e4 on v\u00e4hent\u00e4nyt asiakasvirtoja.<\/li>\n<li class=\"aw-1j7gwms gNYKfi\">Kauppakeskusp\u00e4\u00e4llikk\u00f6 pit\u00e4\u00e4 muutoksia normaaliin arkeen kuuluvina. H\u00e4n kertoo, ett\u00e4 Pasaati on saanut yhteydenottoja uusilta vuokralaisilta.<\/li>\n<\/ul>\n<p class=\"aw-1gybjub aw-1p7kakr kEtdKx cEmitX yle__article__paragraph\">Kotkalaisessa kauppakeskus Pasaatissa usean tyhj\u00e4n liiketilan ikkunaa peitt\u00e4\u00e4 sininen teippaus.<\/p>\n<p class=\"aw-1gybjub aw-1p7kakr kEtdKx cEmitX yle__article__paragraph\">Teippauksilla kauppakeskuksen ilmett\u00e4 on virkistetty, ja samalla tyhjien liiketilojen lasit ovat peittyneet.<\/p>\n<p class=\"aw-1gybjub aw-1p7kakr kEtdKx cEmitX yle__article__paragraph\">Viime vuonna t\u00e4m\u00e4n aivan Kotkan ydinkeskustassa sijaitsevan kauppakeskuksen j\u00e4tti yhdeks\u00e4n myym\u00e4l\u00e4\u00e4. L\u00e4htij\u00f6it\u00e4 on tulossa lis\u00e4\u00e4, sill\u00e4 vuoden vaihteessa loppuunmyynnin aloittivat s\u00e4nkyihin erikoistunut huonekaluliike Unille sek\u00e4 lahjatavaraliike Mall &amp; Mall.<\/p>\n<p class=\"aw-1gybjub aw-1p7kakr kEtdKx cEmitX yle__article__paragraph\">Pasaatissa on noin 50 liiketilaa. Kauppakeskuksen avaamisesta tulee t\u00e4n\u00e4 vuonna kuluneeksi 20 vuotta.<\/p>\n<p><img decoding=\"async\" alt=\"Sinisill\u00e4 kankailla peitetty tyhj\u00e4 liiketila kauppakeskus Pasaatissa.\" src=\"https:\/\/www.europesays.com\/fi\/wp-content\/uploads\/2026\/01\/39-15818026968c362bb1ed.jpeg\" loading=\"lazy\" class=\"aw-1l9m598 hKVVvP\"\/><\/p>\n<p>Avaa kuvien katselu<\/p>\n<p>Sininen aalto -teippaus on esill\u00e4 kauppakeskuksen sis\u00e4ll\u00e4. Kuva: Kalle Purhonen \/ YleKauppa ei k\u00e4y<\/p>\n<p class=\"aw-1gybjub aw-1p7kakr kEtdKx cEmitX yle__article__paragraph\">Unille-huonekaluliikkeen yritt\u00e4j\u00e4 <strong class=\"aw-ak79eh KyCXm yle__article__strong\">Markus Lempi\u00e4inen<\/strong> kertoo, ett\u00e4 lopettamisp\u00e4\u00e4t\u00f6s johtui asiakkaiden ostok\u00e4ytt\u00e4ytymisen merkitt\u00e4v\u00e4st\u00e4 muutoksesta.<\/p>\n<p class=\"aw-1gybjub aw-1p7kakr kEtdKx cEmitX yle__article__paragraph\">Moni ostaa s\u00e4nkyns\u00e4 nyt verkosta, ei kauppakeskuksen kivijalkaliikkeest\u00e4.<\/p>\n<p class=\"aw-1gybjub aw-1p7kakr kEtdKx cEmitX yle__article__paragraph\">\u2013 Suomeksi sanottuna kauppa ei ole k\u00e4ynyt. Meid\u00e4n t\u00e4ytyi luopua Pasaatin-myym\u00e4l\u00e4st\u00e4mme, sanoo Lempi\u00e4inen.<\/p>\n<p><img decoding=\"async\" alt=\"Unille Kotkan yritt\u00e4j\u00e4 Markus Lempi\u00e4inen.\" src=\"https:\/\/www.europesays.com\/fi\/wp-content\/uploads\/2026\/01\/39-15818136968c389ea234.jpeg\" loading=\"lazy\" class=\"aw-1l9m598 hKVVvP\"\/><\/p>\n<p>Avaa kuvien katselu<\/p>\n<p>Unille-huonekaluliikkeen yritt\u00e4j\u00e4 Markus Lempi\u00e4inen toteaa, ett\u00e4 asiakkaiden ostok\u00e4ytt\u00e4ytyminen on muuttunut. Kuva: Kalle Purhonen \/ Yle<\/p>\n<p class=\"aw-1gybjub aw-1p7kakr kEtdKx cEmitX yle__article__paragraph\">Myym\u00e4l\u00e4 ehti olla Pasaatissa vajaat nelj\u00e4 vuotta.<\/p>\n<p class=\"aw-1gybjub aw-1p7kakr kEtdKx cEmitX yle__article__paragraph\">Lempi\u00e4inen on pannut merkille, ett\u00e4 asiakkaiden m\u00e4\u00e4r\u00e4 on v\u00e4hentynyt kauppakeskuksessa. Muun muassa ex tempore -ostajat ovat kadonneet h\u00e4nen mukaansa l\u00e4hes kokonaan.<\/p>\n<p class=\"aw-1gybjub aw-1p7kakr kEtdKx cEmitX yle__article__paragraph\">\u2013 Nykyisest\u00e4 kauppakeskuksen k\u00e4vij\u00e4virrasta meille eksyy minimaalinen osa.<\/p>\n<p class=\"aw-1gybjub aw-1p7kakr kEtdKx cEmitX yle__article__paragraph\">Kauppakeskuksen yritt\u00e4j\u00e4t pit\u00e4v\u00e4t tiiviisti yhteytt\u00e4 toisiinsa. T\u00e4n\u00e4 vuonna tunnelmat ovat olleet vaihtelevat.<\/p>\n<p class=\"aw-1gybjub aw-1p7kakr kEtdKx cEmitX yle__article__paragraph\">\u2013 Pitk\u00e4n linjan yritt\u00e4j\u00e4t tiet\u00e4v\u00e4t, ett\u00e4 nyt ollaan haastavan ajan \u00e4\u00e4rell\u00e4, Lempi\u00e4inen sanoo.<\/p>\n<p class=\"aw-1gybjub aw-1p7kakr kEtdKx cEmitX yle__article__paragraph\">Yle yritti saada haastatteluun kauppakeskuksessa t\u00e4ll\u00e4 hetkell\u00e4 toimivia yritt\u00e4ji\u00e4, mutta kaikki kielt\u00e4ytyiv\u00e4t haastattelusta.<\/p>\n<p>Asiakkaat ovat huomanneet liiketilojen tyhjentymisen Pasaatissa. Video: Kalle Purhonen \/ Yle.Poistuvien myym\u00e4l\u00f6iden lista on pitk\u00e4<\/p>\n<p class=\"aw-1gybjub aw-1p7kakr kEtdKx cEmitX yle__article__paragraph\">Pasaatista l\u00e4hti viime vuonna yhdeks\u00e4n liikett\u00e4.<\/p>\n<p class=\"aw-1gybjub aw-1p7kakr kEtdKx cEmitX yle__article__paragraph\">Vuosi sitten tammikuussa vaatekaupat Jack &amp; Jones ja Carlings ilmoittivat lopettavansa toimintansa Pasaatissa. Isot ketjut <a class=\"aw-iao6s4 iHOxEa yle__article__link\" href=\"https:\/\/yle.fi\/a\/74-20151051\" role=\"link\" rel=\"nofollow noopener\" target=\"_blank\">sulkivat myym\u00e4l\u00f6it\u00e4<\/a> my\u00f6s muilta paikkakunnilta, kuten Kouvolasta ja Lappeenrannasta. Alkuvuodesta Pasaatissa lopetti my\u00f6s koruliike Timanttiset.<\/p>\n<p class=\"aw-1gybjub aw-1p7kakr kEtdKx cEmitX yle__article__paragraph\">Helmikuussa vaatekauppa Vila kertoi lopettavansa yritt\u00e4j\u00e4n konkurssin vuoksi useita liikkeit\u00e4 Suomessa, my\u00f6s Kotkassa. Huhtikuussa Luhta Brand Store kertoi lopettavansa Pasaatissa vuoden loppuun menness\u00e4.<\/p>\n<p><img decoding=\"async\" alt=\"Loppuunmyynti -kyltti huonekaluliikkeen ikkunassa.\" src=\"https:\/\/www.europesays.com\/fi\/wp-content\/uploads\/2026\/01\/39-15818166968c39de3d02.jpeg\" loading=\"lazy\" class=\"aw-1l9m598 hKVVvP\"\/><\/p>\n<p>Avaa kuvien katselu<\/p>\n<p>Loppuunmyyntikyltti oli esill\u00e4 Unilla-liikkeen myym\u00e4l\u00e4ss\u00e4. Kuva: Kalle Purhonen \/ Yle<\/p>\n<p class=\"aw-1gybjub aw-1p7kakr kEtdKx cEmitX yle__article__paragraph\">Viime kes\u00e4n\u00e4 hyvinvointiliike Life sulki liiketilansa, koska koko ketju meni konkurssiin. Kauppakeskuksen j\u00e4ttiv\u00e4t my\u00f6s paikallisen yritt\u00e4j\u00e4n lounasravintola Kulho sek\u00e4 kansainv\u00e4linen vaateliike Vero Moda.<\/p>\n<p class=\"aw-1gybjub aw-1p7kakr kEtdKx cEmitX yle__article__paragraph\">Tanskalainen Flying Tiger oli viimeist\u00e4 p\u00e4iv\u00e4\u00e4 auki joulun alla.<\/p>\n<p class=\"aw-1gybjub aw-1p7kakr kEtdKx cEmitX yle__article__paragraph\">Viime vuonna Pasaatissa avasi yksi uusi liike: makeiskauppa Candy Town.<\/p>\n<p>Muutokset ovat tavallista arkea<\/p>\n<p class=\"aw-1gybjub aw-1p7kakr kEtdKx cEmitX yle__article__paragraph\">Pasaatin kauppakeskusp\u00e4\u00e4llikk\u00f6 <strong class=\"aw-ak79eh KyCXm yle__article__strong\">Marie Orre<\/strong> toteaa Pasaatissa tapahtuneiden muutosten olevan tavallista arkea kauppakeskuksissa.<\/p>\n<p class=\"aw-1gybjub aw-1p7kakr kEtdKx cEmitX yle__article__paragraph\">H\u00e4n ei osaa sanoa selityst\u00e4 sille, miksi l\u00e4htij\u00f6iden lista on n\u00e4in pitk\u00e4.<\/p>\n<p class=\"aw-1gybjub aw-1p7kakr kEtdKx cEmitX yle__article__paragraph\">\u2013 T\u00e4h\u00e4n ei valitettavasti ole yht\u00e4 yksitt\u00e4ist\u00e4 vastausta.<\/p>\n<p class=\"aw-1gybjub aw-1p7kakr kEtdKx cEmitX yle__article__paragraph\">Orre pohtii mahdolliseksi syyksi ainakin verkkokaupan suosion nousun muun muassa vaatekaupassa. H\u00e4n huomauttaa, ett\u00e4 kauppakeskus saa edelleen yrityksilt\u00e4 kyselyit\u00e4 vuokrattavista tiloista.<\/p>\n<p>Yleisesti kauppakeskukset p\u00e4rj\u00e4\u00e4v\u00e4t<\/p>\n<p class=\"aw-1gybjub aw-1p7kakr kEtdKx cEmitX yle__article__paragraph\">Suomen kauppakeskusyhdistyksen hallituksen puheenjohtaja <strong class=\"aw-ak79eh KyCXm yle__article__strong\">Jukka Vakula<\/strong> kertoo kauppakeskuksilla menev\u00e4n yleisesti hyvin Suomessa. Tyypillisesti kauppakeskuksissa on alle viisi prosenttia liiketiloista tyhj\u00e4n\u00e4.<\/p>\n<p><img decoding=\"async\" alt=\"Tyhji\u00e4 liiketiloja kauppakeskuksessa. Etualalla kahvila.\" src=\"https:\/\/www.europesays.com\/fi\/wp-content\/uploads\/2026\/01\/39-15818056968c3679199c.jpeg\" loading=\"lazy\" class=\"aw-1l9m598 hKVVvP\"\/><\/p>\n<p>Avaa kuvien katselu<\/p>\n<p>Kotkan Pasaatin kauppakeskus kuvattuna aamup\u00e4iv\u00e4ll\u00e4 14. tammikuuta. Edess\u00e4 on Vilan tyhjentynyt liiketila. Kuva: Kalle Purhonen \/ Yle<\/p>\n<p class=\"aw-1gybjub aw-1p7kakr kEtdKx cEmitX yle__article__paragraph\">Vakula ei n\u00e4e, ett\u00e4 esimerkiksi verkkokauppa kaataisi tulevaisuudessa kauppakeskuksia. Esimerkkin\u00e4 h\u00e4n mainitsee tanskalaisen myym\u00e4l\u00e4ketju Normalin.<\/p>\n<p class=\"aw-1gybjub aw-1p7kakr kEtdKx cEmitX yle__article__paragraph\">\u2013 Sen myym\u00e4 tavara on poikkeuksetta sellaista, ett\u00e4 sit\u00e4 voisi ostaa verkosta. Normalin liikkeess\u00e4 on kuitenkin aina ihmisi\u00e4, Vakula sanoo.<\/p>\n<p><img decoding=\"async\" alt=\"Kauppakeskus Pasaati Kotkassa\" src=\"https:\/\/www.europesays.com\/fi\/wp-content\/uploads\/2026\/01\/39-6154205ddbc38ab5469.jpeg\" loading=\"lazy\" class=\"aw-1l9m598 hKVVvP\"\/><\/p>\n<p>Avaa kuvien katselu<\/p>\n<p>Kauppakeskus Pasaatin avaamisesta tulee t\u00e4n\u00e4 vuonna kuluneeksi 20 vuotta. Arkistokuva. Kuva: Pyry Sarkiola \/ Yle<\/p>\n","protected":false},"excerpt":{"rendered":"Kauppa\u00adkeskus\u00adp\u00e4\u00e4llik\u00f6n mukaan muutokset ovat osa alan arkea. Avaa kuvien katselu Viimeisen reilun vuoden aikana Kotkan kauppakeskus Pasaatista on&hellip;\n","protected":false},"author":2,"featured_media":143922,"comment_status":"","ping_status":"","sticky":false,"template":"","format":"standard","meta":{"footnotes":""},"categories":[12],"tags":[22,23,26,27,33,31,30,17,3081,71,465,464,24,25,28,29,15,18,21,24623,18632,32,78,3144,19,20,16,3778,1356],"class_list":{"0":"post-143921","1":"post","2":"type-post","3":"status-publish","4":"format-standard","5":"has-post-thumbnail","7":"category-suomi","8":"tag-breaking-news","9":"tag-breakingnews","10":"tag-featured-news","11":"tag-featurednews","12":"tag-fi","13":"tag-finland","14":"tag-finnish","15":"tag-headlines","16":"tag-kiinteistot","17":"tag-kotimaa","18":"tag-kotka","19":"tag-kymenlaakso","20":"tag-latest-news","21":"tag-latestnews","22":"tag-main-news","23":"tag-mainnews","24":"tag-news","25":"tag-otsikot","26":"tag-paauutiset","27":"tag-pasaati-kauppakeskus","28":"tag-shoppailu","29":"tag-suomi","30":"tag-talous","31":"tag-tavaratalot-ostoskeskukset","32":"tag-top-stories","33":"tag-topstories","34":"tag-uutiset","35":"tag-vahittaiskauppa","36":"tag-yritykset"},"share_on_mastodon":{"url":"https:\/\/pubeurope.com\/@fi\/115904568748040741","error":""},"_links":{"self":[{"href":"https:\/\/www.europesays.com\/fi\/wp-json\/wp\/v2\/posts\/143921","targetHints":{"allow":["GET"]}}],"collection":[{"href":"https:\/\/www.europesays.com\/fi\/wp-json\/wp\/v2\/posts"}],"about":[{"href":"https:\/\/www.europesays.com\/fi\/wp-json\/wp\/v2\/types\/post"}],"author":[{"embeddable":true,"href":"https:\/\/www.europesays.com\/fi\/wp-json\/wp\/v2\/users\/2"}],"replies":[{"embeddable":true,"href":"https:\/\/www.europesays.com\/fi\/wp-json\/wp\/v2\/comments?post=143921"}],"version-history":[{"count":0,"href":"https:\/\/www.europesays.com\/fi\/wp-json\/wp\/v2\/posts\/143921\/revisions"}],"wp:featuredmedia":[{"embeddable":true,"href":"https:\/\/www.europesays.com\/fi\/wp-json\/wp\/v2\/media\/143922"}],"wp:attachment":[{"href":"https:\/\/www.europesays.com\/fi\/wp-json\/wp\/v2\/media?parent=143921"}],"wp:term":[{"taxonomy":"category","embeddable":true,"href":"https:\/\/www.europesays.com\/fi\/wp-json\/wp\/v2\/categories?post=143921"},{"taxonomy":"post_tag","embeddable":true,"href":"https:\/\/www.europesays.com\/fi\/wp-json\/wp\/v2\/tags?post=143921"}],"curies":[{"name":"wp","href":"https:\/\/api.w.org\/{rel}","templated":true}]}}