{"id":143923,"date":"2026-01-16T11:35:07","date_gmt":"2026-01-16T11:35:07","guid":{"rendered":"https:\/\/www.europesays.com\/fi\/143923\/"},"modified":"2026-01-16T11:35:07","modified_gmt":"2026-01-16T11:35:07","slug":"olli-rehn-lahetti-tiedotteen-jossa-han-kehottaa-ihmisia-arvioimaan-itse-hanen-osaamistaan-uutisia-lyhyesti","status":"publish","type":"post","link":"https:\/\/www.europesays.com\/fi\/143923\/","title":{"rendered":"Olli Rehn l\u00e4hetti tiedotteen, jossa h\u00e4n kehottaa ihmisi\u00e4 \u201darvioimaan itse\u201d h\u00e4nen osaamistaan | Uutisia lyhyesti"},"content":{"rendered":"<p class=\"aw-1gybjub aw-5vja16 kEtdKx kmuxyA yle__article__paragraph\">Torstaina uutisoitiin, ett\u00e4 Rehnin valinta Euroopan keskuspankin varap\u00e4\u00e4johtajaksi mutkistui.<\/p>\n<p><img decoding=\"async\" alt=\"Olli Rehn puhuu Suomen Pankin tilaisuudessa.\" src=\"https:\/\/www.europesays.com\/fi\/wp-content\/uploads\/2025\/11\/39-14789816848220c52267.jpeg\" class=\"aw-1l9m598 hKVVvP\"\/><\/p>\n<p>Avaa kuvien katselu<\/p>\n<p>EU-parlamentin raha- ja talousvaliokunta ei suosittanut EKP:n varap\u00e4\u00e4johtajaksi Olli Rehni\u00e4. Kuva: Jussi Koivunoro \/ Yle<\/p>\n<p class=\"aw-1gybjub aw-1p7kakr kEtdKx cEmitX yle__article__paragraph\">Suomen Pankin p\u00e4\u00e4johtaja <strong class=\"aw-ak79eh KyCXm yle__article__strong\">Olli Rehn<\/strong> on l\u00e4hett\u00e4nyt tiedotteen, jossa h\u00e4n kehottaa lukijoita tutustumaan h\u00e4nen osaamiseensa ja p\u00e4tevyyteens\u00e4.<\/p>\n<p class=\"aw-1gybjub aw-1p7kakr kEtdKx cEmitX yle__article__paragraph\">Tiedote liittyy parhaillaan k\u00e4ynniss\u00e4 olevaan Euroopan keskuspankin varap\u00e4\u00e4johtajan valintaan, jossa Rehn on ollut mukana.<\/p>\n<p class=\"aw-1gybjub aw-1p7kakr kEtdKx cEmitX yle__article__paragraph\">Eilen torstaina muun muassa uutistoimisto Reuters kuitenkin kertoi, ett\u00e4 <a class=\"aw-iao6s4 iHOxEa yle__article__link\" href=\"https:\/\/yle.fi\/a\/74-20204499\" role=\"link\" rel=\"nofollow noopener\" target=\"_blank\">EU-parlamentin raha- ja talousvaliokunta olisi haastattelujen j\u00e4lkeen suosittanut teht\u00e4v\u00e4\u00e4n<\/a> Latvian <strong class=\"aw-ak79eh KyCXm yle__article__strong\">Martins Kazaksia<\/strong> ja Portugalin <strong class=\"aw-ak79eh KyCXm yle__article__strong\">Mario Centenoa<\/strong>.<\/p>\n<p class=\"aw-1gybjub aw-1p7kakr kEtdKx cEmitX yle__article__paragraph\">Rehn kirjoittaa tiedotteessaan, ett\u00e4 parlamentin suositus perustuu poliittisiin mieltymyksiin eik\u00e4 arvioihin ehdokkaiden p\u00e4tevyydest\u00e4.<\/p>\n<p class=\"aw-1gybjub aw-1p7kakr kEtdKx cEmitX yle__article__paragraph\">\u2013 Avoimuuden ja l\u00e4pin\u00e4kyvyyden nimiss\u00e4 toivon, ett\u00e4 lukijat arvioivat itse kokemustani, p\u00e4tevyytt\u00e4ni sek\u00e4 visiotani EKP:n varap\u00e4\u00e4njohtajan roolista, Rehn kirjoittaa englanninkielisess\u00e4 tiedotteessa.<\/p>\n<p class=\"aw-1gybjub aw-1p7kakr kEtdKx cEmitX yle__article__paragraph\">Rehn viittaa tiedotteessaan my\u00f6s europarlamentin valiokunnalle aiemmin t\u00e4ll\u00e4 viikolla antamaansa puheeseen, joka on <a class=\"aw-iao6s4 iHOxEa yle__article__link\" href=\"https:\/\/www.suomenpankki.fi\/fi\/ajankohtaista\/puheet-ja-haastattelut\/2026\/speech-econ-european-parliament\/\" role=\"link\" rel=\"nofollow noopener\" target=\"_blank\">julkaistu Suomen Pankin verkkosivuilla<\/a>.<\/p>\n<p class=\"aw-1gybjub aw-1p7kakr kEtdKx cEmitX yle__article__paragraph\">Varsinaisen ehdokkaan valitsevat euromaiden valtiovarainministerit kokouksessaan ensi maanantaina.<\/p>\n","protected":false},"excerpt":{"rendered":"Torstaina uutisoitiin, ett\u00e4 Rehnin valinta Euroopan keskuspankin varap\u00e4\u00e4johtajaksi mutkistui. Avaa kuvien katselu EU-parlamentin raha- ja talousvaliokunta ei suosittanut&hellip;\n","protected":false},"author":2,"featured_media":81373,"comment_status":"","ping_status":"","sticky":false,"template":"","format":"standard","meta":{"footnotes":""},"categories":[5],"tags":[22,23,7519,26,27,33,31,30,17,24,25,28,29,15,24624,18,21,32,78,19,20,16],"class_list":{"0":"post-143923","1":"post","2":"type-post","3":"status-publish","4":"format-standard","5":"has-post-thumbnail","7":"category-otsikot","8":"tag-breaking-news","9":"tag-breakingnews","10":"tag-euroopan-keskuspankki","11":"tag-featured-news","12":"tag-featurednews","13":"tag-fi","14":"tag-finland","15":"tag-finnish","16":"tag-headlines","17":"tag-latest-news","18":"tag-latestnews","19":"tag-main-news","20":"tag-mainnews","21":"tag-news","22":"tag-olli-rehn","23":"tag-otsikot","24":"tag-paauutiset","25":"tag-suomi","26":"tag-talous","27":"tag-top-stories","28":"tag-topstories","29":"tag-uutiset"},"share_on_mastodon":{"url":"https:\/\/pubeurope.com\/@fi\/115904572484283430","error":""},"_links":{"self":[{"href":"https:\/\/www.europesays.com\/fi\/wp-json\/wp\/v2\/posts\/143923","targetHints":{"allow":["GET"]}}],"collection":[{"href":"https:\/\/www.europesays.com\/fi\/wp-json\/wp\/v2\/posts"}],"about":[{"href":"https:\/\/www.europesays.com\/fi\/wp-json\/wp\/v2\/types\/post"}],"author":[{"embeddable":true,"href":"https:\/\/www.europesays.com\/fi\/wp-json\/wp\/v2\/users\/2"}],"replies":[{"embeddable":true,"href":"https:\/\/www.europesays.com\/fi\/wp-json\/wp\/v2\/comments?post=143923"}],"version-history":[{"count":0,"href":"https:\/\/www.europesays.com\/fi\/wp-json\/wp\/v2\/posts\/143923\/revisions"}],"wp:featuredmedia":[{"embeddable":true,"href":"https:\/\/www.europesays.com\/fi\/wp-json\/wp\/v2\/media\/81373"}],"wp:attachment":[{"href":"https:\/\/www.europesays.com\/fi\/wp-json\/wp\/v2\/media?parent=143923"}],"wp:term":[{"taxonomy":"category","embeddable":true,"href":"https:\/\/www.europesays.com\/fi\/wp-json\/wp\/v2\/categories?post=143923"},{"taxonomy":"post_tag","embeddable":true,"href":"https:\/\/www.europesays.com\/fi\/wp-json\/wp\/v2\/tags?post=143923"}],"curies":[{"name":"wp","href":"https:\/\/api.w.org\/{rel}","templated":true}]}}