{"id":143931,"date":"2026-01-16T11:59:07","date_gmt":"2026-01-16T11:59:07","guid":{"rendered":"https:\/\/www.europesays.com\/fi\/143931\/"},"modified":"2026-01-16T11:59:07","modified_gmt":"2026-01-16T11:59:07","slug":"saksan-liittokansleri-ydinvoimaloiden-sulkeminen-oli-valtava-virhe","status":"publish","type":"post","link":"https:\/\/www.europesays.com\/fi\/143931\/","title":{"rendered":"Saksan liittokansleri: Ydinvoimaloiden sulkeminen oli valtava virhe"},"content":{"rendered":"<p class=\"ai-optimize-6 ai-optimize-introduction\">Saksan p\u00e4\u00e4t\u00f6s sulkea kaikki ydinvoimalansa oli \u201dvaltava virhe\u201d ja siit\u00e4 on koitunut suuria kustannuksia taloudelle, liittokansleri <strong>Friedrich Merz<\/strong> my\u00f6nsi Saksan teollisuus- ja kauppakamarille pit\u00e4m\u00e4ss\u00e4\u00e4n puheessaan. Asiasta kertoo uutissivusto <a href=\"https:\/\/brusselssignal.eu\/2026\/01\/germanys-shut-down-of-nuclear-plants-a-huge-mistake-says-merz\/\" target=\"_blank\" rel=\"noopener nofollow\">Brussels Signal<\/a>.<\/p>\n<p class=\"ai-optimize-6 ai-optimize-introduction\">Liittokanslerin mukaan Saksalla ei ole yksinkertaisesti tarpeeksi energiantuotannon kapasiteettia. Nyt saksalaiset ja maan teollisuus k\u00e4rsiv\u00e4t kalliista s\u00e4hk\u00f6st\u00e4.<\/p>\n<p class=\"ai-optimize-8\">Saksan energiaj\u00e4rjestelm\u00e4 nojaa nyt valtion toimiin, joilla hintoja pyrit\u00e4\u00e4n hillitsem\u00e4\u00e4n.<\/p>\n<p class=\"ai-optimize-9\">\u2013 Jotta energiantuotannon markkinahinnat olisivat j\u00e4lleen hyv\u00e4ksytt\u00e4vi\u00e4, meid\u00e4n pit\u00e4isi pysyv\u00e4sti tukea energian hintoja liittovaltion budjetista. Emme voi tehd\u00e4 t\u00e4t\u00e4 pitk\u00e4ll\u00e4 aikav\u00e4lill\u00e4, Merz sanoi.<\/p>\n<p class=\"ai-optimize-12\">Saksa teki p\u00e4\u00e4t\u00f6ksen luopua ydinvoimasta vuonna 2000, mutta alasajosuunnitelma vauhditettiin Japanissa vuonna 2011 tapahtuneen Fukushiman ydinonnettomuuden j\u00e4lkeen. Viimeiset kolme ydinvoimala suljettiin vuonna 2023, jolloin Eurooppa oli ajautunut energiakriisiin Ven\u00e4j\u00e4n hy\u00f6k\u00e4tty\u00e4 Ukrainaan.<\/p>\n<p class=\"ai-optimize-15\">Merzin mukaan voimalat olisi pit\u00e4nyt j\u00e4tt\u00e4\u00e4 tuottamaan s\u00e4hk\u00f6\u00e4. H\u00e4n lis\u00e4si, ett\u00e4 ydinvoimasta luopuminen on lis\u00e4nnyt kustannuksia ja monimutkaistanut Saksan energiamurrosta.<\/p>\n<p class=\"ai-optimize-17\" data-start=\"2313\" data-end=\"2479\">\u2013 Niinp\u00e4 toteutamme nyt koko maailman kalleinta energiasiirtym\u00e4\u00e4, h\u00e4n sanoi.<\/p>\n<p class=\"ai-optimize-17\" data-start=\"2313\" data-end=\"2479\">\u2013 En tied\u00e4 yht\u00e4\u00e4n muuta maata, joka tekisi asioista yht\u00e4 kalliita ja vaikeita kuin Saksa.<\/p>\n<p class=\"ai-optimize-18\" data-start=\"2313\" data-end=\"2479\">Merzin johtama kristillisdemokraattinen CDU-puolue on ehdottanut selvityst\u00e4, voitaisiinko viimeksi suljetut reaktorit ottaa uudelleen k\u00e4ytt\u00f6\u00f6n. T\u00e4t\u00e4 pidet\u00e4\u00e4n kuitenkin ep\u00e4todenn\u00e4k\u00f6isen\u00e4 kalliiden kustannusten takia.<\/p>\n","protected":false},"excerpt":{"rendered":"Saksan p\u00e4\u00e4t\u00f6s sulkea kaikki ydinvoimalansa oli \u201dvaltava virhe\u201d ja siit\u00e4 on koitunut suuria kustannuksia taloudelle, liittokansleri Friedrich Merz&hellip;\n","protected":false},"author":2,"featured_media":143932,"comment_status":"","ping_status":"","sticky":false,"template":"","format":"standard","meta":{"footnotes":""},"categories":[14],"tags":[22,23,26,27,33,31,30,17,24,25,28,29,15,18,21,3911,32,19,20,56,16,59,60,61,604],"class_list":{"0":"post-143931","1":"post","2":"type-post","3":"status-publish","4":"format-standard","5":"has-post-thumbnail","7":"category-ulkomaat","8":"tag-breaking-news","9":"tag-breakingnews","10":"tag-featured-news","11":"tag-featurednews","12":"tag-fi","13":"tag-finland","14":"tag-finnish","15":"tag-headlines","16":"tag-latest-news","17":"tag-latestnews","18":"tag-main-news","19":"tag-mainnews","20":"tag-news","21":"tag-otsikot","22":"tag-paauutiset","23":"tag-saksa","24":"tag-suomi","25":"tag-top-stories","26":"tag-topstories","27":"tag-ulkomaat","28":"tag-uutiset","29":"tag-world","30":"tag-world-news","31":"tag-worldnews","32":"tag-ydinvoima"},"share_on_mastodon":{"url":"https:\/\/pubeurope.com\/@fi\/115904666947327831","error":""},"_links":{"self":[{"href":"https:\/\/www.europesays.com\/fi\/wp-json\/wp\/v2\/posts\/143931","targetHints":{"allow":["GET"]}}],"collection":[{"href":"https:\/\/www.europesays.com\/fi\/wp-json\/wp\/v2\/posts"}],"about":[{"href":"https:\/\/www.europesays.com\/fi\/wp-json\/wp\/v2\/types\/post"}],"author":[{"embeddable":true,"href":"https:\/\/www.europesays.com\/fi\/wp-json\/wp\/v2\/users\/2"}],"replies":[{"embeddable":true,"href":"https:\/\/www.europesays.com\/fi\/wp-json\/wp\/v2\/comments?post=143931"}],"version-history":[{"count":0,"href":"https:\/\/www.europesays.com\/fi\/wp-json\/wp\/v2\/posts\/143931\/revisions"}],"wp:featuredmedia":[{"embeddable":true,"href":"https:\/\/www.europesays.com\/fi\/wp-json\/wp\/v2\/media\/143932"}],"wp:attachment":[{"href":"https:\/\/www.europesays.com\/fi\/wp-json\/wp\/v2\/media?parent=143931"}],"wp:term":[{"taxonomy":"category","embeddable":true,"href":"https:\/\/www.europesays.com\/fi\/wp-json\/wp\/v2\/categories?post=143931"},{"taxonomy":"post_tag","embeddable":true,"href":"https:\/\/www.europesays.com\/fi\/wp-json\/wp\/v2\/tags?post=143931"}],"curies":[{"name":"wp","href":"https:\/\/api.w.org\/{rel}","templated":true}]}}