{"id":143978,"date":"2026-01-16T13:17:05","date_gmt":"2026-01-16T13:17:05","guid":{"rendered":"https:\/\/www.europesays.com\/fi\/143978\/"},"modified":"2026-01-16T13:17:05","modified_gmt":"2026-01-16T13:17:05","slug":"aseistettu-robotti-pidatteli-venalaisjoukkoja-viikkokausia","status":"publish","type":"post","link":"https:\/\/www.europesays.com\/fi\/143978\/","title":{"rendered":"Aseistettu robotti pid\u00e4tteli ven\u00e4l\u00e4isjoukkoja viikkokausia"},"content":{"rendered":"<p class=\"ai-optimize-6 ai-optimize-introduction\">Ukrainan it\u00e4osissa taistelevien ven\u00e4l\u00e4isjoukkojen hy\u00f6kk\u00e4ykset tyrehtyiv\u00e4t rintaman er\u00e4\u00e4ss\u00e4 kohdassa jatkuvaan konekiv\u00e4\u00e4rituleen.<\/p>\n<p class=\"ai-optimize-7\">Sotilaat eiv\u00e4t p\u00e4\u00e4sseet etenem\u00e4\u00e4n edes sumun turvin. <a href=\"https:\/\/www.telegraph.co.uk\/world-news\/2026\/01\/16\/ukraines-robot-machine-gunner-that-held-off-russia-weeks\/\" target=\"_blank\" rel=\"noopener nofollow\">Telegraph<\/a>-lehden mukaan ven\u00e4l\u00e4iset olettivat, ett\u00e4 puolustusasemissa olisi kymmeni\u00e4 ukrainalaisia. Paikalla oli todellisuudessa 3. armeijakunnan salainen ase eli miehitt\u00e4m\u00e4t\u00f6n DevDroid TW 12.7 -ajoneuvo.<\/p>\n<p class=\"ai-optimize-6\">Kauko-ohjattava DevDroid on suunnilleen ruohonleikkuutraktorin kokoinen ja varustettu raskaalla M2 Browning -konekiv\u00e4\u00e4rill\u00e4. Sotilas voi ohjata sit\u00e4 jopa 25 kilometrin p\u00e4\u00e4st\u00e4.<\/p>\n<p class=\"ai-optimize-7\">Maadrooni pystyy kulkemaan teko\u00e4lyavusteisesti vaikeassakin maastossa noin seitsem\u00e4n kilometrin tuntivauhtia.<\/p>\n<p class=\"ai-optimize-8\">Yksik\u00f6n komentaja sanoo brittimedialle, ett\u00e4 taistelu oli uusi vaihe modernissa sodank\u00e4ynniss\u00e4. Useita ven\u00e4l\u00e4isjoukkojen hy\u00f6kk\u00e4yksi\u00e4 pystyttiin torjumaan sijoittamatta yht\u00e4k\u00e4\u00e4n sotilasta poteroihin.<\/p>\n<p class=\"ai-optimize-9\">NC-13-komppaniaa komentava <strong>Mykola \u201cMakar\u201d Zinkevych<\/strong> sanoo meneill\u00e4\u00e4n olevan historian ensimm\u00e4inen teknologinen sota.<\/p>\n<p class=\"ai-optimize-9\">\u2013 T\u00e4llaiset koneet tulevat muuttamaan taisteluoperaatiot perustavanlaatuisesti, upseeri sanoo.<\/p>\n<p class=\"ai-optimize-10\">DevDroid vaihtoi asemaansa useita kertoja 45 vuorokautta kest\u00e4neen teht\u00e4v\u00e4ns\u00e4 aikana. Se vedettiin kahden p\u00e4iv\u00e4n v\u00e4lein lyhyeksi ajaksi takalinjaan huoltoa ja ammust\u00e4ydennyst\u00e4 varten. Miehist\u00f6 pysytteli suoja-asemassa l\u00e4hes nelj\u00e4n kilometrin p\u00e4\u00e4ss\u00e4 etulinjasta.<\/p>\n<p class=\"ai-optimize-7\">Robotti pystyi k\u00e4yt\u00e4nn\u00f6ss\u00e4 pit\u00e4m\u00e4\u00e4n kiinni asemasta, jonka miehitt\u00e4minen olisi muuten vaatinut 3\u20136 sotilasta.<\/p>\n<p class=\"ai-optimize-6\">\u2013 Vihollinen piti yll\u00e4 p\u00e4ivitt\u00e4ist\u00e4 hy\u00f6kk\u00e4yspainetta etulinjan asemiamme vastaan, Zinkevych toteaa.<\/p>\n<p class=\"ai-optimize-6\">\n<p>Poimintoja videosis\u00e4ll\u00f6ist\u00e4mme<\/p>\n","protected":false},"excerpt":{"rendered":"Ukrainan it\u00e4osissa taistelevien ven\u00e4l\u00e4isjoukkojen hy\u00f6kk\u00e4ykset tyrehtyiv\u00e4t rintaman er\u00e4\u00e4ss\u00e4 kohdassa jatkuvaan konekiv\u00e4\u00e4rituleen. Sotilaat eiv\u00e4t p\u00e4\u00e4sseet etenem\u00e4\u00e4n edes sumun turvin.&hellip;\n","protected":false},"author":2,"featured_media":143979,"comment_status":"","ping_status":"","sticky":false,"template":"","format":"standard","meta":{"footnotes":""},"categories":[14],"tags":[22,23,26,27,33,31,30,17,24,25,28,29,15,18,21,32,19,20,56,16,987,59,60,61],"class_list":{"0":"post-143978","1":"post","2":"type-post","3":"status-publish","4":"format-standard","5":"has-post-thumbnail","7":"category-ulkomaat","8":"tag-breaking-news","9":"tag-breakingnews","10":"tag-featured-news","11":"tag-featurednews","12":"tag-fi","13":"tag-finland","14":"tag-finnish","15":"tag-headlines","16":"tag-latest-news","17":"tag-latestnews","18":"tag-main-news","19":"tag-mainnews","20":"tag-news","21":"tag-otsikot","22":"tag-paauutiset","23":"tag-suomi","24":"tag-top-stories","25":"tag-topstories","26":"tag-ulkomaat","27":"tag-uutiset","28":"tag-venajan-hyokkays","29":"tag-world","30":"tag-world-news","31":"tag-worldnews"},"share_on_mastodon":{"url":"https:\/\/pubeurope.com\/@fi\/115904973673304339","error":""},"_links":{"self":[{"href":"https:\/\/www.europesays.com\/fi\/wp-json\/wp\/v2\/posts\/143978","targetHints":{"allow":["GET"]}}],"collection":[{"href":"https:\/\/www.europesays.com\/fi\/wp-json\/wp\/v2\/posts"}],"about":[{"href":"https:\/\/www.europesays.com\/fi\/wp-json\/wp\/v2\/types\/post"}],"author":[{"embeddable":true,"href":"https:\/\/www.europesays.com\/fi\/wp-json\/wp\/v2\/users\/2"}],"replies":[{"embeddable":true,"href":"https:\/\/www.europesays.com\/fi\/wp-json\/wp\/v2\/comments?post=143978"}],"version-history":[{"count":0,"href":"https:\/\/www.europesays.com\/fi\/wp-json\/wp\/v2\/posts\/143978\/revisions"}],"wp:featuredmedia":[{"embeddable":true,"href":"https:\/\/www.europesays.com\/fi\/wp-json\/wp\/v2\/media\/143979"}],"wp:attachment":[{"href":"https:\/\/www.europesays.com\/fi\/wp-json\/wp\/v2\/media?parent=143978"}],"wp:term":[{"taxonomy":"category","embeddable":true,"href":"https:\/\/www.europesays.com\/fi\/wp-json\/wp\/v2\/categories?post=143978"},{"taxonomy":"post_tag","embeddable":true,"href":"https:\/\/www.europesays.com\/fi\/wp-json\/wp\/v2\/tags?post=143978"}],"curies":[{"name":"wp","href":"https:\/\/api.w.org\/{rel}","templated":true}]}}