{"id":143982,"date":"2026-01-16T13:19:09","date_gmt":"2026-01-16T13:19:09","guid":{"rendered":"https:\/\/www.europesays.com\/fi\/143982\/"},"modified":"2026-01-16T13:19:09","modified_gmt":"2026-01-16T13:19:09","slug":"sami-jarvila-keilailu-ei-saanut-ansaitsemaansa-arvostusta-uheilugaalassa","status":"publish","type":"post","link":"https:\/\/www.europesays.com\/fi\/143982\/","title":{"rendered":"Sami J\u00e4rvil\u00e4: Keilailu ei saanut ansaitsemaansa arvostusta Uheilugaalassa"},"content":{"rendered":"<p>Sami J\u00e4rvil\u00e4n mielest\u00e4 lajit eiv\u00e4t ole tasa-arvoisia urheilutoimittajien papereissa.<\/p>\n<p class=\"article-body mb-nof-24 px-nof-16\">Vuotuinen Urheilugaala j\u00e4rjestettiin torstaina Helsingin Veikkaus-areenassa. Gaalassa palkittiin tuttuun tapaan viime vuonna menestyneit\u00e4 urheilijoita, valmentajia ja urheiluvaikuttajia.<\/p>\n<p class=\"article-body mb-nof-24 px-nof-16\">Yksi vuoden suomalaisista menestyslajeista oli keilailu. Suomi rohmusi lajin MM-kisoista Hongkongista yhteens\u00e4 per\u00e4ti kuusi mitalisijaa. <a class=\"font-bold underline-offset-[0.12em] [text-decoration:var(--person-link-text-decoration)] ![text-decoration-color:var(--person-link-text-decoration-color)]\" href=\"https:\/\/www.is.fi\/haku\/?query=Essi%20Pakarinen\" rel=\"nofollow noopener\" target=\"_blank\">Essi Pakarinen<\/a>, 26, voitti nelj\u00e4 MM-kultaa naisten sarjassa ja vasta 20-vuotias <a class=\"font-bold underline-offset-[0.12em] [text-decoration:var(--person-link-text-decoration)] ![text-decoration-color:var(--person-link-text-decoration-color)]\" href=\"https:\/\/www.is.fi\/haku\/?query=Luukas%20V%C3%A4%C3%A4n%C3%A4nen\" rel=\"nofollow noopener\" target=\"_blank\">Luukas V\u00e4\u00e4n\u00e4nen<\/a> voitti miesten henkil\u00f6kohtaisen maailmanmestaruuden.<\/p>\n<p class=\"article-body mb-nof-24 px-nof-16\">Keilailuliiton toiminnanjohtajan <a class=\"font-bold underline-offset-[0.12em] [text-decoration:var(--person-link-text-decoration)] ![text-decoration-color:var(--person-link-text-decoration-color)]\" href=\"https:\/\/www.is.fi\/haku\/?query=Sami%20J%C3%A4rvil%C3%A4n\" rel=\"nofollow noopener\" target=\"_blank\">Sami J\u00e4rvil\u00e4n<\/a> mielest\u00e4 jymymenestys ei n\u00e4kynyt riitt\u00e4v\u00e4sti Urheilutoimittajainliiton \u00e4\u00e4nestystuloksissa gaalan eri kategorioissa.<\/p>\n<p class=\"article-body mb-nof-24 px-nof-16\">\u2013\u2009Suoraan sanottuna olen pettynyt. Olisin odottanut liitolta enemm\u00e4n asiantuntemusta, J\u00e4rvil\u00e4 sanoo.<\/p>\n<p class=\"article-body mb-nof-24 px-nof-16\">J\u00e4rvil\u00e4 ihmettelee keilailijoiden sijoituksia useammassakin palkintokategoriassa.<\/p>\n<p class=\"article-body mb-nof-24 px-nof-16\">\u2013\u2009Luukas V\u00e4\u00e4n\u00e4nen voitti nimenomaan aikuisten miesten maailmanmestaruuden, mutta ei p\u00e4\u00e4ssyt edes kolmen sakkiin Vuoden nuoren urheilijan kategoriassa.<\/p>\n<p class=\"article-body mb-nof-24 px-nof-16\">\u2013\u2009Sitten meill\u00e4 on p\u00e4\u00e4valmentaja <a class=\"font-bold underline-offset-[0.12em] [text-decoration:var(--person-link-text-decoration)] ![text-decoration-color:var(--person-link-text-decoration-color)]\" href=\"https:\/\/www.is.fi\/haku\/?query=Jarmo%20Ahokas\" rel=\"nofollow noopener\" target=\"_blank\">Jarmo Ahokas<\/a>, joka on my\u00f6s MM-mitalistien henkil\u00f6kohtainen valmentaja. Ei p\u00e4\u00e4ssyt Vuoden valmentaja -kategoriassa kolmen sakkiin n\u00e4ill\u00e4 meriiteill\u00e4, J\u00e4rvil\u00e4 pauhaa.<\/p>\n<p><img decoding=\"async\" src=\"https:\/\/www.europesays.com\/fi\/wp-content\/uploads\/2026\/01\/1768569548_733_468.jpg\" alt=\"Sami J\u00e4rvil\u00e4 on Keilailuliiton toiminnanjohtaja.\" class=\"_Img_1rerz_1\" style=\"aspect-ratio:0.8088541666666667\" loading=\"eager\"\/><\/p>\n<p class=\"article-picture-caption\">Sami J\u00e4rvil\u00e4 on Keilailuliiton toiminnanjohtaja. Kuva:\u00a0Handout<\/p>\n<p class=\"article-body mb-nof-24 px-nof-16\">Vuoden nuori urheilija -palkinnon voitti koripalloilija <a class=\"font-bold underline-offset-[0.12em] [text-decoration:var(--person-link-text-decoration)] ![text-decoration-color:var(--person-link-text-decoration-color)]\" href=\"https:\/\/www.is.fi\/haku\/?query=Miikka%20Muurinen\" rel=\"nofollow noopener\" target=\"_blank\">Miikka Muurinen<\/a>, 18. K\u00e4rkikolmikossa olivat h\u00e4nen lis\u00e4kseen korkeushypp\u00e4\u00e4j\u00e4 <a class=\"font-bold underline-offset-[0.12em] [text-decoration:var(--person-link-text-decoration)] ![text-decoration-color:var(--person-link-text-decoration-color)]\" href=\"https:\/\/www.is.fi\/haku\/?query=Ella%20Mikkola\" rel=\"nofollow noopener\" target=\"_blank\">Ella Mikkola<\/a>, 18, ja tennispelaaja <a class=\"font-bold underline-offset-[0.12em] [text-decoration:var(--person-link-text-decoration)] ![text-decoration-color:var(--person-link-text-decoration-color)]\" href=\"https:\/\/www.is.fi\/haku\/?query=Oskari%20Paldanius\" rel=\"nofollow noopener\" target=\"_blank\">Oskari Paldanius<\/a>, 18. Kaksi viimeksi mainittua on niitt\u00e4nyt kansainv\u00e4list\u00e4 suurmenestyst\u00e4 toistaiseksi junioritasolla.<\/p>\n<p class=\"article-body mb-nof-24 px-nof-16\">Vuoden valmentajaksi valittiin miesten koripallomaajoukkueen p\u00e4\u00e4valmentaja <a class=\"font-bold underline-offset-[0.12em] [text-decoration:var(--person-link-text-decoration)] ![text-decoration-color:var(--person-link-text-decoration-color)]\" href=\"https:\/\/www.is.fi\/haku\/?query=Lassi%20Tuovi\" rel=\"nofollow noopener\" target=\"_blank\">Lassi Tuovi<\/a>. K\u00e4rkikolmikossa olivat my\u00f6s SaiPan <a class=\"font-bold underline-offset-[0.12em] [text-decoration:var(--person-link-text-decoration)] ![text-decoration-color:var(--person-link-text-decoration-color)]\" href=\"https:\/\/www.is.fi\/haku\/?query=Raimo%20Helminen\" rel=\"nofollow noopener\" target=\"_blank\">Raimo Helminen<\/a> ja miesten lentopallomaajoukkueen <a class=\"font-bold underline-offset-[0.12em] [text-decoration:var(--person-link-text-decoration)] ![text-decoration-color:var(--person-link-text-decoration-color)]\" href=\"https:\/\/www.is.fi\/haku\/?query=Olli%20Kunnari\" rel=\"nofollow noopener\" target=\"_blank\">Olli Kunnari<\/a>.<\/p>\n<p class=\"article-body mb-nof-24 px-nof-16\">J\u00e4rvil\u00e4\u00e4 j\u00e4i harmittamaan my\u00f6s illan huipennus, eli Vuoden urheilija -\u00e4\u00e4nestys. Pakarisen nelj\u00e4 MM-kultaa riittiv\u00e4t kymmenenteen sijaan, vaikka urheiluvuosi 2025 ei ollut saavutuksissa mitattuna Suomen historian menestyksekk\u00e4impi\u00e4.<\/p>\n<p class=\"article-body mb-nof-24 px-nof-16\">\u2013\u2009Se oli viel\u00e4 kruununa. Kyll\u00e4h\u00e4n se tuntuu pettymykselt\u00e4, ett\u00e4 Essi nelj\u00e4ll\u00e4 MM-kullalla sijoittuu vasta kymmenenneksi.<\/p>\n<p class=\"article-body mb-nof-24 px-nof-16\">\u2013\u2009Ihmetytt\u00e4\u00e4 t\u00e4m\u00e4 \u2013 sanotaan suoraan \u2013 urheilutoimittajien tiet\u00e4m\u00e4tt\u00f6myys mittareista valintojen taustalla. Tuntuu ett\u00e4 lajeja arvotetaan mediahypen perusteella, eik\u00e4 osata katsoa esimerkiksi globaalia kilpailua. T\u00e4llainen mitali-jackpot tulee globaalissa lajissa kerran sadassa vuodessa, J\u00e4rvil\u00e4 ruotii.<\/p>\n<p class=\"article-body mb-nof-24 px-nof-16\">Vuoden urheilijaksi valittiin tenniksen nelinpeliss\u00e4 kannuksensa ansainnut <a class=\"font-bold underline-offset-[0.12em] [text-decoration:var(--person-link-text-decoration)] ![text-decoration-color:var(--person-link-text-decoration-color)]\" href=\"https:\/\/www.is.fi\/haku\/?query=Harri%20Heli%C3%B6vaara\" rel=\"nofollow noopener\" target=\"_blank\">Harri Heli\u00f6vaara<\/a>.<\/p>\n<p><img decoding=\"async\" src=\"https:\/\/www.europesays.com\/fi\/wp-content\/uploads\/2026\/01\/1768569549_332_468.jpg\" alt=\"Essi Pakarinen voitti nelj\u00e4 MM-kultaa.\" class=\"_Img_1rerz_1\" style=\"aspect-ratio:1.5\" loading=\"eager\"\/><\/p>\n<p class=\"article-picture-caption\">Essi Pakarinen voitti nelj\u00e4 MM-kultaa. Kuva:\u00a0Pete Aarre-Ahtio \/ IS<\/p>\n<p class=\"article-body mb-nof-24 px-nof-16\">J\u00e4rvil\u00e4 painottaa useaan otteeseen arvostavansa ja kunnioittavansa kaikkia palkittuja. H\u00e4n ei my\u00f6sk\u00e4\u00e4n halua lietsoa lajien v\u00e4list\u00e4 vastakkainasettelua. Kritiikin tulilinjalla ovat valintojen tekij\u00e4t, eli Urheilutoimittajainliiton j\u00e4senet.<\/p>\n<p class=\"article-body mb-nof-24 px-nof-16\">J\u00e4rvil\u00e4n mielest\u00e4 urheilutoimittajat ovat j\u00e4\u00e4net liiaksi jumiin Suomen historiallisiin menestyslajeihin. Menestyskentt\u00e4 on sittemmin laajentunut.<\/p>\n<p class=\"article-body mb-nof-24 px-nof-16\">\u2013\u2009Arvostetuimmat lajit ovat k\u00e4rjistetysti menestyslajeja <a class=\"font-bold underline-offset-[0.12em] [text-decoration:var(--person-link-text-decoration)] ![text-decoration-color:var(--person-link-text-decoration-color)]\" href=\"https:\/\/www.is.fi\/haku\/?query=Tapio%20Rautavaaran\" rel=\"nofollow noopener\" target=\"_blank\">Tapio Rautavaaran<\/a> ajoilta. Ei en\u00e4\u00e4 voi tuijottaa sit\u00e4, mitk\u00e4 olivat menestyslajeja silloin. Lajit kehittyv\u00e4t ja median pit\u00e4isi kehitty\u00e4 siin\u00e4 mukana. Nyt tulee uusia lajeja kuvioihin, ja niihin pit\u00e4isi perehty\u00e4.<\/p>\n<p class=\"article-body mb-nof-24 px-nof-16\">\u2013\u2009Esimerkiksi golfia voisi varmasti enemm\u00e4nkin tuoda esille. Arvostan suuresti <a class=\"font-bold underline-offset-[0.12em] [text-decoration:var(--person-link-text-decoration)] ![text-decoration-color:var(--person-link-text-decoration-color)]\" href=\"https:\/\/www.is.fi\/haku\/?query=Sami%20V%C3%A4lim%C3%A4en\" rel=\"nofollow noopener\" target=\"_blank\">Sami V\u00e4lim\u00e4en<\/a> PGA-turnauksen voittoa. Toivon, ett\u00e4 golfin ja keilailun kaltaisia kovan kansainv\u00e4lisen kilpailun taitolajeja arvostettaisiin yleisestikin.<\/p>\n<p class=\"article-body mb-nof-24 px-nof-16\">Itse gaalaan j\u00e4rjestelyineen J\u00e4rvil\u00e4 on tyytyv\u00e4inen. H\u00e4n pit\u00e4\u00e4 tapahtumaa hienosti j\u00e4rjestettyn\u00e4 ja oma lajikin sai hyvin n\u00e4kyvyytt\u00e4 esimerkiksi Essi Pakarisen haastattelemisen kautta.<\/p>\n<p class=\"article-body mb-nof-24 px-nof-16\">\u2013\u2009Oli hieno gaala. Olen tosi kiitollinen ja arvostan sit\u00e4, ett\u00e4 p\u00e4\u00e4simme yhden portaan eteenp\u00e4in, saimme edes sit\u00e4 n\u00e4kyvyytt\u00e4, J\u00e4rvil\u00e4 sanoo.<\/p>\n<p class=\"article-body mb-nof-24 px-nof-16\">\u2013\u2009Minua harmittavat ainoastaan n\u00e4m\u00e4 \u00e4\u00e4nestysasiat. Tavallaan t\u00e4llaisessa \u00e4\u00e4nestyksess\u00e4 on kyse kilpailusta, ja siin\u00e4 me nyt v\u00e4h\u00e4n j\u00e4imme muista lajeista.<\/p>\n","protected":false},"excerpt":{"rendered":"Sami J\u00e4rvil\u00e4n mielest\u00e4 lajit eiv\u00e4t ole tasa-arvoisia urheilutoimittajien papereissa. Vuotuinen Urheilugaala j\u00e4rjestettiin torstaina Helsingin Veikkaus-areenassa. Gaalassa palkittiin tuttuun&hellip;\n","protected":false},"author":2,"featured_media":143983,"comment_status":"","ping_status":"","sticky":false,"template":"","format":"standard","meta":{"footnotes":""},"categories":[5],"tags":[22,23,26,27,33,31,30,17,34,24,25,28,29,15,18,21,32,19,20,16],"class_list":{"0":"post-143982","1":"post","2":"type-post","3":"status-publish","4":"format-standard","5":"has-post-thumbnail","7":"category-otsikot","8":"tag-breaking-news","9":"tag-breakingnews","10":"tag-featured-news","11":"tag-featurednews","12":"tag-fi","13":"tag-finland","14":"tag-finnish","15":"tag-headlines","16":"tag-ilta-sanomat","17":"tag-latest-news","18":"tag-latestnews","19":"tag-main-news","20":"tag-mainnews","21":"tag-news","22":"tag-otsikot","23":"tag-paauutiset","24":"tag-suomi","25":"tag-top-stories","26":"tag-topstories","27":"tag-uutiset"},"share_on_mastodon":{"url":"https:\/\/pubeurope.com\/@fi\/115904981398314591","error":""},"_links":{"self":[{"href":"https:\/\/www.europesays.com\/fi\/wp-json\/wp\/v2\/posts\/143982","targetHints":{"allow":["GET"]}}],"collection":[{"href":"https:\/\/www.europesays.com\/fi\/wp-json\/wp\/v2\/posts"}],"about":[{"href":"https:\/\/www.europesays.com\/fi\/wp-json\/wp\/v2\/types\/post"}],"author":[{"embeddable":true,"href":"https:\/\/www.europesays.com\/fi\/wp-json\/wp\/v2\/users\/2"}],"replies":[{"embeddable":true,"href":"https:\/\/www.europesays.com\/fi\/wp-json\/wp\/v2\/comments?post=143982"}],"version-history":[{"count":0,"href":"https:\/\/www.europesays.com\/fi\/wp-json\/wp\/v2\/posts\/143982\/revisions"}],"wp:featuredmedia":[{"embeddable":true,"href":"https:\/\/www.europesays.com\/fi\/wp-json\/wp\/v2\/media\/143983"}],"wp:attachment":[{"href":"https:\/\/www.europesays.com\/fi\/wp-json\/wp\/v2\/media?parent=143982"}],"wp:term":[{"taxonomy":"category","embeddable":true,"href":"https:\/\/www.europesays.com\/fi\/wp-json\/wp\/v2\/categories?post=143982"},{"taxonomy":"post_tag","embeddable":true,"href":"https:\/\/www.europesays.com\/fi\/wp-json\/wp\/v2\/tags?post=143982"}],"curies":[{"name":"wp","href":"https:\/\/api.w.org\/{rel}","templated":true}]}}