{"id":144044,"date":"2026-01-16T15:01:07","date_gmt":"2026-01-16T15:01:07","guid":{"rendered":"https:\/\/www.europesays.com\/fi\/144044\/"},"modified":"2026-01-16T15:01:07","modified_gmt":"2026-01-16T15:01:07","slug":"trumpin-hallintoa-syytetaan-natsi-retoriikasta-mtv-uutiset","status":"publish","type":"post","link":"https:\/\/www.europesays.com\/fi\/144044\/","title":{"rendered":"Trumpin hallintoa syytet\u00e4\u00e4n natsi-retoriikasta | MTV Uutiset"},"content":{"rendered":"<p><strong class=\"typography-bold\">Yhdysvaltain hallinnon k\u00e4ytt\u00e4m\u00e4st\u00e4 kielest\u00e4 on alettu l\u00f6yt\u00e4\u00e4 natsiviittauksia.<\/strong><\/p>\n<p><strong class=\"typography-bold\">Donald Trumpin<\/strong> hallinto tekee &#8221;retorista siirtym\u00e4\u00e4 kohti valkoista ylivaltaa&#8221;, v\u00e4itt\u00e4v\u00e4t yhdysvaltalaisten ammattiliittojen johtajat. Aiheesta uutisoi aiemmin muun muassa <a class=\"underline\" data-testid=\"external-link\" href=\"https:\/\/www.theguardian.com\/us-news\/2026\/jan\/14\/union-leaders-trump-administration-white-supremacy\" rel=\"noopener noreferrer nofollow\" target=\"_blank\" data-sentry-component=\"ExternalLink\" data-sentry-source-file=\"ExternalLink.tsx\">The Guardian<\/a>.<\/p>\n<p>Syyt\u00f6kset ovat saaneet pontta Yhdysvaltain ty\u00f6ministeri\u00f6n sosiaalisen median julkaisuista.<\/p>\n<p>Esimerkiksi tuoreessa <a class=\"underline\" data-testid=\"external-link\" href=\"https:\/\/x.com\/USDOL\/status\/2010141673389769214\" rel=\"noopener noreferrer nofollow\" target=\"_blank\" data-sentry-component=\"ExternalLink\" data-sentry-source-file=\"ExternalLink.tsx\">videossa<\/a>, joka otsikkotasolla kehottaa amerikkalaisia muistamaan, keit\u00e4 he ovat, toistuu lause \u201dYksi kotimaa. Yksi kansa. Yksi perint\u00f6.\u201d.\u00a0<\/p>\n<p>Sosiaalisessa mediassa lauseen on huomattu muistuttavan suuresti natsien iskulausetta &#8221;Ein Volk, ein Reich, ein F\u00fchrer&#8221; (&#8221;yksi kansa, yksi valtakunta, yksi johtaja&#8221;).<\/p>\n<p>Historioitsija, professori <strong class=\"typography-bold\">Christopher Hayes<\/strong> Rutgersin yliopistosta vahvistaa havainnon The Guardianille antamassaan haastattelussa.<\/p>\n<p>\u2013 Samankaltaisuus kyseiseen natsi-sloganiin on paha, Hayes toteaa.<\/p>\n<p><strong class=\"typography-bold\">&#8221;Natsit toimivat samalla tavalla&#8221;<\/strong><\/p>\n<p>Hayes on huolissaan ministeri\u00f6n toisteleman lauseen viestist\u00e4 ja tavoitteesta. H\u00e4nen n\u00e4kemyksens\u00e4 mukaan tarkoituksena on demonisoida ulkomaista ty\u00f6voimaa ja vakuuttaa valkoinen ty\u00f6v\u00e4enluokka siit\u00e4, ett\u00e4 vain he ovat &#8221;oikeita amerikkalaisia&#8221;.<\/p>\n<p>\u2013 Natsit toimivat samalla tavalla, Hayes kommentoi Guardianille.<\/p>\n<p>Hayes toteaa, ett\u00e4 natsien propagandassa esiintyi juuri n\u00e4ytt\u00e4vi\u00e4 iskulauseita heid\u00e4n maansa ylivertaisuudesta verrattuna muihin. Natsi-Saksassa n\u00e4it\u00e4 &#8221;muita&#8221; olivat juutalaiset.\u00a0<\/p>\n<p>Ty\u00f6ministeri\u00f6 ei ole kommentoinut sosiaalisessa mediassa k\u00e4ytt\u00e4m\u00e4\u00e4ns\u00e4 retoriikkaa. Se on kuvaillut kampanjansa tarkoitukseksi &#8221;amerikkalaisten ty\u00f6ntekij\u00f6iden ja amerikkalaisen unelman juhlimisen&#8221;.<\/p>\n<p><strong class=\"typography-bold\">Yhteys ICE-agentteihin?<\/strong><\/p>\n<p>Ty\u00f6ministeri\u00f6 on julkaissut Trumpin hallinnon aikana muutakin aineistoa, jota voidaan pit\u00e4\u00e4 retorisesti valkoista ylivaltaa suosivana.<\/p>\n<p>Postauksissa v\u00e4itet\u00e4\u00e4n harhaanjohtavasti, ett\u00e4 kaikki Trumpin hallinnon aikana syntyneet ty\u00f6paikat olisivat menneet &#8221;syntyj\u00e4\u00e4n amerikkalaisille&#8221;. Lis\u00e4ksi ilmeisesti teko\u00e4lyn avulla luoduissa taideteoksissa esiintyy ainoastaan miespuolisia ty\u00f6ntekij\u00f6it\u00e4.\u00a0<\/p>\n<p>Maalareita edustavan IUPAT:n (International Union of Painters and Allied Trades) p\u00e4\u00e4johtaja <strong class=\"typography-bold\">Jimmy Williams Jr <\/strong>kommentoi aihetta The Guardianille.<\/p>\n<p>\u2013 Hallinnon fasistisessa kuvastossa ja heid\u00e4n v\u00e4kivaltaisessa k\u00e4ytt\u00e4ytymisess\u00e4\u00e4n on hyvin selke\u00e4 yhteys, kuten me kaikki juuri n\u00e4imme Minneapolisissa, kun ICE-agentti <a class=\"cursor-pointer underline\" data-testid=\"internal-link\" role=\"link\" data-sentry-element=\"Link\" data-sentry-component=\"InternalLink\" data-sentry-source-file=\"InternalLink.tsx\" href=\"https:\/\/www.mtvuutiset.fi\/artikkeli\/maahanmuuttoviranomainen-ampui-auton-kuljettajan-yhdysvalloissa\/9278976\" rel=\"nofollow noopener\" target=\"_blank\">tappoi<\/a> <strong class=\"typography-bold\">Renee Goodin,<\/strong> Williams toteaa.<\/p>\n<p><strong class=\"typography-bold\">Lue lis\u00e4\u00e4: <\/strong><a class=\"cursor-pointer underline\" data-testid=\"internal-link\" role=\"link\" data-sentry-element=\"Link\" data-sentry-component=\"InternalLink\" data-sentry-source-file=\"InternalLink.tsx\" href=\"https:\/\/www.mtvuutiset.fi\/artikkeli\/videot-nayttavat-tapahtumat-ice-agentti-ampui-naisen-usa-ssa\/9279068\" rel=\"nofollow noopener\" target=\"_blank\"><strong class=\"typography-bold\">Videot n\u00e4ytt\u00e4v\u00e4t tapahtumat: ICE-agentti ampui naisen USA:ssa<\/strong><\/a><strong class=\"typography-bold\">Jopa raamatullisia viittauksia<\/strong><\/p>\n<p>Sosiaalisessa mediassa Yhdysvaltain hallinnon julkaisuista on l\u00f6ydetty enemm\u00e4nkin natsiviittauksia.<\/p>\n<p>Esimerkiksi Valkoisen talon hiljattain tekem\u00e4ss\u00e4 <a class=\"underline\" data-testid=\"external-link\" href=\"https:\/\/x.com\/WhiteHouse\/status\/2011476301060702329\" rel=\"noopener noreferrer nofollow\" target=\"_blank\" data-sentry-component=\"ExternalLink\" data-sentry-source-file=\"ExternalLink.tsx\">julkaisussa<\/a> kysyt\u00e4\u00e4n paljon puhuvan kuvan kera \u201dWhich way, Greenland man?\u201d\u00a0(\u201dKumpaan suuntaan, Gr\u00f6nlanti-mies?\u201d). Julkaisu liittyy Yhdysvaltain <a class=\"cursor-pointer underline\" data-testid=\"internal-link\" role=\"link\" data-sentry-element=\"Link\" data-sentry-component=\"InternalLink\" data-sentry-source-file=\"InternalLink.tsx\" href=\"https:\/\/www.mtvuutiset.fi\/artikkeli\/trump-kommentoi-gronlanti-keskusteluja-toistaen-aiempia-lausuntojaan-usa-tarvitsee-gronlannin\/9282514\" rel=\"nofollow noopener\" target=\"_blank\">haluun<\/a> saada Gr\u00f6nlanti omistukseensa.\u00a0<\/p>\n<p>Toimittajaksi esitt\u00e4ytyv\u00e4 X-k\u00e4ytt\u00e4j\u00e4 <strong class=\"typography-bold\">Louis Pisano<\/strong> <a class=\"underline\" data-testid=\"external-link\" href=\"https:\/\/x.com\/LouisPisano\/status\/2011574334045962619\" rel=\"noopener noreferrer nofollow\" target=\"_blank\" data-sentry-component=\"ExternalLink\" data-sentry-source-file=\"ExternalLink.tsx\">huomauttaa<\/a>, ett\u00e4 p\u00e4ivityksen tekstiss\u00e4 on n\u00e4ht\u00e4viss\u00e4 viittaus uusnatsi <strong class=\"typography-bold\">William Gayley Simpsonin<\/strong> kirjaan Which Way Western Man?. Kirjassa asettaudutaan <strong class=\"typography-bold\">Adolf Hitlerin<\/strong> puolelle.<\/p>\n<p><strong class=\"typography-bold\">Lue my\u00f6s: <\/strong><a class=\"cursor-pointer underline\" data-testid=\"internal-link\" role=\"link\" data-sentry-element=\"Link\" data-sentry-component=\"InternalLink\" data-sentry-source-file=\"InternalLink.tsx\" href=\"https:\/\/www.mtvuutiset.fi\/artikkeli\/trump-kommentoi-gronlanti-keskusteluja-toistaen-aiempia-lausuntojaan-usa-tarvitsee-gronlannin\/9282514\" rel=\"nofollow noopener\" target=\"_blank\"><strong class=\"typography-bold\">Trump jatkoi Gr\u00f6nlanti-painostusta \u2013 &#8221;Tanska ei voi tehd\u00e4 mit\u00e4\u00e4n, mutta me voimme tehd\u00e4 kaiken&#8221;<\/strong><\/a><\/p>\n<p>Arvostettu australialainen toimittaja, uutisjohtaja ja dokumentaristi <strong class=\"typography-bold\">Max Uechtritz<\/strong> puolestaan kirjoittaa <a class=\"underline\" data-testid=\"external-link\" href=\"https:\/\/x.com\/plesbilongmi\/status\/2011200904402465209\" rel=\"noopener noreferrer nofollow\" target=\"_blank\" data-sentry-component=\"ExternalLink\" data-sentry-source-file=\"ExternalLink.tsx\">X:ss\u00e4<\/a>, ett\u00e4 natsien iskulauseilta kaikuvien lauseiden lis\u00e4ksi Yhdysvaltain sis\u00e4isen turvallisuuden ministeri\u00f6 on ottanut k\u00e4ytt\u00f6\u00f6ns\u00e4 Fraktur-fontin. Kyseinen fontti oli tunnetusti natsien k\u00e4yt\u00f6ss\u00e4 1930-luvulla.\u00a0<\/p>\n<p><a class=\"underline\" data-testid=\"external-link\" href=\"https:\/\/x.com\/DHSgov\/status\/2011149634643902647\" rel=\"noopener noreferrer nofollow\" target=\"_blank\" data-sentry-component=\"ExternalLink\" data-sentry-source-file=\"ExternalLink.tsx\">Videolla<\/a>, jolla n\u00e4ytet\u00e4\u00e4n aseistettujen amerikkalaisjoukkojen toimintaa erilaisissa operaatioissa, py\u00f6rii Fraktur-fontilla Matteuksen evankeliumista lainattu teksti: \u201dSiunattuja ovat rauhantekij\u00e4t, sill\u00e4 heid\u00e4t kutsutaan Jumalan lapsiksi.\u201d.\u00a0<\/p>\n<p>My\u00f6s verkko-osoite nazis.us on ohjattu johtamaan suoraan Yhdysvaltain kansallisen turvallisuuden ministeri\u00f6n <a class=\"underline\" data-testid=\"external-link\" href=\"https:\/\/www.dhs.gov\/\" rel=\"noopener noreferrer nofollow\" target=\"_blank\" data-sentry-component=\"ExternalLink\" data-sentry-source-file=\"ExternalLink.tsx\">verkkosivuille<\/a>.<\/p>\n<p><strong class=\"typography-bold\">Lue my\u00f6s: <\/strong><a class=\"cursor-pointer underline\" data-testid=\"internal-link\" role=\"link\" data-sentry-element=\"Link\" data-sentry-component=\"InternalLink\" data-sentry-source-file=\"InternalLink.tsx\" href=\"https:\/\/www.mtvuutiset.fi\/artikkeli\/nama-raikeat-virheet-ice-teki-ampumisessa-erittain-surkea-tapaus-kertoo-usa-ssa-uran-poliisina-tehnyt-suomalainen\/9279450\" rel=\"nofollow noopener\" target=\"_blank\"><strong class=\"typography-bold\">N\u00e4m\u00e4 r\u00e4ike\u00e4t virheet ICE teki ampumisessa: &#8221;Eritt\u00e4in surkea tapaus&#8221;, kertoo USA:ssa uran poliisina tehnyt suomalainen<\/strong><\/a><a class=\"cursor-pointer underline\" data-testid=\"internal-link\" role=\"link\" data-sentry-element=\"Link\" data-sentry-component=\"InternalLink\" data-sentry-source-file=\"InternalLink.tsx\" href=\"https:\/\/www.mtvuutiset.fi\/artikkeli\/video-minneapolisissa-naisen-ampunut-agentti-kuvasi-tilanteen-puhelimellaan\/9280384\" rel=\"nofollow noopener\" target=\"_blank\"><strong class=\"typography-bold\">Video: Minneapolisissa naisen ampunut agentti kuvasi tilanteen puhelimellaan<\/strong><\/a><a class=\"cursor-pointer underline\" data-testid=\"internal-link\" role=\"link\" data-sentry-element=\"Link\" data-sentry-component=\"InternalLink\" data-sentry-source-file=\"InternalLink.tsx\" href=\"https:\/\/www.mtvuutiset.fi\/artikkeli\/yhdysvallat-keskeyttaa-viisumien-kasittelyn-75-maan-kansalaisilta\/9282472\" rel=\"nofollow noopener\" target=\"_blank\"><strong class=\"typography-bold\">Yhdysvallat keskeytt\u00e4\u00e4 viisumien k\u00e4sittelyn 75 maan kansalaisilta<\/strong><\/a><\/p>\n","protected":false},"excerpt":{"rendered":"Yhdysvaltain hallinnon k\u00e4ytt\u00e4m\u00e4st\u00e4 kielest\u00e4 on alettu l\u00f6yt\u00e4\u00e4 natsiviittauksia. Donald Trumpin hallinto tekee &#8221;retorista siirtym\u00e4\u00e4 kohti valkoista ylivaltaa&#8221;, v\u00e4itt\u00e4v\u00e4t&hellip;\n","protected":false},"author":2,"featured_media":144045,"comment_status":"","ping_status":"","sticky":false,"template":"","format":"standard","meta":{"footnotes":""},"categories":[14],"tags":[22,23,26,27,33,31,30,17,24,25,28,29,15,18,21,32,19,20,56,16,59,60,61],"class_list":{"0":"post-144044","1":"post","2":"type-post","3":"status-publish","4":"format-standard","5":"has-post-thumbnail","7":"category-ulkomaat","8":"tag-breaking-news","9":"tag-breakingnews","10":"tag-featured-news","11":"tag-featurednews","12":"tag-fi","13":"tag-finland","14":"tag-finnish","15":"tag-headlines","16":"tag-latest-news","17":"tag-latestnews","18":"tag-main-news","19":"tag-mainnews","20":"tag-news","21":"tag-otsikot","22":"tag-paauutiset","23":"tag-suomi","24":"tag-top-stories","25":"tag-topstories","26":"tag-ulkomaat","27":"tag-uutiset","28":"tag-world","29":"tag-world-news","30":"tag-worldnews"},"share_on_mastodon":{"url":"https:\/\/pubeurope.com\/@fi\/115905382671587654","error":""},"_links":{"self":[{"href":"https:\/\/www.europesays.com\/fi\/wp-json\/wp\/v2\/posts\/144044","targetHints":{"allow":["GET"]}}],"collection":[{"href":"https:\/\/www.europesays.com\/fi\/wp-json\/wp\/v2\/posts"}],"about":[{"href":"https:\/\/www.europesays.com\/fi\/wp-json\/wp\/v2\/types\/post"}],"author":[{"embeddable":true,"href":"https:\/\/www.europesays.com\/fi\/wp-json\/wp\/v2\/users\/2"}],"replies":[{"embeddable":true,"href":"https:\/\/www.europesays.com\/fi\/wp-json\/wp\/v2\/comments?post=144044"}],"version-history":[{"count":0,"href":"https:\/\/www.europesays.com\/fi\/wp-json\/wp\/v2\/posts\/144044\/revisions"}],"wp:featuredmedia":[{"embeddable":true,"href":"https:\/\/www.europesays.com\/fi\/wp-json\/wp\/v2\/media\/144045"}],"wp:attachment":[{"href":"https:\/\/www.europesays.com\/fi\/wp-json\/wp\/v2\/media?parent=144044"}],"wp:term":[{"taxonomy":"category","embeddable":true,"href":"https:\/\/www.europesays.com\/fi\/wp-json\/wp\/v2\/categories?post=144044"},{"taxonomy":"post_tag","embeddable":true,"href":"https:\/\/www.europesays.com\/fi\/wp-json\/wp\/v2\/tags?post=144044"}],"curies":[{"name":"wp","href":"https:\/\/api.w.org\/{rel}","templated":true}]}}