{"id":144065,"date":"2026-01-16T15:29:07","date_gmt":"2026-01-16T15:29:07","guid":{"rendered":"https:\/\/www.europesays.com\/fi\/144065\/"},"modified":"2026-01-16T15:29:07","modified_gmt":"2026-01-16T15:29:07","slug":"julianna-jokela-avoliitto-ilta-sanomat","status":"publish","type":"post","link":"https:\/\/www.europesays.com\/fi\/144065\/","title":{"rendered":"Julianna Jokela: avoliitto &#8211; Ilta-Sanomat"},"content":{"rendered":"<p>Iholla-sarjan uusi kausi starttaa Maikkarilla 4. helmikuuta.<\/p>\n<p class=\"article-body mb-nof-24 px-nof-16\">Iholla-sarjan uudella kaudella n\u00e4hd\u00e4\u00e4n tuoreena kasvona media-alan yritt\u00e4j\u00e4 <a class=\"font-bold underline-offset-[0.12em] [text-decoration:var(--person-link-text-decoration)] ![text-decoration-color:var(--person-link-text-decoration-color)]\" href=\"https:\/\/www.is.fi\/haku\/?query=Julianna%20Jokela\" rel=\"nofollow noopener\" target=\"_blank\">Julianna Jokela<\/a>.<\/p>\n<p class=\"article-body mb-nof-24 px-nof-16\">Jokela teki pitk\u00e4\u00e4n radiota <a class=\"font-bold underline-offset-[0.12em] [text-decoration:var(--person-link-text-decoration)] ![text-decoration-color:var(--person-link-text-decoration-color)]\" href=\"https:\/\/www.is.fi\/haku\/?query=Niko%20Saarisen\" rel=\"nofollow noopener\" target=\"_blank\">Niko Saarisen<\/a> kanssa. Saarinen ja Jokela lopettivat yhteisen aamuohjelmansa NRJ-radiokanavalla toukokuussa. Samalla p\u00e4\u00e4ttyi Jokelan seitsem\u00e4n vuotta kest\u00e4nyt ura radiojuontajana.<\/p>\n<p class=\"article-body mb-nof-24 px-nof-16\">\u2013 Viel\u00e4kin muistelen sit\u00e4 aikaa. Ei mulla ole koskaan ollut radiossa sellaista kemiaa kenenk\u00e4\u00e4n kanssa, mit\u00e4 mulla oli Nikon kanssa, Jokela kertoo IS:lle.<\/p>\n<p class=\"article-body mb-nof-24 px-nof-16\">Saarinen kertoi aiemmin <a class=\"font-bold underline-offset-[0.12em] [text-decoration:var(--person-link-text-decoration)] ![text-decoration-color:var(--person-link-text-decoration-color)]\" href=\"https:\/\/www.is.fi\/haku\/?query=Aki%20Linnanahteen\" rel=\"nofollow noopener\" target=\"_blank\">Aki Linnanahteen<\/a> podcastissa, ettei ole juurikaan pit\u00e4nyt yhteytt\u00e4 Jokelaan ohjelman loputtua.<\/p>\n<p class=\"article-body mb-nof-24 px-nof-16\">\u2013 Meill\u00e4 on ollut v\u00e4h\u00e4n kiireist\u00e4, Jokela toteaa.<\/p>\n<p class=\"article-body mb-nof-24 px-nof-16\">\u2013 Ollaan me kyll\u00e4 juteltu ohjelman j\u00e4lkeen. Kuten Nikokin sanoi, niin kaikki on hyvin.<\/p>\n<p class=\"article-body mb-nof-24 px-nof-16\">Seuraavaksi Jokela alkaa tehd\u00e4 podcastia yhdess\u00e4 Shirly Karvisen kanssa.<\/p>\n<p class=\"article-body mb-nof-24 px-nof-16\">\u2013 Meill\u00e4 alkaa podcast-kiertue helmikuussa. Menn\u00e4\u00e4n live-yleis\u00f6n eteen. Oulusta l\u00e4hdet\u00e4\u00e4n ja Jyv\u00e4skyl\u00e4\u00e4n p\u00e4\u00e4dyt\u00e4\u00e4n.<\/p>\n<p class=\"article-body mb-nof-24 px-nof-16\">Iholle-sarjaan Jokela l\u00e4hti, koska ohjelmaan tarvitaan h\u00e4nen omien sanojensa mukaan yksi kiinti\u00f6porilainen.<\/p>\n<p class=\"article-body mb-nof-24 px-nof-16\">\u2013 No, vitsit sikseen, mutta nyt oli t\u00e4ydellinen sauma t\u00e4lle ohjelmalle. Kuvaukset alkoivat juuri, kun olin l\u00e4htenyt radiosta. Se tulee varmasti n\u00e4kym\u00e4\u00e4n ohjelmassa. K\u00e4yn sit\u00e4 ajatusta l\u00e4pi, ett\u00e4 olen ihan hullu, kun tein t\u00e4llaisen p\u00e4\u00e4t\u00f6ksen.<\/p>\n<p class=\"article-body mb-nof-24 px-nof-16\">Jokela sanoo, ett\u00e4 h\u00e4nell\u00e4 oli identiteettikriisi radio-ohjelman loputtua, joka n\u00e4kyi my\u00f6s h\u00e4nen tekemisess\u00e4\u00e4n. Itsens\u00e4 kuvaaminen auttoi rauhoittumaan.<\/p>\n<p class=\"article-body mb-nof-24 px-nof-16\">\u2013 Ohjelmassa n\u00e4kyy taatusti paljon asioita, mit\u00e4 olen oivaltanut itsest\u00e4ni. M\u00e4 yritin t\u00e4ytt\u00e4\u00e4 mun el\u00e4m\u00e4ni ty\u00f6teolla. Se oli mun tapani selitt\u00e4\u00e4 itselleni, ett\u00e4 olen edelleen arvokas. T\u00e4m\u00e4 vuosi voisi olla sellainen, ett\u00e4 v\u00e4hempikin riitt\u00e4\u00e4.<\/p>\n<p class=\"article-body mb-nof-24 px-nof-16\">Jokela ep\u00e4ilee, ett\u00e4 moni ohjelman katsoja h\u00e4mm\u00e4styy, kuinka herkk\u00e4 h\u00e4n on.<\/p>\n<p class=\"article-body mb-nof-24 px-nof-16\">\u2013 Mua pidet\u00e4\u00e4n sellaisena hassuttelevana ihmisen\u00e4. Mutta on asioita, jotka menee mullakin ihon alle.<\/p>\n<p class=\"article-body mb-nof-24 px-nof-16\">Jokela kertoo my\u00f6s asuvansa nykyisin avoliitossa.<\/p>\n<p class=\"article-body mb-nof-24 px-nof-16\">\u2013 Se on tosi kivaa. Kyll\u00e4 min\u00e4 sit\u00e4kin ohjelmassa kuvaan, Jokela kertoo, mutta ei halua paljastaa enemp\u00e4\u00e4.<\/p>\n<p class=\"article-body mb-nof-24 px-nof-16\">\u2013 Se n\u00e4kyy sitten siin\u00e4 sarjassa.<\/p>\n<p class=\"article-body mb-nof-24 px-nof-16\">Jokela on kysynyt luvan kuvaamiseen kaikilta l\u00e4heisilt\u00e4\u00e4n. Lupa irtosi helposti.<\/p>\n<p class=\"article-body mb-nof-24 px-nof-16\">\u2013 He ovat niin monta vuotta seuranneet t\u00e4t\u00e4 mun hommaa ja luottavat siihen, ett\u00e4 osaan tehd\u00e4 hyvi\u00e4 p\u00e4\u00e4t\u00f6ksi\u00e4. T\u00e4m\u00e4 oli mulle my\u00f6s terapeuttinen matka. Se kamera oli tosi terapeuttinen v\u00e4line.<\/p>\n<p class=\"article-body mb-nof-24 px-nof-16\">Katsojien palautetta Jokela ei suuremmin mieti.<\/p>\n<p class=\"article-body mb-nof-24 px-nof-16\">\u2013 Olen ollut arvostelun kohteena useamman vuoden ajan. Olen my\u00f6s ihminen, joka jakaa mielipiteit\u00e4. Jos kenell\u00e4k\u00e4\u00e4n ei ole mielipidett\u00e4 minusta, niin m\u00e4 olen oikeastaan ep\u00e4onnistunut ty\u00f6ss\u00e4ni.<\/p>\n","protected":false},"excerpt":{"rendered":"Iholla-sarjan uusi kausi starttaa Maikkarilla 4. helmikuuta. Iholla-sarjan uudella kaudella n\u00e4hd\u00e4\u00e4n tuoreena kasvona media-alan yritt\u00e4j\u00e4 Julianna Jokela. Jokela&hellip;\n","protected":false},"author":2,"featured_media":144066,"comment_status":"","ping_status":"","sticky":false,"template":"","format":"standard","meta":{"footnotes":""},"categories":[5],"tags":[22,23,26,27,33,31,30,17,34,24,25,28,29,15,18,21,32,19,20,16],"class_list":{"0":"post-144065","1":"post","2":"type-post","3":"status-publish","4":"format-standard","5":"has-post-thumbnail","7":"category-otsikot","8":"tag-breaking-news","9":"tag-breakingnews","10":"tag-featured-news","11":"tag-featurednews","12":"tag-fi","13":"tag-finland","14":"tag-finnish","15":"tag-headlines","16":"tag-ilta-sanomat","17":"tag-latest-news","18":"tag-latestnews","19":"tag-main-news","20":"tag-mainnews","21":"tag-news","22":"tag-otsikot","23":"tag-paauutiset","24":"tag-suomi","25":"tag-top-stories","26":"tag-topstories","27":"tag-uutiset"},"share_on_mastodon":{"url":"https:\/\/pubeurope.com\/@fi\/115905493507336965","error":""},"_links":{"self":[{"href":"https:\/\/www.europesays.com\/fi\/wp-json\/wp\/v2\/posts\/144065","targetHints":{"allow":["GET"]}}],"collection":[{"href":"https:\/\/www.europesays.com\/fi\/wp-json\/wp\/v2\/posts"}],"about":[{"href":"https:\/\/www.europesays.com\/fi\/wp-json\/wp\/v2\/types\/post"}],"author":[{"embeddable":true,"href":"https:\/\/www.europesays.com\/fi\/wp-json\/wp\/v2\/users\/2"}],"replies":[{"embeddable":true,"href":"https:\/\/www.europesays.com\/fi\/wp-json\/wp\/v2\/comments?post=144065"}],"version-history":[{"count":0,"href":"https:\/\/www.europesays.com\/fi\/wp-json\/wp\/v2\/posts\/144065\/revisions"}],"wp:featuredmedia":[{"embeddable":true,"href":"https:\/\/www.europesays.com\/fi\/wp-json\/wp\/v2\/media\/144066"}],"wp:attachment":[{"href":"https:\/\/www.europesays.com\/fi\/wp-json\/wp\/v2\/media?parent=144065"}],"wp:term":[{"taxonomy":"category","embeddable":true,"href":"https:\/\/www.europesays.com\/fi\/wp-json\/wp\/v2\/categories?post=144065"},{"taxonomy":"post_tag","embeddable":true,"href":"https:\/\/www.europesays.com\/fi\/wp-json\/wp\/v2\/tags?post=144065"}],"curies":[{"name":"wp","href":"https:\/\/api.w.org\/{rel}","templated":true}]}}