{"id":144101,"date":"2026-01-16T16:21:07","date_gmt":"2026-01-16T16:21:07","guid":{"rendered":"https:\/\/www.europesays.com\/fi\/144101\/"},"modified":"2026-01-16T16:21:07","modified_gmt":"2026-01-16T16:21:07","slug":"nelikymppinen-nainen-loytyi-turusta-asunnosta-surmattuna","status":"publish","type":"post","link":"https:\/\/www.europesays.com\/fi\/144101\/","title":{"rendered":"Nelikymppinen nainen l\u00f6ytyi Turusta asunnosta surmattuna"},"content":{"rendered":"<p><strong class=\"typography-bold\">58-vuotiasta miest\u00e4 ep\u00e4ill\u00e4\u00e4n nelikymppisen naisen taposta Turussa.<\/strong><\/p>\n<p>Mies vangittiin torstaina todenn\u00e4k\u00f6isin syin taposta ep\u00e4iltyn\u00e4 Varsinais-Suomen k\u00e4r\u00e4j\u00e4oikeudessa. Poliisi ei kommentoi henkirikosta t\u00e4ll\u00e4 hetkell\u00e4 mill\u00e4\u00e4n tavalla, mutta vangitsemistiedoista ilmenee, ett\u00e4 ep\u00e4illyn tapon tarkka tekoaika on viel\u00e4 ep\u00e4selv\u00e4.<\/p>\n<p>Henkirikoksen tekoajaksi on t\u00e4ll\u00e4 hetkell\u00e4 kirjattu 3.\u201312. tammikuuta, eli noin puolitoista viikkoa. T\u00e4m\u00e4 viittaa siihen, ett\u00e4 poliisillakaan ei ole viel\u00e4 tarkkaa k\u00e4sityst\u00e4 siit\u00e4, milloin henkirikos on tarkalleen tapahtunut.<\/p>\n<p>Nelikymppinen nainen l\u00f6ytyi Turussa sijaitsevasta yksityisasunnosta t\u00e4m\u00e4n viikon maanantaina, eli 12. p\u00e4iv\u00e4.<\/p>\n<p>Poliisi tavoitti teosta ep\u00e4illyn miehen nopeasti omien tutkintojensa avulla. Ep\u00e4ilty 58-vuotias mies ja kuollut nelikymppinen nainen tunsivat toisensa.<\/p>\n<p>Poliisi ei kommentoi t\u00e4ss\u00e4 vaiheessa sit\u00e4, l\u00f6ytyik\u00f6 uhri omasta asunnostaan ja miten henkirikos tuli poliisin tietoon, eli kuka h\u00e4lytti virkavallan paikalle asuntoon.<\/p>\n<p>Vangitulla miehell\u00e4 on aiempaa rikostaustaa. H\u00e4n on ollut aiemmin oikeudessa syytettyn\u00e4 muun muassa huumausainerikoksesta, pahoinpitelyist\u00e4 ja t\u00f6rke\u00e4st\u00e4 raiskauksesta. Aikaisemmin h\u00e4nt\u00e4 ei ole kuitenkaan ep\u00e4ilty tai syytetty henkirikoksesta.<\/p>\n<p>Lue my\u00f6s: <a class=\"cursor-pointer underline\" data-testid=\"internal-link\" role=\"link\" data-sentry-element=\"Link\" data-sentry-component=\"InternalLink\" data-sentry-source-file=\"InternalLink.tsx\" href=\"https:\/\/www.mtvuutiset.fi\/artikkeli\/asunnosta-loytyi-kuollut-nainen-turussa-poliisi-epailee-rikosta\/9282900\" rel=\"nofollow noopener\" target=\"_blank\">Poliisi tutkii ep\u00e4ilty\u00e4 henkirikosta Turussa<\/a><\/p>\n","protected":false},"excerpt":{"rendered":"58-vuotiasta miest\u00e4 ep\u00e4ill\u00e4\u00e4n nelikymppisen naisen taposta Turussa. Mies vangittiin torstaina todenn\u00e4k\u00f6isin syin taposta ep\u00e4iltyn\u00e4 Varsinais-Suomen k\u00e4r\u00e4j\u00e4oikeudessa. Poliisi ei&hellip;\n","protected":false},"author":2,"featured_media":144102,"comment_status":"","ping_status":"","sticky":false,"template":"","format":"standard","meta":{"footnotes":""},"categories":[12],"tags":[22,23,26,27,33,31,30,17,24,25,28,29,15,18,21,32,19,20,16],"class_list":{"0":"post-144101","1":"post","2":"type-post","3":"status-publish","4":"format-standard","5":"has-post-thumbnail","7":"category-suomi","8":"tag-breaking-news","9":"tag-breakingnews","10":"tag-featured-news","11":"tag-featurednews","12":"tag-fi","13":"tag-finland","14":"tag-finnish","15":"tag-headlines","16":"tag-latest-news","17":"tag-latestnews","18":"tag-main-news","19":"tag-mainnews","20":"tag-news","21":"tag-otsikot","22":"tag-paauutiset","23":"tag-suomi","24":"tag-top-stories","25":"tag-topstories","26":"tag-uutiset"},"share_on_mastodon":{"url":"https:\/\/pubeurope.com\/@fi\/115905697167281670","error":""},"_links":{"self":[{"href":"https:\/\/www.europesays.com\/fi\/wp-json\/wp\/v2\/posts\/144101","targetHints":{"allow":["GET"]}}],"collection":[{"href":"https:\/\/www.europesays.com\/fi\/wp-json\/wp\/v2\/posts"}],"about":[{"href":"https:\/\/www.europesays.com\/fi\/wp-json\/wp\/v2\/types\/post"}],"author":[{"embeddable":true,"href":"https:\/\/www.europesays.com\/fi\/wp-json\/wp\/v2\/users\/2"}],"replies":[{"embeddable":true,"href":"https:\/\/www.europesays.com\/fi\/wp-json\/wp\/v2\/comments?post=144101"}],"version-history":[{"count":0,"href":"https:\/\/www.europesays.com\/fi\/wp-json\/wp\/v2\/posts\/144101\/revisions"}],"wp:featuredmedia":[{"embeddable":true,"href":"https:\/\/www.europesays.com\/fi\/wp-json\/wp\/v2\/media\/144102"}],"wp:attachment":[{"href":"https:\/\/www.europesays.com\/fi\/wp-json\/wp\/v2\/media?parent=144101"}],"wp:term":[{"taxonomy":"category","embeddable":true,"href":"https:\/\/www.europesays.com\/fi\/wp-json\/wp\/v2\/categories?post=144101"},{"taxonomy":"post_tag","embeddable":true,"href":"https:\/\/www.europesays.com\/fi\/wp-json\/wp\/v2\/tags?post=144101"}],"curies":[{"name":"wp","href":"https:\/\/api.w.org\/{rel}","templated":true}]}}