{"id":144105,"date":"2026-01-16T16:34:07","date_gmt":"2026-01-16T16:34:07","guid":{"rendered":"https:\/\/www.europesays.com\/fi\/144105\/"},"modified":"2026-01-16T16:34:07","modified_gmt":"2026-01-16T16:34:07","slug":"tuija-pehkonen-muutti-pois-helsingista-julkaisi-nyt-satumaisia-kuvia-uusista-maisemista-kuusamosta","status":"publish","type":"post","link":"https:\/\/www.europesays.com\/fi\/144105\/","title":{"rendered":"Tuija Pehkonen muutti pois Helsingist\u00e4 \u2013 julkaisi nyt satumaisia kuvia uusista maisemista Kuusamosta"},"content":{"rendered":"<p>Tuija Pehkonen on ihastunut Koillismaan maisemiin.<\/p>\n<p class=\"article-body mb-nof-24 px-nof-16\">Juontaja <a class=\"font-bold underline-offset-[0.12em] [text-decoration:var(--person-link-text-decoration)] ![text-decoration-color:var(--person-link-text-decoration-color)]\" href=\"https:\/\/www.is.fi\/haku\/?query=Tuija%20Pehkonen\" rel=\"nofollow noopener\" target=\"_blank\">Tuija Pehkonen<\/a> muutti vuodenvaihteessa Kuusamoon.<\/p>\n<p class=\"article-body mb-nof-24 px-nof-16\">Siell\u00e4 on vier\u00e4ht\u00e4nyt nyt kymmenisen p\u00e4iv\u00e4\u00e4.<\/p>\n<p class=\"article-body mb-nof-24 px-nof-16\">Ne h\u00e4n on tiivist\u00e4nyt kolmeentoista kuvaan, jotka h\u00e4n on julkaissut <a class=\"underline underline-offset-[0.12em] [text-decoration-thickness:var(--generic-link-underline-thickness)] [text-decoration-color:var(--generic-link-underline-color)] [text-decoration-skip-ink:var(--generic-link-underline-skip-ink)] break-words\" href=\"https:\/\/www.instagram.com\/p\/DTijnnyiAJ7\/?img_index=1\" rel=\"nofollow noopener\" target=\"_blank\">Instagramissa<\/a>.<\/p>\n<p class=\"article-body mb-nof-24 px-nof-16\">Niiss\u00e4 n\u00e4kyy todellinen talven ihmemaa.<\/p>\n<p class=\"article-body mb-nof-24 px-nof-16\">Laskettelua Rukan rinteill\u00e4 ja hiihtely\u00e4. Jylhi\u00e4 maisemia ja lumisia puita. Hangessa telmivi\u00e4 lapsia. M\u00e4enlaskua. Takkatulen loimotusta. My\u00f6s pizzaa ja purilaisia.<\/p>\n<p class=\"article-body mb-nof-24 px-nof-16\">\u2013 Oon hiiht\u00e4nyt melkein joka p\u00e4iv\u00e4. Oon surkean hidas ja pys\u00e4htelen jatkuvasti vaan ihastelemaan maisemia, h\u00e4n kirjoittaa.<\/p>\n<p class=\"article-body mb-nof-24 px-nof-16\">\u2013 Koko ajan kauhee n\u00e4lk\u00e4, kun myll\u00e4\u00e4 tuolla lumessa ja pakkasessa, h\u00e4n tunnelmoi harrasteita ja ev\u00e4it\u00e4.<\/p>\n<p class=\"article-body mb-nof-24 px-nof-16\">Koillismaa on saanut Pehkosen haltioitumaan.<\/p>\n<p class=\"article-body mb-nof-24 px-nof-16\">\u2013 Edelleen ihmettelen p\u00e4ivitt\u00e4in, et ollaanko me ihan oikeesti t\u00e4\u00e4ll\u00e4 ja saanko m\u00e4 kokea t\u00e4n kaiken, h\u00e4n p\u00e4ivittelee.<\/p>\n<p class=\"article-body mb-nof-24 px-nof-16\">Pehkonen kertoi el\u00e4m\u00e4nmuutoksestaan marraskuussa Yhteishyv\u00e4-lehden <a class=\"underline underline-offset-[0.12em] [text-decoration-thickness:var(--generic-link-underline-thickness)] [text-decoration-color:var(--generic-link-underline-color)] [text-decoration-skip-ink:var(--generic-link-underline-skip-ink)] break-words\" href=\"https:\/\/yhteishyva.fi\/elama\/en-pida-itsestani-helsingissa-ja-se-saa-minut-muut\/1M8z2OK7oc8rzY727UEiI8\/a?origin=rss\" rel=\"nofollow noopener\" target=\"_blank\">kolumnissa<\/a>.<\/p>\n<p class=\"article-body mb-nof-24 px-nof-16\">Taakse j\u00e4i Helsinki.<\/p>\n<p class=\"article-body mb-nof-24 px-nof-16\">Pehkonen koki, ettei \u201drakasta itse\u00e4\u00e4n\u201d p\u00e4\u00e4kaupungin melskeess\u00e4.<\/p>\n<p class=\"article-body mb-nof-24 px-nof-16\">\u2013 Tempoudun mukaan hulinaan, kiireeseen, t\u00e4yt\u00e4n kalenterini liian tiukkaan ja tohotan ymp\u00e4riins\u00e4. Olen \u00e4re\u00e4 ja onneton. En jaksa pit\u00e4\u00e4 itsest\u00e4ni huolta, h\u00e4n tilitti.<\/p>\n<p class=\"article-body mb-nof-24 px-nof-16\">Pehkonen t\u00e4smensi, ett\u00e4 vet\u00e4ytyy perheineen Kuusamoon juuri talveksi.<\/p>\n<p class=\"article-body mb-nof-24 px-nof-16\">Pehkonen on naimisissa lumilautat\u00e4hti <a class=\"font-bold underline-offset-[0.12em] [text-decoration:var(--person-link-text-decoration)] ![text-decoration-color:var(--person-link-text-decoration-color)]\" href=\"https:\/\/www.is.fi\/haku\/?query=Eero%20Ettalan\" rel=\"nofollow noopener\" target=\"_blank\">Eero Ettalan<\/a> kanssa. Heill\u00e4 on 1- ja 4-vuotiaat lapset.<\/p>\n<p><script async src=\"\/\/www.instagram.com\/embed.js\"><\/script><\/p>\n","protected":false},"excerpt":{"rendered":"Tuija Pehkonen on ihastunut Koillismaan maisemiin. Juontaja Tuija Pehkonen muutti vuodenvaihteessa Kuusamoon. Siell\u00e4 on vier\u00e4ht\u00e4nyt nyt kymmenisen p\u00e4iv\u00e4\u00e4.&hellip;\n","protected":false},"author":2,"featured_media":144106,"comment_status":"","ping_status":"","sticky":false,"template":"","format":"standard","meta":{"footnotes":""},"categories":[136],"tags":[407,137,33,31,30,34,408,32,109],"class_list":{"0":"post-144105","1":"post","2":"type-post","3":"status-publish","4":"format-standard","5":"has-post-thumbnail","7":"category-julkkikset","8":"tag-celebrities","9":"tag-entertainment","10":"tag-fi","11":"tag-finland","12":"tag-finnish","13":"tag-ilta-sanomat","14":"tag-julkkikset","15":"tag-suomi","16":"tag-viihde"},"share_on_mastodon":{"url":"https:\/\/pubeurope.com\/@fi\/115905748722662184","error":""},"_links":{"self":[{"href":"https:\/\/www.europesays.com\/fi\/wp-json\/wp\/v2\/posts\/144105","targetHints":{"allow":["GET"]}}],"collection":[{"href":"https:\/\/www.europesays.com\/fi\/wp-json\/wp\/v2\/posts"}],"about":[{"href":"https:\/\/www.europesays.com\/fi\/wp-json\/wp\/v2\/types\/post"}],"author":[{"embeddable":true,"href":"https:\/\/www.europesays.com\/fi\/wp-json\/wp\/v2\/users\/2"}],"replies":[{"embeddable":true,"href":"https:\/\/www.europesays.com\/fi\/wp-json\/wp\/v2\/comments?post=144105"}],"version-history":[{"count":0,"href":"https:\/\/www.europesays.com\/fi\/wp-json\/wp\/v2\/posts\/144105\/revisions"}],"wp:featuredmedia":[{"embeddable":true,"href":"https:\/\/www.europesays.com\/fi\/wp-json\/wp\/v2\/media\/144106"}],"wp:attachment":[{"href":"https:\/\/www.europesays.com\/fi\/wp-json\/wp\/v2\/media?parent=144105"}],"wp:term":[{"taxonomy":"category","embeddable":true,"href":"https:\/\/www.europesays.com\/fi\/wp-json\/wp\/v2\/categories?post=144105"},{"taxonomy":"post_tag","embeddable":true,"href":"https:\/\/www.europesays.com\/fi\/wp-json\/wp\/v2\/tags?post=144105"}],"curies":[{"name":"wp","href":"https:\/\/api.w.org\/{rel}","templated":true}]}}