{"id":144109,"date":"2026-01-16T16:37:10","date_gmt":"2026-01-16T16:37:10","guid":{"rendered":"https:\/\/www.europesays.com\/fi\/144109\/"},"modified":"2026-01-16T16:37:10","modified_gmt":"2026-01-16T16:37:10","slug":"muistatko-vahavarainen-satu-sai-salkullisen-rahaa-henry-miljonaarilta-rikkaat-ja-rahattomat","status":"publish","type":"post","link":"https:\/\/www.europesays.com\/fi\/144109\/","title":{"rendered":"Muistatko? V\u00e4h\u00e4varainen Satu sai salkullisen rahaa Henry-miljon\u00e4\u00e4rilt\u00e4 &#8211; Rikkaat ja rahattomat"},"content":{"rendered":"<p><a href=\"https:\/\/www.suomi24.fi\/viihde\/l\/paljonko-salkussa-oli-rahaa-satu-sai-taman-summan-henry-miljonaarilta-rikkaat-ja-rahattomat-2815-4.webp\" rel=\"nofollow noopener\" target=\"_blank\"><img decoding=\"async\" src=\"https:\/\/www.europesays.com\/fi\/wp-content\/uploads\/2026\/01\/paljonko-salkussa-oli-rahaa-satu-sai-taman-summan-henry-miljonaarilta-rikkaat-ja-rahattomat-2815-4.w.webp\" alt=\"Rikkaat ja rahattomat\" loading=\"lazy\"\/><\/a><\/p>\n<p>Satu J\u00e4rvinen kotitalonsa edess\u00e4 Helsingin Vuosaaressa Rikkaat ja rahattomat -ohjelmassa. Kuva: Nelonen<\/p>\n<p>Yksi ikimuistoisimmista Rikkaat ja rahattomat -realityn jaksoista on ollut, kun Helsingin Vuosaaressa kerrostalossa asuva <strong>Satu J\u00e4rvinen<\/strong> p\u00e4\u00e4si kokeilemaan asumista Vantaalla 1000-neli\u00f6isess\u00e4 omakotitalossa, <strong>Villa Grandessa<\/strong>. Satun vaihtopari ohjelmassa oli milj\u00f6n\u00e4\u00e4ri <strong>Henry Aflecht<\/strong>. Jakso tuli tv:st\u00e4 v. 2022 ja on katsottavissa ruutu.fiss\u00e4<\/p>\n<p>Ohjelman kuvausten aikoihin Satu oli keskell\u00e4 alanvaihtoa. Kokkina pitk\u00e4\u00e4n ty\u00f6skennellyt Satu teki t\u00f6it\u00e4 freelance-n\u00e4yttelij\u00e4n\u00e4, mutta korona oli vaikuttanut merkitt\u00e4v\u00e4sti h\u00e4nen ty\u00f6ntilanteeseensa.<\/p>\n<p>-Taloudellinen tilanteeni on suoraan sanottuna huono. Mulla menee 90 prosenttia rahoista el\u00e4miseen, siis vuokraan, s\u00e4hk\u00f6\u00f6n\u2026 Satu luetteli ohjelmassa.<\/p>\n<p><a href=\"https:\/\/www.suomi24.fi\/viihde\/l\/paljonko-salkussa-oli-rahaa-satu-sai-taman-summan-henry-miljonaarilta-rikkaat-ja-rahattomat-2815-2.webp\" rel=\"nofollow noopener\" target=\"_blank\"><img decoding=\"async\" src=\"https:\/\/www.europesays.com\/fi\/wp-content\/uploads\/2026\/01\/paljonko-salkussa-oli-rahaa-satu-sai-taman-summan-henry-miljonaarilta-rikkaat-ja-rahattomat-2815-2.w.webp\" alt=\"Rikkaat ja rahattomat\" loading=\"lazy\"\/><\/a><\/p>\n<p>Satu J\u00e4rvinen p\u00e4\u00e4si merelle nauttimaan vaihtaessaan rooleja miljon\u00e4\u00e4rin kanssa luksus-Rikkaat ja rahattomat -viikollaan. Kuva: Nelonen<\/p>\n<p>Satu esitteli ohjelmassa punaisella ale-tarralla varustettuja ruokia j\u00e4\u00e4kaapissa ja pakasteessa. H\u00e4n s\u00e4\u00e4sti mets\u00e4st\u00e4m\u00e4ll\u00e4 ruokakaupoista aletuotteita ja pystyi menem\u00e4\u00e4n s\u00e4\u00e4stelyill\u00e4 rahoilla mm. leffaan, teatteriin tai konserttiin.<\/p>\n<p>Satu ei ole uskoa silmi\u00e4\u00e4n, kun h\u00e4n p\u00e4\u00e4si asumaan luksuslukaaliin ja k\u00e4ytt\u00f6rahaakin oli tarjolla huimat 3250 euroa. Satu pistikin ranttaliksi ja nautti talon antimista, on poreallasta, kuntosalia, pelihuone ja hulppeat tilat. H\u00e4n kutsui yst\u00e4v\u00e4ns\u00e4 villaan, pisti bileet pystyyn y\u00f6kerhomaisessa kellaritilassa, nautti porealtaassa, s\u00f6i hyvin.<\/p>\n<p>Satu pystyi tekem\u00e4\u00e4n my\u00f6s t\u00e4rkeit\u00e4 hankintoja ja h\u00e4n osti mm. puhelimen ja polkupy\u00f6r\u00e4n.<\/p>\n<p><a href=\"https:\/\/www.suomi24.fi\/viihde\/l\/paljonko-salkussa-oli-rahaa-satu-sai-taman-summan-henry-miljonaarilta-rikkaat-ja-rahattomat-2815-3.webp\" rel=\"nofollow noopener\" target=\"_blank\"><img decoding=\"async\" src=\"https:\/\/www.europesays.com\/fi\/wp-content\/uploads\/2026\/01\/paljonko-salkussa-oli-rahaa-satu-sai-taman-summan-henry-miljonaarilta-rikkaat-ja-rahattomat-2815-3.w.webp\" alt=\"Rikkaat ja rahattomat\" loading=\"lazy\"\/><\/a><\/p>\n<p>Usein ulkona sy\u00f6m\u00e4ss\u00e4 k\u00e4yv\u00e4 Henry Aflecht nauttii rullakebabia It\u00e4-Helsingiss\u00e4. Kuva: Nelonen<\/p>\n<p>Kokemus ei kuitenkaan rajoittunut pelk\u00e4st\u00e4\u00e4n viikkoon. Henryll\u00e4 oli nimitt\u00e4in varattuna aikamoinen yll\u00e4tys, joka vaikutti Satun el\u00e4m\u00e4\u00e4n pitk\u00e4ll\u00e4 t\u00e4ht\u00e4imell\u00e4. H\u00e4n sai salaper\u00e4isen salkun ohjelmassa. Nelosen ohjelmatietojen mukaan salkku sis\u00e4lsi 30 000 euroa.<\/p>\n<p>Rikkaat ja rahattomat on Nelosen ohjelmistoa.<\/p>\n<p><a href=\"https:\/\/www.telsu.fi\/?ref=s24_article\" rel=\"noopener noreferrer nofollow\" target=\"_blank\">Katso tv-ohjelma-aikoja Telsu.fi<\/a><\/p>\n<p><\/p>\n","protected":false},"excerpt":{"rendered":"Satu J\u00e4rvinen kotitalonsa edess\u00e4 Helsingin Vuosaaressa Rikkaat ja rahattomat -ohjelmassa. Kuva: Nelonen Yksi ikimuistoisimmista Rikkaat ja rahattomat -realityn&hellip;\n","protected":false},"author":2,"featured_media":144110,"comment_status":"","ping_status":"","sticky":false,"template":"","format":"standard","meta":{"footnotes":""},"categories":[133],"tags":[137,33,31,30,32,206,156,109],"class_list":{"0":"post-144109","1":"post","2":"type-post","3":"status-publish","4":"format-standard","5":"has-post-thumbnail","7":"category-televisiot","8":"tag-entertainment","9":"tag-fi","10":"tag-finland","11":"tag-finnish","12":"tag-suomi","13":"tag-televisiot","14":"tag-tv","15":"tag-viihde"},"share_on_mastodon":{"url":"https:\/\/pubeurope.com\/@fi\/115905760003978310","error":""},"_links":{"self":[{"href":"https:\/\/www.europesays.com\/fi\/wp-json\/wp\/v2\/posts\/144109","targetHints":{"allow":["GET"]}}],"collection":[{"href":"https:\/\/www.europesays.com\/fi\/wp-json\/wp\/v2\/posts"}],"about":[{"href":"https:\/\/www.europesays.com\/fi\/wp-json\/wp\/v2\/types\/post"}],"author":[{"embeddable":true,"href":"https:\/\/www.europesays.com\/fi\/wp-json\/wp\/v2\/users\/2"}],"replies":[{"embeddable":true,"href":"https:\/\/www.europesays.com\/fi\/wp-json\/wp\/v2\/comments?post=144109"}],"version-history":[{"count":0,"href":"https:\/\/www.europesays.com\/fi\/wp-json\/wp\/v2\/posts\/144109\/revisions"}],"wp:featuredmedia":[{"embeddable":true,"href":"https:\/\/www.europesays.com\/fi\/wp-json\/wp\/v2\/media\/144110"}],"wp:attachment":[{"href":"https:\/\/www.europesays.com\/fi\/wp-json\/wp\/v2\/media?parent=144109"}],"wp:term":[{"taxonomy":"category","embeddable":true,"href":"https:\/\/www.europesays.com\/fi\/wp-json\/wp\/v2\/categories?post=144109"},{"taxonomy":"post_tag","embeddable":true,"href":"https:\/\/www.europesays.com\/fi\/wp-json\/wp\/v2\/tags?post=144109"}],"curies":[{"name":"wp","href":"https:\/\/api.w.org\/{rel}","templated":true}]}}