{"id":144119,"date":"2026-01-16T16:46:07","date_gmt":"2026-01-16T16:46:07","guid":{"rendered":"https:\/\/www.europesays.com\/fi\/144119\/"},"modified":"2026-01-16T16:46:07","modified_gmt":"2026-01-16T16:46:07","slug":"isw-gerasimovilta-hurjia-vaitteita-tasta-syysta-kreml-valehtelee","status":"publish","type":"post","link":"https:\/\/www.europesays.com\/fi\/144119\/","title":{"rendered":"ISW: Gerasimovilta hurjia v\u00e4itteit\u00e4 \u2013 t\u00e4st\u00e4 syyst\u00e4 Kreml valehtelee"},"content":{"rendered":"<p>Gerasimovin v\u00e4itteiden mukaan Ven\u00e4j\u00e4 olisi muun muassa vallannut kahdessa viikossa Helsinki\u00e4 suuremman alueen.<\/p>\n<p class=\"article-body mb-nof-24 px-nof-16\">Ven\u00e4j\u00e4n asevoimien yleisesikunnan p\u00e4\u00e4llik\u00f6n <a class=\"font-bold underline-offset-[0.12em] [text-decoration:var(--person-link-text-decoration)] ![text-decoration-color:var(--person-link-text-decoration-color)]\" href=\"https:\/\/www.is.fi\/haku\/?query=Valeri%20Gerasimovin\" rel=\"nofollow noopener\" target=\"_blank\">Valeri Gerasimovin<\/a> mukaan Ven\u00e4j\u00e4n joukot valtasivat tammikuun ensimm\u00e4isen puoliskon aikana yli 300 neli\u00f6kilometri\u00e4 maa-alueita Ukrainassa. Gerasimov puhui asiasta Reutersin mukaan torstaina.<\/p>\n<p class=\"article-body mb-nof-24 px-nof-16\">Valtion uutistoimiston <a class=\"underline underline-offset-[0.12em] [text-decoration-thickness:var(--generic-link-underline-thickness)] [text-decoration-color:var(--generic-link-underline-color)] [text-decoration-skip-ink:var(--generic-link-underline-skip-ink)] break-words\" href=\"https:\/\/t.me\/s\/tass_agency\" rel=\"nofollow\">Tassin<\/a> mukaan Gerasimov vieraili torstaina Dnipropetrovskin suunnalla ja kuuli komentajien raportteja tilanteesta.<\/p>\n<p class=\"article-body mb-nof-24 px-nof-16\">Gerasimovin lausunnon pit\u00e4ess\u00e4 paikkaansa Ven\u00e4j\u00e4 olisi vallannut vain kahdessa viikossa Helsingin pinta-alaa (noin 214 neli\u00f6kilometri\u00e4) reilusti suuremman alueen. H\u00e4nen ilmoittamaansa lukemaa ei ole voitu vahvistaa itsen\u00e4isist\u00e4 l\u00e4hteist\u00e4.<\/p>\n<p class=\"article-body mb-nof-24 px-nof-16\">Institute for the Study of War -ajatushautomo kyseenalaistaa Gerasimovin v\u00e4itteen.<\/p>\n<p class=\"article-body mb-nof-24 px-nof-16\">\u2013\u2009ISW on n\u00e4hnyt todisteita, jotka viittaavat Ven\u00e4j\u00e4n joukkojen lis\u00e4\u00e4ntyneeseen l\u00e4sn\u00e4oloon (joko soluttautumisoperaatioilla tai hy\u00f6kk\u00e4yksill\u00e4) vain 73,82 neli\u00f6kilometrin alueella joulukuun 31. p\u00e4iv\u00e4n ja tammikuun 13. p\u00e4iv\u00e4n v\u00e4lisen\u00e4 aikana, ISW kirjoittaa.<\/p>\n<p class=\"article-body mb-nof-24 px-nof-16\">Gerasimov v\u00e4itt\u00e4\u00e4 siten Ven\u00e4j\u00e4n vallanneen noin nelj\u00e4 kertaa suuremman alueen ajatushautomon arvioon n\u00e4hden.<\/p>\n<p class=\"article-body mb-nof-24 px-nof-16\">Todisteena Ven\u00e4j\u00e4n menestyksest\u00e4 Gerasimov ylisti kahden kyl\u00e4n valtaamista. ISW:n mukaan kyse on pienist\u00e4 rajaseudun maalaiskylist\u00e4 pohjoisilla Sumyn ja Harkovan alueilla.<\/p>\n<p><img decoding=\"async\" src=\"https:\/\/www.europesays.com\/fi\/wp-content\/uploads\/2026\/01\/1768581967_208_468.jpg\" alt=\"My\u00f6s ven\u00e4l\u00e4iset sotabloggaajat ovat syytt\u00e4neet Gerasimovia rintamatilanteen v\u00e4\u00e4ristelyst\u00e4.\" class=\"_Img_1rerz_1\" style=\"aspect-ratio:1.4814814814814814\" loading=\"eager\"\/><\/p>\n<p class=\"article-picture-caption\">My\u00f6s ven\u00e4l\u00e4iset sotabloggaajat ovat syytt\u00e4neet Gerasimovia rintamatilanteen v\u00e4\u00e4ristelyst\u00e4. Kuva:\u00a0Mihail Metzel \/ Sputnik \/ Reuters<\/p>\n<p class=\"article-body mb-nof-24 px-nof-16\">Lis\u00e4ksi Gerasimov sanoi Ven\u00e4j\u00e4n joukkojen laajentavan puskurivy\u00f6hykett\u00e4 alueiden ja Ven\u00e4j\u00e4n v\u00e4lisell\u00e4 rajalla.<\/p>\n<p class=\"article-body mb-nof-24 px-nof-16\">\u2013\u2009Etulinja n\u00e4ill\u00e4 alueilla on ollut vuosia pitk\u00e4lti uinuva. Ven\u00e4j\u00e4n \u00e4skett\u00e4isill\u00e4, rajatuilla hy\u00f6kk\u00e4yksill\u00e4 rajan yli n\u00e4ihin pikkukyliin ei todenn\u00e4k\u00f6isesti tule olemaan informationaalisia vaikutuksia. Kreml yritt\u00e4\u00e4 esitt\u00e4\u00e4 n\u00e4m\u00e4 pienet hy\u00f6kk\u00e4ykset uuden rintamasuunnan avaamisena ja todisteena Ukrainan puolustuksen romahtamisella kautta rintamalinjan.<\/p>\n<p class=\"article-body mb-nof-24 px-nof-16\">ISW:n mukaan viitteit\u00e4 ei ole kuitenkaan siit\u00e4, ett\u00e4 Ven\u00e4j\u00e4n joukot olisivat k\u00e4ynnist\u00e4m\u00e4ss\u00e4 laajamittaista maahy\u00f6kk\u00e4yst\u00e4 Harkovan ja Sumyn alueilla.<\/p>\n<p class=\"article-body mb-nof-24 px-nof-16\">Gerasimov esitti joukkoja tavatessaan j\u00e4lleen v\u00e4itteit\u00e4 my\u00f6s Harkovan alueella sijaitsevan Kupjanskin kaupungin tilanteesta. Ukrainalaiset onnistuivat viime vuoden puolella ty\u00f6nt\u00e4m\u00e4\u00e4n ven\u00e4l\u00e4iset ulos kaupungista.<\/p>\n<p class=\"article-body mb-nof-24 px-nof-16\">Gerasimovin mukaan ven\u00e4l\u00e4isjoukot \u201deliminoivat\u201d parhaillaan Ukrainan joukkoja Kupjanskin suunnalla Oskil-joen it\u00e4rannalla. H\u00e4n v\u00e4itti my\u00f6s, ett\u00e4 joukot k\u00e4yv\u00e4t katutaisteluita etel\u00e4mp\u00e4n\u00e4 joen varrella sijaitsevassa Kupjansk-Vuzlovyissa ja \u201dviimeistelev\u00e4t asutuskeskuksen vapauttamista\u201d.<\/p>\n<p class=\"article-body mb-nof-24 px-nof-16\">Gerasimovin v\u00e4itteet Kupjanskin Kupjansk-Vuzlovyista ovat jyrk\u00e4ss\u00e4 ristiriidassa tilannetta avoimiin l\u00e4hteisiin perustuen seuraavien karttojen kanssa. Niiden perusteella ven\u00e4l\u00e4iset eiv\u00e4t ole l\u00e4sn\u00e4 asutuskeskuksen l\u00e4heisyydess\u00e4.<\/p>\n<p class=\"article-body mb-nof-24 px-nof-16\">\u2013Runsaista visuaalisista todisteista sek\u00e4 vastakkaisista ukrainalaisista ja ven\u00e4l\u00e4isist\u00e4 raporteista huolimatta Ven\u00e4j\u00e4n sotilasjohto on edelleen sitoutunut valheellisiin v\u00e4itteisiins\u00e4 siit\u00e4, ett\u00e4 Ven\u00e4j\u00e4n joukot olisivat vallanneet Kupjanskin, ISW sanoo.<\/p>\n<p class=\"article-body mb-nof-24 px-nof-16\">Ajatushautomon mukaan my\u00f6s monet ven\u00e4l\u00e4iset sotabloggaajat ovat nostaneet esille ven\u00e4l\u00e4isten sotilaskomentajien Kupjanskia koskevien v\u00e4itteiden valheellisuuden.<\/p>\n<p class=\"article-body mb-nof-24 px-nof-16\">ISW kertoi <a class=\"underline underline-offset-[0.12em] [text-decoration-thickness:var(--generic-link-underline-thickness)] [text-decoration-color:var(--generic-link-underline-color)] [text-decoration-skip-ink:var(--generic-link-underline-skip-ink)] break-words\" href=\"https:\/\/understandingwar.org\/research\/russia-ukraine\/russian-offensive-campaign-assessment-december-31-2025\/\" rel=\"nofollow noopener\" target=\"_blank\">vuodenvaihteessa<\/a>, ett\u00e4 sen laskujen mukaan ven\u00e4l\u00e4iset saivat vallattua viime vuonna karkeasti arvioituna 4\u202f831 neli\u00f6kilometri\u00e4 maata. Lis\u00e4ksi ISW arvioi ven\u00e4l\u00e4isten vallanneen takaisin 473 neli\u00f6kilometri\u00e4 Ukrainan aiemmin valtaamaa maata Kurskin alueella.<\/p>\n<p class=\"article-body mb-nof-24 px-nof-16\">ISW k\u00e4sittelee Ven\u00e4j\u00e4n etenemist\u00e4 my\u00f6s tuoreimmassa <a class=\"underline underline-offset-[0.12em] [text-decoration-thickness:var(--generic-link-underline-thickness)] [text-decoration-color:var(--generic-link-underline-color)] [text-decoration-skip-ink:var(--generic-link-underline-skip-ink)] break-words\" href=\"https:\/\/understandingwar.org\/research\/russia-ukraine\/russian-offensive-campaign-assessment-january-14-2026\/\" rel=\"nofollow noopener\" target=\"_blank\">katsauksessaan<\/a>. Ajatushautomon mukaan Ven\u00e4j\u00e4n eteneminen Ukrainassa hidastui joulukuun lopulla ja tammikuun alussa.<\/p>\n<p class=\"article-body mb-nof-24 px-nof-16\">Todenn\u00e4k\u00f6isen\u00e4 syyn\u00e4 hidastumiseen ISW pit\u00e4\u00e4 s\u00e4\u00e4olosuhteiden muuttumista v\u00e4hemm\u00e4n suotuisiksi. Lis\u00e4ksi vuodenvaihteessa umpeutuivat sotilaskomentajien asettamat aikarajat tavoitteille, mik\u00e4 saattaa olla vaikuttanut tahdin hiipumiseen vuoden vaihduttua.<\/p>\n<p><img decoding=\"async\" src=\"https:\/\/www.europesays.com\/fi\/wp-content\/uploads\/2026\/01\/1768581967_381_468.jpg\" alt=\"Ukrainan presidentti Volodymyr Zelenskyi vieraili Kupjanskissa joulukuun alkupuolella. Viel\u00e4 t\u00e4m\u00e4nkin j\u00e4lkeen Kremlin edustajat ovat v\u00e4itt\u00e4neet, ett\u00e4 Kupjansk olisi ven\u00e4l\u00e4isten hallussa.\" class=\"_Img_1rerz_1\" style=\"aspect-ratio:1.5011727912431587\" loading=\"eager\"\/><\/p>\n<p class=\"article-picture-caption\">Ukrainan presidentti Volodymyr Zelenskyi vieraili Kupjanskissa joulukuun alkupuolella. Viel\u00e4 t\u00e4m\u00e4nkin j\u00e4lkeen Kremlin edustajat ovat v\u00e4itt\u00e4neet, ett\u00e4 Kupjansk olisi ven\u00e4l\u00e4isten hallussa. Kuva:\u00a0UKRAINIAN PRESIDENTIAL PRESS SERVICE<\/p>\n<p class=\"article-body mb-nof-24 px-nof-16\">ISW:n mukaan Gerasimov pyrkii edist\u00e4m\u00e4\u00e4n Kremlin valheellista narratiivia siit\u00e4, ett\u00e4 Ven\u00e4j\u00e4n voitto sodassa on v\u00e4ist\u00e4m\u00e4t\u00f6n. My\u00f6s useat muut Kremlin edustajat Ven\u00e4j\u00e4n presidentti\u00e4 <a class=\"font-bold underline-offset-[0.12em] [text-decoration:var(--person-link-text-decoration)] ![text-decoration-color:var(--person-link-text-decoration-color)]\" href=\"https:\/\/www.is.fi\/haku\/?query=Vladimir%20Putinia\" rel=\"nofollow noopener\" target=\"_blank\">Vladimir Putinia<\/a> my\u00f6ten ovat valehdelleet rintamatilanteesta.<\/p>\n<p class=\"article-body mb-nof-24 px-nof-16\">\u2013\u2009Gerasimovin tammikuun 15. p\u00e4iv\u00e4n v\u00e4itteet ovat osa toteen n\u00e4ytetty\u00e4 Kremlin kaavaa, jossa valheellista informaatiota rintamalta esitet\u00e4\u00e4n julkisuudessa. N\u00e4iden Kremlin pyrkimysten tavoitteena on levitt\u00e4\u00e4 valheellista narratiivia siit\u00e4, ett\u00e4 Ven\u00e4j\u00e4n voitto Ukrainassa on v\u00e4ist\u00e4m\u00e4t\u00f6n.<\/p>\n<p class=\"article-body mb-nof-24 px-nof-16\">ISW:n mukaan Ven\u00e4j\u00e4n hallinnon tavoitteena on my\u00f6s vakuuttaa Ukraina ja sen l\u00e4ntiset tukijat siit\u00e4, ett\u00e4 Ukrainan tulisi my\u00f6nty\u00e4 Ven\u00e4j\u00e4n vaatimuksiin sen uusien hy\u00f6kk\u00e4ysten uhan alla.<\/p>\n","protected":false},"excerpt":{"rendered":"Gerasimovin v\u00e4itteiden mukaan Ven\u00e4j\u00e4 olisi muun muassa vallannut kahdessa viikossa Helsinki\u00e4 suuremman alueen. Ven\u00e4j\u00e4n asevoimien yleisesikunnan p\u00e4\u00e4llik\u00f6n Valeri&hellip;\n","protected":false},"author":2,"featured_media":144120,"comment_status":"","ping_status":"","sticky":false,"template":"","format":"standard","meta":{"footnotes":""},"categories":[14],"tags":[22,23,26,27,33,31,30,17,34,24,25,28,29,15,18,21,32,19,20,56,16,59,60,61],"class_list":{"0":"post-144119","1":"post","2":"type-post","3":"status-publish","4":"format-standard","5":"has-post-thumbnail","7":"category-ulkomaat","8":"tag-breaking-news","9":"tag-breakingnews","10":"tag-featured-news","11":"tag-featurednews","12":"tag-fi","13":"tag-finland","14":"tag-finnish","15":"tag-headlines","16":"tag-ilta-sanomat","17":"tag-latest-news","18":"tag-latestnews","19":"tag-main-news","20":"tag-mainnews","21":"tag-news","22":"tag-otsikot","23":"tag-paauutiset","24":"tag-suomi","25":"tag-top-stories","26":"tag-topstories","27":"tag-ulkomaat","28":"tag-uutiset","29":"tag-world","30":"tag-world-news","31":"tag-worldnews"},"share_on_mastodon":{"url":"https:\/\/pubeurope.com\/@fi\/115905795486117553","error":""},"_links":{"self":[{"href":"https:\/\/www.europesays.com\/fi\/wp-json\/wp\/v2\/posts\/144119","targetHints":{"allow":["GET"]}}],"collection":[{"href":"https:\/\/www.europesays.com\/fi\/wp-json\/wp\/v2\/posts"}],"about":[{"href":"https:\/\/www.europesays.com\/fi\/wp-json\/wp\/v2\/types\/post"}],"author":[{"embeddable":true,"href":"https:\/\/www.europesays.com\/fi\/wp-json\/wp\/v2\/users\/2"}],"replies":[{"embeddable":true,"href":"https:\/\/www.europesays.com\/fi\/wp-json\/wp\/v2\/comments?post=144119"}],"version-history":[{"count":0,"href":"https:\/\/www.europesays.com\/fi\/wp-json\/wp\/v2\/posts\/144119\/revisions"}],"wp:featuredmedia":[{"embeddable":true,"href":"https:\/\/www.europesays.com\/fi\/wp-json\/wp\/v2\/media\/144120"}],"wp:attachment":[{"href":"https:\/\/www.europesays.com\/fi\/wp-json\/wp\/v2\/media?parent=144119"}],"wp:term":[{"taxonomy":"category","embeddable":true,"href":"https:\/\/www.europesays.com\/fi\/wp-json\/wp\/v2\/categories?post=144119"},{"taxonomy":"post_tag","embeddable":true,"href":"https:\/\/www.europesays.com\/fi\/wp-json\/wp\/v2\/tags?post=144119"}],"curies":[{"name":"wp","href":"https:\/\/api.w.org\/{rel}","templated":true}]}}