{"id":144122,"date":"2026-01-16T16:48:08","date_gmt":"2026-01-16T16:48:08","guid":{"rendered":"https:\/\/www.europesays.com\/fi\/144122\/"},"modified":"2026-01-16T16:48:08","modified_gmt":"2026-01-16T16:48:08","slug":"trump-voin-maarata-tullit-maille-jotka-eivat-tue-gronlanti-suunnitelmiani-uutisia-lyhyesti","status":"publish","type":"post","link":"https:\/\/www.europesays.com\/fi\/144122\/","title":{"rendered":"Trump: Voin m\u00e4\u00e4r\u00e4t\u00e4 tullit maille, jotka eiv\u00e4t tue Gr\u00f6nlanti-suunnitelmiani | Uutisia lyhyesti"},"content":{"rendered":"<p class=\"aw-1gybjub aw-5vja16 kEtdKx kmuxyA yle__article__paragraph\"> Tanskalle kuuluva Gr\u00f6nlannin itsehallintoalue kuuluu Natoon.<\/p>\n<p><img decoding=\"async\" alt=\"Trump puhuu mikkiin ja viittil\u00f6i k\u00e4dell\u00e4\u00e4n.\" src=\"https:\/\/www.europesays.com\/fi\/wp-content\/uploads\/2026\/01\/39-1582972696a62201b40b.jpeg\" class=\"aw-1l9m598 hKVVvP\"\/><\/p>\n<p>Avaa kuvien katselu<\/p>\n<p>Trump puhui t\u00e4n\u00e4\u00e4n perjantaina Valkoisessa talossa. Kuva: Brendan Smialowski \/ AFP<\/p>\n<p>17:43\u2022P\u00e4ivitetty 18:10<\/p>\n<p class=\"aw-1gybjub aw-1p7kakr kEtdKx cEmitX yle__article__paragraph\">Yhdysvaltain presidentti <strong class=\"aw-ak79eh KyCXm yle__article__strong\">Donald Trump<\/strong> sanoo voivansa m\u00e4\u00e4r\u00e4t\u00e4 tuontitullit maille, jotka eiv\u00e4t tue h\u00e4nen Gr\u00f6nlanti-suunnitelmiaan.<\/p>\n<p class=\"aw-1gybjub aw-1p7kakr kEtdKx cEmitX yle__article__paragraph\">Trump on toistuvasti ilmoittanut haluavansa liitt\u00e4\u00e4 Gr\u00f6nlannin Yhdysvaltoihin.<\/p>\n<p class=\"aw-1gybjub aw-1p7kakr kEtdKx cEmitX yle__article__paragraph\">\u2013 Voin asettaa tullin maille, jos ne eiv\u00e4t l\u00e4hde mukaan Gr\u00f6nlantiin. Tarvitsemme Gr\u00f6nlantia kansallisen turvallisuuden vuoksi, Trump sanoi Valkoisessa talossa.<\/p>\n<p class=\"aw-1gybjub aw-1p7kakr kEtdKx cEmitX yle__article__paragraph\">Trumpin hallinnosta on kerrottu, ett\u00e4 Yhdysvallat ei suunnittele Gr\u00f6nlannin sotilaallista valloitusta. Se olisi erikoista, sill\u00e4 Tanskalle kuuluva Gr\u00f6nlanti kuuluu Natoon.<\/p>\n<p class=\"aw-1gybjub aw-1p7kakr kEtdKx cEmitX yle__article__paragraph\">Yhdysvalloilla ja Tanskalla on ollut vuosikymmeni\u00e4 sopimus, jossa Yhdysvallat lupaa puolustaa Gr\u00f6nlantia Naton osana.<\/p>\n<p class=\"aw-1gybjub aw-1p7kakr kEtdKx cEmitX yle__article__paragraph\">Trump ei ole aiemmin maininnut tullien k\u00e4ytt\u00f6\u00e4 painostuskeinona.<\/p>\n<p class=\"aw-1gybjub aw-1p7kakr kEtdKx cEmitX yle__article__paragraph\">Tanskassa t\u00e4n\u00e4\u00e4n perjantaina vierailleet senaattorit esiintyiv\u00e4t Trumpia sopuisampia. Esimerkiksi republikaanisenaattori <strong class=\"aw-ak79eh KyCXm yle__article__strong\">Lisa Murkowski<\/strong> sanoi, ett\u00e4 Gr\u00f6nlanti tulee n\u00e4hd\u00e4 liittolaisena eik\u00e4 varallisuutena.<\/p>\n<p class=\"aw-1gybjub aw-1p7kakr kEtdKx cEmitX yle__article__paragraph\">P\u00e4ivit\u00e4mme uutista.<\/p>\n<p class=\"aw-1gybjub aw-1p7kakr kEtdKx cEmitX yle__article__paragraph\">L\u00e4hteet: AFP, Reuters, AP<\/p>\n","protected":false},"excerpt":{"rendered":"Tanskalle kuuluva Gr\u00f6nlannin itsehallintoalue kuuluu Natoon. Avaa kuvien katselu Trump puhui t\u00e4n\u00e4\u00e4n perjantaina Valkoisessa talossa. Kuva: Brendan Smialowski&hellip;\n","protected":false},"author":2,"featured_media":144123,"comment_status":"","ping_status":"","sticky":false,"template":"","format":"standard","meta":{"footnotes":""},"categories":[5],"tags":[22,23,585,26,27,33,31,30,4538,17,70,24,25,28,29,15,18,21,32,19,20,56,16],"class_list":{"0":"post-144122","1":"post","2":"type-post","3":"status-publish","4":"format-standard","5":"has-post-thumbnail","7":"category-otsikot","8":"tag-breaking-news","9":"tag-breakingnews","10":"tag-donald-trump","11":"tag-featured-news","12":"tag-featurednews","13":"tag-fi","14":"tag-finland","15":"tag-finnish","16":"tag-gronlanti","17":"tag-headlines","18":"tag-kansainvalinen-politiikka","19":"tag-latest-news","20":"tag-latestnews","21":"tag-main-news","22":"tag-mainnews","23":"tag-news","24":"tag-otsikot","25":"tag-paauutiset","26":"tag-suomi","27":"tag-top-stories","28":"tag-topstories","29":"tag-ulkomaat","30":"tag-uutiset"},"share_on_mastodon":{"url":"https:\/\/pubeurope.com\/@fi\/115905803319865124","error":""},"_links":{"self":[{"href":"https:\/\/www.europesays.com\/fi\/wp-json\/wp\/v2\/posts\/144122","targetHints":{"allow":["GET"]}}],"collection":[{"href":"https:\/\/www.europesays.com\/fi\/wp-json\/wp\/v2\/posts"}],"about":[{"href":"https:\/\/www.europesays.com\/fi\/wp-json\/wp\/v2\/types\/post"}],"author":[{"embeddable":true,"href":"https:\/\/www.europesays.com\/fi\/wp-json\/wp\/v2\/users\/2"}],"replies":[{"embeddable":true,"href":"https:\/\/www.europesays.com\/fi\/wp-json\/wp\/v2\/comments?post=144122"}],"version-history":[{"count":0,"href":"https:\/\/www.europesays.com\/fi\/wp-json\/wp\/v2\/posts\/144122\/revisions"}],"wp:featuredmedia":[{"embeddable":true,"href":"https:\/\/www.europesays.com\/fi\/wp-json\/wp\/v2\/media\/144123"}],"wp:attachment":[{"href":"https:\/\/www.europesays.com\/fi\/wp-json\/wp\/v2\/media?parent=144122"}],"wp:term":[{"taxonomy":"category","embeddable":true,"href":"https:\/\/www.europesays.com\/fi\/wp-json\/wp\/v2\/categories?post=144122"},{"taxonomy":"post_tag","embeddable":true,"href":"https:\/\/www.europesays.com\/fi\/wp-json\/wp\/v2\/tags?post=144122"}],"curies":[{"name":"wp","href":"https:\/\/api.w.org\/{rel}","templated":true}]}}