{"id":144143,"date":"2026-01-16T17:12:08","date_gmt":"2026-01-16T17:12:08","guid":{"rendered":"https:\/\/www.europesays.com\/fi\/144143\/"},"modified":"2026-01-16T17:12:08","modified_gmt":"2026-01-16T17:12:08","slug":"asiantuntija-han-on-todennakoisin-ehdokas-euroopan-ukraina-neuvottelijaksi","status":"publish","type":"post","link":"https:\/\/www.europesays.com\/fi\/144143\/","title":{"rendered":"Asiantuntija: H\u00e4n on todenn\u00e4k\u00f6isin ehdokas Euroopan Ukraina-neuvottelijaksi"},"content":{"rendered":"<p>Asiantuntijan mukaan EU:n yhteiselle Ukraina-neuvottelijalle on palava tarve.<\/p>\n<p>Rinna Kullaa kommentoi asiaa Ilta-Sanomien Ukraina-studiossa. <\/p>\n<p>Lue tiivistelm\u00e4<\/p>\n<p class=\"article-body mb-nof-24 px-nof-16 sndp-summary-bullet-point-font\">Euroopan unioni etsii mediatietojen mukaan kiireellisesti yhteist\u00e4 neuvottelijaa Ukrainan rauhanneuvotteluihin.<\/p>\n<p class=\"article-body mb-nof-24 px-nof-16 sndp-summary-bullet-point-font\">Euroopan maat pelk\u00e4\u00e4v\u00e4t Yhdysvaltojen ja Ven\u00e4j\u00e4n sopivan Ukrainasta maiden ylitse.<\/p>\n<p class=\"article-body mb-nof-24 px-nof-16 sndp-summary-bullet-point-font\">Politicon l\u00e4hteiden mukaan mahdollisia ehdokkaita EU:n Ukraina-neuvottelijaksi ovat muun muassa tasavallan presidentti Alexander Stubb ja Italian entinen p\u00e4\u00e4ministeri Mario Draghi.<\/p>\n<p class=\"article-body mb-nof-24 px-nof-16 sndp-summary-bullet-point-font\">Tampereen yliopiston globaalihistorian professorin Rinna Kullaan mukaan Ranskan presidentti Emmanuel Macron on mahdollisesti todenn\u00e4k\u00f6isin ehdokas teht\u00e4v\u00e4\u00e4n.<\/p>\n<p class=\"article-body mb-nof-24 px-nof-16\">Euroopan Unionin tulisi l\u00f6yt\u00e4\u00e4 yhteinen neuvottelija Ukrainan rauhanneuvotteluihin, ja mahdollisimman pian, toteaa Tampereen yliopiston globaalihistorian apulaisprofessori ja Kiovan yliopiston vieraileva professori <a class=\"font-bold underline-offset-[0.12em] [text-decoration:var(--person-link-text-decoration)] ![text-decoration-color:var(--person-link-text-decoration-color)]\" href=\"https:\/\/www.is.fi\/haku\/?query=Rinna%20Kullaa\" rel=\"nofollow noopener\" target=\"_blank\">Rinna Kullaa<\/a>.<\/p>\n<p class=\"article-body mb-nof-24 px-nof-16\">\u2013 On palava tarve t\u00e4llaiselle henkil\u00f6lle, ja asialla on jo nyt kiire. <\/p>\n<p class=\"article-body mb-nof-24 px-nof-16\">Euroopan maat ovat kuumeisesti pyrkineet nime\u00e4m\u00e4\u00e4n oman neuvottelijan, joka edustaisi Euroopan unionin intressej\u00e4 Ukrainan rauhanneuvotteluissa. Maiden kiireen taustalla vaikuttaa pelko siit\u00e4, ett\u00e4 Yhdysvallat ja Ven\u00e4j\u00e4 sopisivat Ukrainasta Euroopan ohi, <a class=\"underline underline-offset-[0.12em] [text-decoration-thickness:var(--generic-link-underline-thickness)] [text-decoration-color:var(--generic-link-underline-color)] [text-decoration-skip-ink:var(--generic-link-underline-skip-ink)] break-words\" href=\"https:\/\/www.politico.eu\/article\/eu-vladimir-putin-ukraine-us-deal-plan-nato-jobs\/\" rel=\"nofollow noopener\" target=\"_blank\">Politico<\/a> uutisoi.<\/p>\n<p class=\"article-body mb-nof-24 px-nof-16\">Kullaan mukaan suurin ongelma on ollut uskottavan ja oikean l\u00e4hestymistavan omaavan henkil\u00f6n l\u00f6yt\u00e4minen.<\/p>\n<p class=\"article-body mb-nof-24 px-nof-16\">Ketk\u00e4 ovat t\u00e4ll\u00e4 hetkell\u00e4 mahdollisia ehdokkaita EU:n Ukraina-neuvottelijan teht\u00e4v\u00e4\u00e4n?<\/p>\n<p class=\"article-body mb-nof-24 px-nof-16\">Politicon l\u00e4hteiden mukaan tasavallan presidentti <a class=\"font-bold underline-offset-[0.12em] [text-decoration:var(--person-link-text-decoration)] ![text-decoration-color:var(--person-link-text-decoration-color)]\" href=\"https:\/\/www.is.fi\/haku\/?query=Alexander%20Stubb\" rel=\"nofollow noopener\" target=\"_blank\">Alexander Stubb<\/a> olisi yksi mahdollinen ehdokas teht\u00e4v\u00e4\u00e4n.<\/p>\n<p class=\"article-body mb-nof-24 px-nof-16\">Stubb on tullut julkisuudessa tunnetuksi hyvist\u00e4 suhteistaan Yhdysvaltain presidenttiin <a class=\"font-bold underline-offset-[0.12em] [text-decoration:var(--person-link-text-decoration)] ![text-decoration-color:var(--person-link-text-decoration-color)]\" href=\"https:\/\/www.is.fi\/haku\/?query=Donald%20Trumpiin\" rel=\"nofollow noopener\" target=\"_blank\">Donald Trumpiin<\/a>. Amerikkalaislehti korosti my\u00f6s Suomen ja Ven\u00e4j\u00e4n v\u00e4lisen rajan merkityst\u00e4 Stubbin mahdollisessa valinnassa.<\/p>\n<p><img decoding=\"async\" src=\"https:\/\/www.europesays.com\/fi\/wp-content\/uploads\/2026\/01\/1768583527_590_468.jpg\" alt=\"Tasavallan presidentti Alexander Stubb on tullut tunnetuksi hyvist\u00e4 suhteistaan Trumpiin. Ranskan presidentti Emmanuel Macron (oik.) on puolestaan ollut yksi Ukrainaa tukevan halukkaiden koalition johtohahmoista.\" class=\"_Img_1rerz_1\" style=\"aspect-ratio:1.5\" loading=\"eager\"\/><\/p>\n<p class=\"article-picture-caption\">Tasavallan presidentti Alexander Stubb on tullut tunnetuksi hyvist\u00e4 suhteistaan Trumpiin. Ranskan presidentti Emmanuel Macron (oik.) on puolestaan ollut yksi Ukrainaa tukevan halukkaiden koalition johtohahmoista. Kuva:\u00a0Antti H\u00e4m\u00e4l\u00e4inen\/IS<\/p>\n<p class=\"article-body mb-nof-24 px-nof-16\">My\u00f6s EU:n ulko- ja turvallisuuspolitiikan korkeaa edustajaa <a class=\"font-bold underline-offset-[0.12em] [text-decoration:var(--person-link-text-decoration)] ![text-decoration-color:var(--person-link-text-decoration-color)]\" href=\"https:\/\/www.is.fi\/haku\/?query=Kaja%20Kallasta\" rel=\"nofollow noopener\" target=\"_blank\">Kaja Kallasta<\/a> ja Italian entist\u00e4 p\u00e4\u00e4ministeri\u00e4 <a class=\"font-bold underline-offset-[0.12em] [text-decoration:var(--person-link-text-decoration)] ![text-decoration-color:var(--person-link-text-decoration-color)]\" href=\"https:\/\/www.is.fi\/haku\/?query=Mario%20Draghia\" rel=\"nofollow noopener\" target=\"_blank\">Mario Draghia<\/a> maalaillaan Politicon jutussa mahdollisiksi ehdokkaiksi neuvottelijan teht\u00e4v\u00e4\u00e4n.<\/p>\n<p class=\"article-body mb-nof-24 px-nof-16\">\u2013 Itse ajattelen, ett\u00e4 Mario Draghi olisi ehk\u00e4 t\u00e4h\u00e4n (teht\u00e4v\u00e4\u00e4n) sopiva. Sen takia, koska h\u00e4n on ollut p\u00e4\u00e4ministeri. Varmasti siin\u00e4 pit\u00e4isi olla p\u00e4\u00e4ministerin\u00e4 toiminut henkil\u00f6. Sen lis\u00e4ksi h\u00e4n on ollut my\u00f6s finanssimies, Kullaa arvioi.<\/p>\n<p><img decoding=\"async\" src=\"https:\/\/www.europesays.com\/fi\/wp-content\/uploads\/2026\/01\/1768583528_25_468.jpg\" alt=\"Euroopan unionin ulko- ja turvallisuuspolitiikan korkea edustaja Kaja Kallas.\" class=\"_Img_1rerz_1\" style=\"aspect-ratio:1.5\" loading=\"eager\"\/><\/p>\n<p class=\"article-picture-caption\">Euroopan unionin ulko- ja turvallisuuspolitiikan korkea edustaja Kaja Kallas. Kuva:\u00a0Amel Emric \/ Reuters<\/p>\n<p><img decoding=\"async\" src=\"https:\/\/www.europesays.com\/fi\/wp-content\/uploads\/2026\/01\/1768583528_422_468.jpg\" alt=\"Italialainen ekonomisti Mario Draghi on aiemmin toiminut Italian p\u00e4\u00e4ministerin\u00e4 sek\u00e4 Euroopan keskuspankin p\u00e4\u00e4johtajana.\" class=\"_Img_1rerz_1\" style=\"aspect-ratio:0.8\" loading=\"eager\"\/><\/p>\n<p class=\"article-picture-caption\">Italialainen ekonomisti Mario Draghi on aiemmin toiminut Italian p\u00e4\u00e4ministerin\u00e4 sek\u00e4 Euroopan keskuspankin p\u00e4\u00e4johtajana. Kuva:\u00a0Italy Photo Press \/ ZUMA \/ MVphotos<\/p>\n<p class=\"article-body mb-nof-24 px-nof-16\">Kullaa painotti, ett\u00e4 mahdollisella ehdokkaalla pit\u00e4isi olla my\u00f6s jonkinlaista liikemiestaustaa. T\u00e4m\u00e4n lis\u00e4ksi mahdollisella neuvottelijalla pit\u00e4isi olla v\u00e4hint\u00e4\u00e4n p\u00e4\u00e4ministeritason kokemusta.<\/p>\n<p class=\"article-body mb-nof-24 px-nof-16\">\u2013 T\u00e4m\u00e4 olisi uskottavaa Yhdysvaltoihin p\u00e4in. Olisi my\u00f6s hyv\u00e4, jos ehdokas tulisi k\u00e4\u00e4nteentekev\u00e4st\u00e4 maasta Euroopasta.<\/p>\n<p class=\"article-body mb-nof-24 px-nof-16\">T\u00e4st\u00e4 syyst\u00e4 Ranskan presidentti <a class=\"font-bold underline-offset-[0.12em] [text-decoration:var(--person-link-text-decoration)] ![text-decoration-color:var(--person-link-text-decoration-color)]\" href=\"https:\/\/www.is.fi\/haku\/?query=Emmanuel%20Macron\" rel=\"nofollow noopener\" target=\"_blank\">Emmanuel Macron<\/a> on Kullaan mukaan mahdollisesti todenn\u00e4k\u00f6isin ehdokas EU:n yhteiseksi ja p\u00e4\u00e4asialliseksi neuvottelijaksi.<\/p>\n<p><img decoding=\"async\" src=\"https:\/\/www.europesays.com\/fi\/wp-content\/uploads\/2026\/01\/1768583528_363_468.jpg\" alt=\"Tampereen yliopiston globaalihistorian apulaisprofessori ja Kiovan yliopiston vierailevana professori Rinna Kullaa.\" class=\"_Img_1rerz_1\" style=\"aspect-ratio:1.5011727912431587\" loading=\"eager\"\/><\/p>\n<p class=\"article-picture-caption\">Tampereen yliopiston globaalihistorian apulaisprofessori ja Kiovan yliopiston vierailevana professori Rinna Kullaa. Kuva:\u00a0Seppo K\u00e4rki \/ IS<\/p>\n<p class=\"article-body mb-nof-24 px-nof-16\">Ukrainan rauhanneuvottelut kokivat torstaina j\u00e4lleen k\u00e4\u00e4nteen, kun Trump syytti Ukrainaa ja maan presidentti\u00e4 <a class=\"font-bold underline-offset-[0.12em] [text-decoration:var(--person-link-text-decoration)] ![text-decoration-color:var(--person-link-text-decoration-color)]\" href=\"https:\/\/www.is.fi\/haku\/?query=Volodymyr%20Zelenskyit%C3%A4\" rel=\"nofollow noopener\" target=\"_blank\">Volodymyr Zelenskyit\u00e4<\/a> rauhanneuvottelujen takkuamisesta.<\/p>\n<p class=\"article-body mb-nof-24 px-nof-16\">Samalla Trump totesi Reutersin haastattelussa Ven\u00e4j\u00e4n presidentin <a class=\"font-bold underline-offset-[0.12em] [text-decoration:var(--person-link-text-decoration)] ![text-decoration-color:var(--person-link-text-decoration-color)]\" href=\"https:\/\/www.is.fi\/haku\/?query=Vladimir%20Putinin\" rel=\"nofollow noopener\" target=\"_blank\">Vladimir Putinin<\/a> olevan valmis \u201dtekem\u00e4\u00e4n diilin\u201d.<\/p>\n<p class=\"article-body mb-nof-24 px-nof-16\">Trump on my\u00f6s aiemmin antanut my\u00f6t\u00e4mielisi\u00e4 lausuntoja Putinista sek\u00e4 Ven\u00e4j\u00e4n Ukrainaa koskevista n\u00e4kemyksist\u00e4. Samaan aikaan Euroopan maat ovat tukeneet Zelenskyi\u00e4 ja Ukrainaa.<\/p>\n<p class=\"article-body mb-nof-24 px-nof-16\">Onko Trump taipumassa j\u00e4lleen Putinin edess\u00e4?<\/p>\n<p class=\"article-body mb-nof-24 px-nof-16\">Kullaan mukaan Trump ja t\u00e4m\u00e4n hallinto jakaa yhteisen arvopohjan Putinin ja Kremlin kanssa. T\u00e4m\u00e4 on yksi mahdollinen syy sille, miksi Trump on ollut l\u00e4ht\u00f6kohtaisesti haluttomampi kritisoimaan Putinia.<\/p>\n<p class=\"article-body mb-nof-24 px-nof-16\">\u2013 Se ei sovi \u201dtrumpilaiseen\u201d ajatteluun my\u00f6nt\u00e4\u00e4, ett\u00e4 olin v\u00e4\u00e4r\u00e4ss\u00e4. Kyll\u00e4 Putinkin on t\u00e4ss\u00e4 (rauhanneuvottelujen takkuamisessa) ongelma, emmek\u00e4 ole saaneet rauhaa t\u00e4ll\u00e4 tavalla aikaan, Kullaa toteaa.<\/p>\n<p class=\"article-body mb-nof-24 px-nof-16\">Kullaa lis\u00e4\u00e4, ett\u00e4 Trumpin ja Zelenskyin v\u00e4lit eiv\u00e4t my\u00f6sk\u00e4\u00e4n ole todenn\u00e4k\u00f6isesti yht\u00e4 aallonpohjalla kuin Trumpin torstainen lausunto antoi ymm\u00e4rt\u00e4\u00e4.<\/p>\n<p class=\"article-body mb-nof-24 px-nof-16\">\u2013 Jos h\u00e4n (Trump) ajattelisi, ett\u00e4 Zelenskyi ei olisi v\u00e4ltt\u00e4m\u00e4t\u00f6n Ukrainan johdossa my\u00f6s h\u00e4nelle, niin tuskin Zelenskyi olisi selviytynyt korruptio\u00adskandaali\u00adhy\u00f6kk\u00e4yksist\u00e4, joita my\u00f6s vuodettiin Yhdysvalloista.<\/p>\n","protected":false},"excerpt":{"rendered":"Asiantuntijan mukaan EU:n yhteiselle Ukraina-neuvottelijalle on palava tarve. Rinna Kullaa kommentoi asiaa Ilta-Sanomien Ukraina-studiossa. Lue tiivistelm\u00e4 Euroopan unioni&hellip;\n","protected":false},"author":2,"featured_media":144144,"comment_status":"","ping_status":"","sticky":false,"template":"","format":"standard","meta":{"footnotes":""},"categories":[14],"tags":[22,23,26,27,33,31,30,17,34,24,25,28,29,15,18,21,32,19,20,56,16,59,60,61],"class_list":{"0":"post-144143","1":"post","2":"type-post","3":"status-publish","4":"format-standard","5":"has-post-thumbnail","7":"category-ulkomaat","8":"tag-breaking-news","9":"tag-breakingnews","10":"tag-featured-news","11":"tag-featurednews","12":"tag-fi","13":"tag-finland","14":"tag-finnish","15":"tag-headlines","16":"tag-ilta-sanomat","17":"tag-latest-news","18":"tag-latestnews","19":"tag-main-news","20":"tag-mainnews","21":"tag-news","22":"tag-otsikot","23":"tag-paauutiset","24":"tag-suomi","25":"tag-top-stories","26":"tag-topstories","27":"tag-ulkomaat","28":"tag-uutiset","29":"tag-world","30":"tag-world-news","31":"tag-worldnews"},"share_on_mastodon":{"url":"https:\/\/pubeurope.com\/@fi\/115905897722721634","error":""},"_links":{"self":[{"href":"https:\/\/www.europesays.com\/fi\/wp-json\/wp\/v2\/posts\/144143","targetHints":{"allow":["GET"]}}],"collection":[{"href":"https:\/\/www.europesays.com\/fi\/wp-json\/wp\/v2\/posts"}],"about":[{"href":"https:\/\/www.europesays.com\/fi\/wp-json\/wp\/v2\/types\/post"}],"author":[{"embeddable":true,"href":"https:\/\/www.europesays.com\/fi\/wp-json\/wp\/v2\/users\/2"}],"replies":[{"embeddable":true,"href":"https:\/\/www.europesays.com\/fi\/wp-json\/wp\/v2\/comments?post=144143"}],"version-history":[{"count":0,"href":"https:\/\/www.europesays.com\/fi\/wp-json\/wp\/v2\/posts\/144143\/revisions"}],"wp:featuredmedia":[{"embeddable":true,"href":"https:\/\/www.europesays.com\/fi\/wp-json\/wp\/v2\/media\/144144"}],"wp:attachment":[{"href":"https:\/\/www.europesays.com\/fi\/wp-json\/wp\/v2\/media?parent=144143"}],"wp:term":[{"taxonomy":"category","embeddable":true,"href":"https:\/\/www.europesays.com\/fi\/wp-json\/wp\/v2\/categories?post=144143"},{"taxonomy":"post_tag","embeddable":true,"href":"https:\/\/www.europesays.com\/fi\/wp-json\/wp\/v2\/tags?post=144143"}],"curies":[{"name":"wp","href":"https:\/\/api.w.org\/{rel}","templated":true}]}}