{"id":144154,"date":"2026-01-16T17:30:07","date_gmt":"2026-01-16T17:30:07","guid":{"rendered":"https:\/\/www.europesays.com\/fi\/144154\/"},"modified":"2026-01-16T17:30:07","modified_gmt":"2026-01-16T17:30:07","slug":"virallinen-judas-priest-dokumentti-tulossa-maailmanensi-ilta-lyoty-lukkoon","status":"publish","type":"post","link":"https:\/\/www.europesays.com\/fi\/144154\/","title":{"rendered":"Virallinen Judas Priest -dokumentti tulossa &#8211; maailmanensi-ilta ly\u00f6ty lukkoon"},"content":{"rendered":"<p>Virallinen dokumenttielokuva heavy metal -legenda <strong>Judas Priestin<\/strong> pitk\u00e4st\u00e4 urasta, The Ballad of Judas Priest <a href=\"https:\/\/blabbermouth.net\/news\/official-judas-priest-documentary-the-ballad-of-judas-priest-to-receive-world-premiere-at-berlin-international-film-festival\" target=\"_blank\" rel=\"noreferrer noopener nofollow\">saa maailmanensi-iltansa<\/a> Berlinale-elokuvafestareilla, joka j\u00e4rjestet\u00e4\u00e4n Berliiniss\u00e4 12.-20. helmikuuta.<\/p>\n<p>The Ballad of Judas Priest -dokumentin ovat tuottaneet ja ohjanneet <strong>Rage Against the Machine<\/strong> -kitaristi <strong>Tom Morello<\/strong> sek\u00e4 dokumentaristi <strong>Sam Dunn<\/strong>, joka on ohjannut muun muassa maineikkaat Metal: A Headbanger\u2019s Journey\u2013 ja Global Metal -elokuvat sek\u00e4 Metal Evolution -sarjan. Dunn on ohjannut my\u00f6s muun muassa Rush: Beyond the Lighted Stage-, Super Duper Alice Cooper\u2013 sek\u00e4 <strong>Iron Maidenin<\/strong> Flight 666 -dokumentit.<\/p>\n<p>Vuonna 1969 Englannin Birminghamissa perustettu Judas Priest on noussut yhdeksi maailman vaikutusvaltaisimmaksi heavy metal -yhtyeeksi, jonka merkitys koko genren sek\u00e4 useiden alalajien kehitykselle on ollut merkitt\u00e4v\u00e4. Yhtyeen levyj\u00e4 on myyty maailmanlaajuisesti yli 50 miljoonaa ja vuonna 2022 b\u00e4ndi nimettiin mukaan Rock \u2019n\u2019 Roll Hall of Fameen.<\/p>\n<p>Lue my\u00f6s: <a href=\"https:\/\/www.inferno.fi\/uutiskirje\/\" title=\"Tilaa Infernon uutiskirje\" class=\"underline-custom !font-montserrat !font-bold !underline-offset-4 !decoration-4 !decoration-red-600 !text-md\" rel=\"nofollow noopener\" target=\"_blank\">Tilaa Infernon uutiskirje ja tied\u00e4t mist\u00e4 kahvitauolla puhutaan! Nappaa raskaan musiikin uutiset ja puheenaiheet suoraan s\u00e4hk\u00f6postiin t\u00e4st\u00e4.<\/a><\/p>\n","protected":false},"excerpt":{"rendered":"Virallinen dokumenttielokuva heavy metal -legenda Judas Priestin pitk\u00e4st\u00e4 urasta, The Ballad of Judas Priest saa maailmanensi-iltansa Berlinale-elokuvafestareilla, joka&hellip;\n","protected":false},"author":2,"featured_media":144155,"comment_status":"","ping_status":"","sticky":false,"template":"","format":"standard","meta":{"footnotes":""},"categories":[132],"tags":[819,623,137,33,31,30,195,47,32,109],"class_list":{"0":"post-144154","1":"post","2":"type-post","3":"status-publish","4":"format-standard","5":"has-post-thumbnail","7":"category-musiikki","8":"tag-dokumentti","9":"tag-elokuva","10":"tag-entertainment","11":"tag-fi","12":"tag-finland","13":"tag-finnish","14":"tag-music","15":"tag-musiikki","16":"tag-suomi","17":"tag-viihde"},"share_on_mastodon":{"url":"https:\/\/pubeurope.com\/@fi\/115905968439570485","error":""},"_links":{"self":[{"href":"https:\/\/www.europesays.com\/fi\/wp-json\/wp\/v2\/posts\/144154","targetHints":{"allow":["GET"]}}],"collection":[{"href":"https:\/\/www.europesays.com\/fi\/wp-json\/wp\/v2\/posts"}],"about":[{"href":"https:\/\/www.europesays.com\/fi\/wp-json\/wp\/v2\/types\/post"}],"author":[{"embeddable":true,"href":"https:\/\/www.europesays.com\/fi\/wp-json\/wp\/v2\/users\/2"}],"replies":[{"embeddable":true,"href":"https:\/\/www.europesays.com\/fi\/wp-json\/wp\/v2\/comments?post=144154"}],"version-history":[{"count":0,"href":"https:\/\/www.europesays.com\/fi\/wp-json\/wp\/v2\/posts\/144154\/revisions"}],"wp:featuredmedia":[{"embeddable":true,"href":"https:\/\/www.europesays.com\/fi\/wp-json\/wp\/v2\/media\/144155"}],"wp:attachment":[{"href":"https:\/\/www.europesays.com\/fi\/wp-json\/wp\/v2\/media?parent=144154"}],"wp:term":[{"taxonomy":"category","embeddable":true,"href":"https:\/\/www.europesays.com\/fi\/wp-json\/wp\/v2\/categories?post=144154"},{"taxonomy":"post_tag","embeddable":true,"href":"https:\/\/www.europesays.com\/fi\/wp-json\/wp\/v2\/tags?post=144154"}],"curies":[{"name":"wp","href":"https:\/\/api.w.org\/{rel}","templated":true}]}}