{"id":144160,"date":"2026-01-16T17:34:08","date_gmt":"2026-01-16T17:34:08","guid":{"rendered":"https:\/\/www.europesays.com\/fi\/144160\/"},"modified":"2026-01-16T17:34:08","modified_gmt":"2026-01-16T17:34:08","slug":"games-of-thrones-stara-mursi-kylkiluunsa-kuvatessaan-seksikohtausta","status":"publish","type":"post","link":"https:\/\/www.europesays.com\/fi\/144160\/","title":{"rendered":"Games of Thrones -stara mursi kylkiluunsa kuvatessaan seksikohtausta"},"content":{"rendered":"<p>Game of Thrones -stara <strong>Emilia Clarke <\/strong>kertoi hiljattain \u00e4\u00e4rimm\u00e4isen kivuliaasta vammasta, jonka h\u00e4n sai uuden sarjan kuvauksissa.<\/p>\n<p>SkyShowtimessa esitett\u00e4v\u00e4n Ponies-sarjan seksikohtaukset olivat Clarkelle liian rankkoja.<\/p>\n<p>Lue my\u00f6s: <a href=\"https:\/\/www.episodi.fi\/uutiset\/emilia-clarke-tayttaa-tanaan-40-pysyva-aivovaurio-ei-haittaa-tahtea-vaikka-se-pelotti\/\" title=\"Emilia Clarke t\u00e4ytt\u00e4\u00e4 t\u00e4n\u00e4\u00e4n 39 \u2013 pysyv\u00e4 aivovaurio ei haittaa t\u00e4hte\u00e4 vaikka se pelotti\" class=\"underline-custom !font-montserrat !font-bold !underline-offset-4 !decoration-4 !decoration-episodi-blue !text-md\" rel=\"nofollow noopener\" target=\"_blank\">Emilia Clarke t\u00e4ytt\u00e4\u00e4 t\u00e4n\u00e4\u00e4n 39 \u2013 pysyv\u00e4 aivovaurio ei haittaa t\u00e4hte\u00e4 vaikka se pelotti<\/a><\/p>\n<p>Lue my\u00f6s: <a href=\"https:\/\/www.episodi.fi\/uutiset\/game-of-thrones-sarjaa-ei-julkaista-vaikka-se-on-valmis-fanit-pettyneita\/\" title=\"Game of Thrones -sarjaa ei julkaista, vaikka se on valmis \u2013 Fanit pettyneit\u00e4\" class=\"underline-custom !font-montserrat !font-bold !underline-offset-4 !decoration-4 !decoration-episodi-blue !text-md\" rel=\"nofollow noopener\" target=\"_blank\">Game of Thrones -sarjaa ei julkaista, vaikka se on valmis \u2013 Fanit pettyneit\u00e4<\/a><\/p>\n<p>Clarke paljasti murtaneensa kylkiluun seksikohtauksia teht\u00e4ess\u00e4.<\/p>\n<p>\u2013 Kolme miest\u00e4 useamman tunnin aikana. Antaa tulla t\u00e4nen vain, min\u00e4 kyll\u00e4 kest\u00e4n t\u00e4m\u00e4n. Tuokaa heit\u00e4 lis\u00e4\u00e4 ja me esit\u00e4mme harrastavamme seksi\u00e4. Kylkiluuni murtui tuona p\u00e4iv\u00e4n\u00e4, Clarke sanoi.<\/p>\n<p>\u2013 Se tapahtui oikeasti. H\u00e4nell\u00e4 on niin herkk\u00e4 ja pieni keho, joten h\u00e4nen kylkiluunsa murtui, sarjan toinen t\u00e4hti <strong>Haley Lu Richardson<\/strong> vahvisti tapahtuneen.<\/p>\n<p>\u2013 Noh, ei se haljennut t\u00e4ysin kahtia. Luu vain pamahti ulos hieman, Clarke sanoi my\u00f6hemmin.<\/p>\n<p>Clarke esitt\u00e4\u00e4 sarjassa Beaa, kylm\u00e4n sodan aikakauden CIA-agenttia, joka toimii peiteteht\u00e4viss\u00e4 Moskovassa vuonna 1977 yhdess\u00e4 Richardsonin n\u00e4yttelem\u00e4n Twilan kanssa. Kun heid\u00e4n aviomiehens\u00e4 kuolevat h\u00e4m\u00e4riss\u00e4 olosuhteissa, naiset ryhtyv\u00e4t salaiseen tutkintaan agentteina.<\/p>\n<p>Bean teht\u00e4viin kuuluu korkea-arvoisen KGB-upseerin vietteleminen sek\u00e4 entisen KGB:n l\u00e4hteen suojeleminen. Clarke kertoi roolin vaatineen runsaasti intiimej\u00e4 kohtauksia.<\/p>\n<p>Richardson muisteli loukkaantumisp\u00e4iv\u00e4\u00e4, ja kertoi olleensa maskeerauksessa, kun muut palasivat kuvauksista: \u201dKysyin vain, miten meni, ja vastaukseksi sain huohottavan \u00e4l\u00e4hdyksen: hyvin!\u201d, h\u00e4n nauroi.<\/p>\n<p>Loukkaantuminen sattui rankan kuvausp\u00e4iv\u00e4n aikana, jolloin intiimien kohtausten fyysisyys k\u00e4vi raskaaksi. Kivusta huolimatta Clarke jatkoi ty\u00f6skentely\u00e4.<\/p>\n<p>Alla Ponies-sarjan traileri.<\/p>\n<p><img loading=\"lazy\" decoding=\"async\" alt=\"YouTube video\" width=\"480\" height=\"360\" data-pin-nopin=\"true\" nopin=\"nopin\" class=\"perfmatters-lazy\" src=\"https:\/\/www.europesays.com\/fi\/wp-content\/uploads\/2026\/01\/1768584848_172_hqdefault.jpg\"\/><\/p>\n<p>L\u00e4hde: <a href=\"https:\/\/www.comingsoon.net\/tv\/news\/2084635-emilia-clarke-broke-rib-sex-scenes-ponies\" target=\"_blank\" rel=\"noreferrer noopener nofollow\">Comingsoon<\/a><\/p>\n<p>Lue my\u00f6s: <a href=\"https:\/\/www.episodi.fi\/uutiskirje\/?uutiskirjemainos=tekstilinkkimainos\" title=\"Tilaa Episodin uutiskirje ja voit voittaa leffalippuja! Nappaa tv-vinkit suoraan s\u00e4hk\u00f6postiin t\u00e4st\u00e4.\" class=\"underline-custom !font-montserrat !font-bold !underline-offset-4 !decoration-4 !decoration-episodi-blue !text-md\" rel=\"nofollow noopener\" target=\"_blank\">Tilaa Episodin uutiskirje ja voit voittaa leffalippuja! Nappaa katseluvinkit suoraan s\u00e4hk\u00f6postiin t\u00e4st\u00e4.<\/a><\/p>\n","protected":false},"excerpt":{"rendered":"Game of Thrones -stara Emilia Clarke kertoi hiljattain \u00e4\u00e4rimm\u00e4isen kivuliaasta vammasta, jonka h\u00e4n sai uuden sarjan kuvauksissa. SkyShowtimessa&hellip;\n","protected":false},"author":2,"featured_media":144161,"comment_status":"","ping_status":"","sticky":false,"template":"","format":"standard","meta":{"footnotes":""},"categories":[130],"tags":[294,137,33,31,30,24642,32,12116,109],"class_list":{"0":"post-144160","1":"post","2":"type-post","3":"status-publish","4":"format-standard","5":"has-post-thumbnail","7":"category-viihde","8":"tag-emilia-clarke","9":"tag-entertainment","10":"tag-fi","11":"tag-finland","12":"tag-finnish","13":"tag-ponies","14":"tag-suomi","15":"tag-vamma","16":"tag-viihde"},"share_on_mastodon":{"url":"https:\/\/pubeurope.com\/@fi\/115905984178419404","error":""},"_links":{"self":[{"href":"https:\/\/www.europesays.com\/fi\/wp-json\/wp\/v2\/posts\/144160","targetHints":{"allow":["GET"]}}],"collection":[{"href":"https:\/\/www.europesays.com\/fi\/wp-json\/wp\/v2\/posts"}],"about":[{"href":"https:\/\/www.europesays.com\/fi\/wp-json\/wp\/v2\/types\/post"}],"author":[{"embeddable":true,"href":"https:\/\/www.europesays.com\/fi\/wp-json\/wp\/v2\/users\/2"}],"replies":[{"embeddable":true,"href":"https:\/\/www.europesays.com\/fi\/wp-json\/wp\/v2\/comments?post=144160"}],"version-history":[{"count":0,"href":"https:\/\/www.europesays.com\/fi\/wp-json\/wp\/v2\/posts\/144160\/revisions"}],"wp:featuredmedia":[{"embeddable":true,"href":"https:\/\/www.europesays.com\/fi\/wp-json\/wp\/v2\/media\/144161"}],"wp:attachment":[{"href":"https:\/\/www.europesays.com\/fi\/wp-json\/wp\/v2\/media?parent=144160"}],"wp:term":[{"taxonomy":"category","embeddable":true,"href":"https:\/\/www.europesays.com\/fi\/wp-json\/wp\/v2\/categories?post=144160"},{"taxonomy":"post_tag","embeddable":true,"href":"https:\/\/www.europesays.com\/fi\/wp-json\/wp\/v2\/tags?post=144160"}],"curies":[{"name":"wp","href":"https:\/\/api.w.org\/{rel}","templated":true}]}}