{"id":144174,"date":"2026-01-16T17:52:07","date_gmt":"2026-01-16T17:52:07","guid":{"rendered":"https:\/\/www.europesays.com\/fi\/144174\/"},"modified":"2026-01-16T17:52:07","modified_gmt":"2026-01-16T17:52:07","slug":"marika-fingerroosin-ja-kihlatun-kiihkeat-hetket-tallentuivat-videolle","status":"publish","type":"post","link":"https:\/\/www.europesays.com\/fi\/144174\/","title":{"rendered":"Marika Fingerroosin ja kihlatun kiihke\u00e4t hetket tallentuivat videolle"},"content":{"rendered":"<p>Marika Fingerroos oli miesyst\u00e4v\u00e4ns\u00e4 kanssa villill\u00e4 tuulella.<\/p>\n<p class=\"article-content article-content-width !bg-background\">Kohukaunottarena tunnettu , 46, nautti perjantaina 9.1. olostaan t\u00e4ysin siemauksin.<\/p>\n<p class=\"article-content article-content-width !bg-background\">Seiskan tarkkaavaiset lukijat raportoivat viime viikolla, kuinka Marika Fingerroos oli ollut Helsingin Rymy-Eetu-ravintolassa viett\u00e4m\u00e4ss\u00e4 iltaa. Alkuillasta baarissa juhlittiin kutsuvierasbileit\u00e4 teemalla Syntisten p\u00f6yt\u00e4.<\/p>\n<p class=\"article-content article-content-width !bg-background\">Teeman mukaisesti Marika nousi p\u00f6yd\u00e4lle pit\u00e4m\u00e4\u00e4n puhetta, jossa h\u00e4n hehkutti muun muassa taannoista kihlautumistaan.<\/p>\n<p class=\"article-content article-content-width !bg-background\">\u2013 L\u00f6ysin miehen, tuosta niinkuin heitt\u00e4m\u00e4ll\u00e4, Marika ilmoitti juhlakansalle mikin varresta.<\/p>\n<p class=\"article-content article-content-width !bg-background\">\u2013 T\u00e4ss\u00e4 ollaan, ja ollaan kihloissa.<\/p>\n<p>        <a itemprop=\"url\" href=\"https:\/\/www.seiska.fi\/kotimaa\/marika-fingerroos-yllatyskihlat\/2035297\" rel=\"nofollow noopener\" target=\"_blank\"><\/p>\n<p>\nMarika FIngerroos:\n<\/p>\n<p class=\"section-date\">\n        <strong class=\"article-section\" data-section=\"kotimaa\"><br \/>\n            kotimaa<br \/>\n        <\/strong><br \/>\n        1.1. 11:30\n    <\/p>\n<p>Marika Fingerroos: Yll\u00e4tyskihlat!\n    <\/p>\n<p itemprop=\"description\" class=\"subtitle \">\n    Marika ehti kertoa Seiskalle suhteensa p\u00e4\u00e4ttymisest\u00e4 vain pari kuukautta aikaisemmin.\n<\/p>\n<p>        <\/a><\/p>\n<p class=\"article-content article-content-width !bg-background\">Marika iloitsi bilev\u00e4elle my\u00f6s sit\u00e4, ett\u00e4 h\u00e4n voi jatkaa seksin harrastamista Onlyfansissaan, sill\u00e4 h\u00e4nen tuore kihlattunsa ei ole lainkaan mustasukkainen Marikasta.<\/p>\n<p class=\"article-content article-content-width !bg-background\">\u2013 Meid\u00e4n el\u00e4m\u00e4 on v*tun hyv\u00e4\u00e4, vaaleaverikk\u00f6 p\u00e4\u00e4tti puheensa.<\/p>\n<p>Kiihke\u00e4\u00e4 tanssahtelua<\/p>\n<p class=\"article-content article-content-width !bg-background\">Marika ei ollut juhlissa yksin, sill\u00e4 h\u00e4nen k\u00e4sipuolessaan kulki Marikan hehkuttama puoliso.<\/p>\n<p class=\"article-content article-content-width !bg-background\">Illan mittaan pariskunnan meno villiintyi niin, ett\u00e4 kaksikko halaili ja kiehn\u00e4si toisissaan kiinni ilman huolta muiden katseista.<\/p>\n<p>        <a itemprop=\"url\" href=\"https:\/\/www.seiska.fi\/vain-seiskassa\/aikuisviihdetta-muiden-miesten-kanssa-nain-marika-fingerroosin-kihlattu-suhtautuu\/2038865\" rel=\"nofollow noopener\" target=\"_blank\"><\/p>\n<p>\nMarika Fingerroos\n<\/p>\n<p class=\"section-date\">\n        <strong class=\"article-section\" data-section=\"vain seiskassa\"><br \/>\n            vain seiskassa<br \/>\n        <\/strong><br \/>\n        7.1. 17:00\n    <\/p>\n<p>Aikuisviihdett\u00e4 muiden miesten kanssa \u2013 n\u00e4in Marika Fingerroosin kihlattu suhtautuu\n    <\/p>\n<p itemprop=\"description\" class=\"subtitle \">\n    Marika kihlautui uutenavuotena mystisen sijoitusalalla ty\u00f6skentelev\u00e4n viisikymppisen kanssa.\n<\/p>\n<p>        <\/a><\/p>\n<p class=\"article-content article-content-width !bg-background\">Jossain vaiheessa Marika ja h\u00e4nen 51-vuotias kultansa hakeutuivat my\u00f6s tanssilattialle.\u00a0<\/p>\n<p class=\"article-content article-content-width !bg-background\">Marika antautui miehen syleilyss\u00e4 villiin tanssiin, jonka lomassa pariskunta vaihtoi my\u00f6s kiihkeit\u00e4 suudelmia kesken\u00e4\u00e4n.<\/p>\n<p class=\"article-content article-content-width !bg-background\">Marika ei ole paljastanut kultansa henkil\u00f6llisyytt\u00e4 julkisuudessa.<\/p>\n<p class=\"article-content article-content-width !bg-background\">Viel\u00e4 viime syksyn\u00e4 Marika seurusteli entisen kumppaninsa kanssa, mutta marraskuussa h\u00e4n paljasti eronneensa.\u00a0<\/p>\n<p>        <a itemprop=\"url\" href=\"https:\/\/www.seiska.fi\/kotimaa\/oho-marika-fingerroos-yllattaa-muodonmuutoksellaan\/2033235\" rel=\"nofollow noopener\" target=\"_blank\"><\/p>\n<p>\nMarika Fingerroos\n<\/p>\n<p class=\"section-date\">\n        <strong class=\"article-section\" data-section=\"kotimaa\"><br \/>\n            kotimaa<br \/>\n        <\/strong><br \/>\n        30.12.2025 08:57\n    <\/p>\n<p>Oho! Marika Fingerroos yll\u00e4tt\u00e4\u00e4 muodonmuutoksellaan\n    <\/p>\n<p itemprop=\"description\" class=\"subtitle \">\n    Marika on tehnyt paluun juurilleen.\n<\/p>\n<p>        <\/a><\/p>\n<p>                <img decoding=\"async\" src=\"https:\/\/www.europesays.com\/fi\/wp-content\/uploads\/2026\/01\/2043961.webp.jpeg\" width=\"576\" height=\"720\" alt=\"Marika nousi aikoinaan julkisuuteen Vesa Keskisen salarakkaana. T\u00e4n\u00e4 p\u00e4iv\u00e4n\u00e4 h\u00e4n paistattelee julkisuudessa l\u00e4hinn\u00e4 Onlyfans-uransa puolesta.\" loading=\"lazy\" \/>            <\/p>\n<p>\n            Marika nousi aikoinaan julkisuuteen Vesa Keskisen salarakkaana. T\u00e4n\u00e4 p\u00e4iv\u00e4n\u00e4 h\u00e4n paistattelee julkisuudessa l\u00e4hinn\u00e4 Onlyfans-uransa puolesta.<br \/>\n            Matti Matikainen\n        <\/p>\n","protected":false},"excerpt":{"rendered":"Marika Fingerroos oli miesyst\u00e4v\u00e4ns\u00e4 kanssa villill\u00e4 tuulella. Kohukaunottarena tunnettu , 46, nautti perjantaina 9.1. olostaan t\u00e4ysin siemauksin. Seiskan&hellip;\n","protected":false},"author":2,"featured_media":144175,"comment_status":"","ping_status":"","sticky":false,"template":"","format":"standard","meta":{"footnotes":""},"categories":[136],"tags":[407,137,33,31,30,408,5412,14388,2423,7291,3705,1496,1311,11100,651,32,1355,109],"class_list":{"0":"post-144174","1":"post","2":"type-post","3":"status-publish","4":"format-standard","5":"has-post-thumbnail","7":"category-julkkikset","8":"tag-celebrities","9":"tag-entertainment","10":"tag-fi","11":"tag-finland","12":"tag-finnish","13":"tag-julkkikset","14":"tag-kihlat","15":"tag-kihlattu","16":"tag-kihlaus","17":"tag-marika-fingerroos","18":"tag-onlyfans","19":"tag-parisuhde","20":"tag-rakkaus","21":"tag-rymy-eetu","22":"tag-suhteet","23":"tag-suomi","24":"tag-tanssi","25":"tag-viihde"},"share_on_mastodon":{"url":"https:\/\/pubeurope.com\/@fi\/115906054897786528","error":""},"_links":{"self":[{"href":"https:\/\/www.europesays.com\/fi\/wp-json\/wp\/v2\/posts\/144174","targetHints":{"allow":["GET"]}}],"collection":[{"href":"https:\/\/www.europesays.com\/fi\/wp-json\/wp\/v2\/posts"}],"about":[{"href":"https:\/\/www.europesays.com\/fi\/wp-json\/wp\/v2\/types\/post"}],"author":[{"embeddable":true,"href":"https:\/\/www.europesays.com\/fi\/wp-json\/wp\/v2\/users\/2"}],"replies":[{"embeddable":true,"href":"https:\/\/www.europesays.com\/fi\/wp-json\/wp\/v2\/comments?post=144174"}],"version-history":[{"count":0,"href":"https:\/\/www.europesays.com\/fi\/wp-json\/wp\/v2\/posts\/144174\/revisions"}],"wp:featuredmedia":[{"embeddable":true,"href":"https:\/\/www.europesays.com\/fi\/wp-json\/wp\/v2\/media\/144175"}],"wp:attachment":[{"href":"https:\/\/www.europesays.com\/fi\/wp-json\/wp\/v2\/media?parent=144174"}],"wp:term":[{"taxonomy":"category","embeddable":true,"href":"https:\/\/www.europesays.com\/fi\/wp-json\/wp\/v2\/categories?post=144174"},{"taxonomy":"post_tag","embeddable":true,"href":"https:\/\/www.europesays.com\/fi\/wp-json\/wp\/v2\/tags?post=144174"}],"curies":[{"name":"wp","href":"https:\/\/api.w.org\/{rel}","templated":true}]}}