{"id":144176,"date":"2026-01-16T17:55:13","date_gmt":"2026-01-16T17:55:13","guid":{"rendered":"https:\/\/www.europesays.com\/fi\/144176\/"},"modified":"2026-01-16T17:55:13","modified_gmt":"2026-01-16T17:55:13","slug":"pertsa-ja-kilu-faaraon-sormus-telkku","status":"publish","type":"post","link":"https:\/\/www.europesays.com\/fi\/144176\/","title":{"rendered":"Pertsa ja Kilu &#8211; Faaraon sormus | Telkku"},"content":{"rendered":"<p>sunnuntai 18.1. klo 17:10<\/p>\n<p><img decoding=\"async\" class=\"channel-image-desktop\" src=\"https:\/\/www.europesays.com\/fi\/wp-content\/uploads\/2026\/01\/il-telkku-image.prod.il.fi\/9889107881421354653.png\" alt=\"Nelonen\"\/><\/p>\n<p>Vauhdikkaassa koko perheen seikkailussa Pertsa (Pauli Kes\u00e4l\u00e4), Kilu (Leon Ruokola) ja Pirkko (Sara V\u00e4nsk\u00e4) yritt\u00e4v\u00e4t yhdess\u00e4 ratkaista vanhan kartan mysteerin. Lennokkaalle l\u00f6yt\u00f6retkelle l\u00e4htev\u00e4t mukaan my\u00f6s identiteettikriisist\u00e4 k\u00e4rsiv\u00e4t kaksostyt\u00f6t Vappu ja Kerttu (Kaarina ja Klaara Mattila) pupuineen. J\u00e4nnityst\u00e4 luo viekkaan rikollisen Annabella Pehkon (Alina Tomnikov) hypp\u00e4\u00e4minen salamatkustajana kyytiin rahankiilto silmiss\u00e4\u00e4n. P\u00e4\u00e4osissa: Pauli Kes\u00e4l\u00e4, Leon Ruokola, Sara V\u00e4nsk\u00e4, Alina Tomnikov, Kaarina Mattila, Klaara Mattila. Ohjaus: Taavi Vartia. (75&#8242;) Ohjelmatekstitys.<\/p>\n","protected":false},"excerpt":{"rendered":"sunnuntai 18.1. klo 17:10 Vauhdikkaassa koko perheen seikkailussa Pertsa (Pauli Kes\u00e4l\u00e4), Kilu (Leon Ruokola) ja Pirkko (Sara V\u00e4nsk\u00e4)&hellip;\n","protected":false},"author":2,"featured_media":144177,"comment_status":"","ping_status":"","sticky":false,"template":"","format":"standard","meta":{"footnotes":""},"categories":[133],"tags":[35,137,33,31,30,990,41,837,120,32,206,156,2570,109],"class_list":{"0":"post-144176","1":"post","2":"type-post","3":"status-publish","4":"format-standard","5":"has-post-thumbnail","7":"category-televisiot","8":"tag-24h","9":"tag-entertainment","10":"tag-fi","11":"tag-finland","12":"tag-finnish","13":"tag-liikenneonnettomuudet","14":"tag-liikunta-ja-urheilu","15":"tag-onnettomuudet","16":"tag-onnettomuustapaus","17":"tag-suomi","18":"tag-televisiot","19":"tag-tv","20":"tag-vesiliikennneonnettomuus","21":"tag-viihde"},"share_on_mastodon":{"url":"https:\/\/pubeurope.com\/@fi\/115906066758639926","error":""},"_links":{"self":[{"href":"https:\/\/www.europesays.com\/fi\/wp-json\/wp\/v2\/posts\/144176","targetHints":{"allow":["GET"]}}],"collection":[{"href":"https:\/\/www.europesays.com\/fi\/wp-json\/wp\/v2\/posts"}],"about":[{"href":"https:\/\/www.europesays.com\/fi\/wp-json\/wp\/v2\/types\/post"}],"author":[{"embeddable":true,"href":"https:\/\/www.europesays.com\/fi\/wp-json\/wp\/v2\/users\/2"}],"replies":[{"embeddable":true,"href":"https:\/\/www.europesays.com\/fi\/wp-json\/wp\/v2\/comments?post=144176"}],"version-history":[{"count":0,"href":"https:\/\/www.europesays.com\/fi\/wp-json\/wp\/v2\/posts\/144176\/revisions"}],"wp:featuredmedia":[{"embeddable":true,"href":"https:\/\/www.europesays.com\/fi\/wp-json\/wp\/v2\/media\/144177"}],"wp:attachment":[{"href":"https:\/\/www.europesays.com\/fi\/wp-json\/wp\/v2\/media?parent=144176"}],"wp:term":[{"taxonomy":"category","embeddable":true,"href":"https:\/\/www.europesays.com\/fi\/wp-json\/wp\/v2\/categories?post=144176"},{"taxonomy":"post_tag","embeddable":true,"href":"https:\/\/www.europesays.com\/fi\/wp-json\/wp\/v2\/tags?post=144176"}],"curies":[{"name":"wp","href":"https:\/\/api.w.org\/{rel}","templated":true}]}}