{"id":144180,"date":"2026-01-16T17:59:10","date_gmt":"2026-01-16T17:59:10","guid":{"rendered":"https:\/\/www.europesays.com\/fi\/144180\/"},"modified":"2026-01-16T17:59:10","modified_gmt":"2026-01-16T17:59:10","slug":"rallin-mm-sarjasta-tuttu-suomalaiskuski-yllattaa-haastaa-tosissaan-esapekka-lapin","status":"publish","type":"post","link":"https:\/\/www.europesays.com\/fi\/144180\/","title":{"rendered":"Rallin MM-sarjasta tuttu suomalaiskuski yll\u00e4tt\u00e4\u00e4 &#8211; haastaa tosissaan Esapekka Lapin"},"content":{"rendered":"<p>Joona, 29, ajoi viime vuonna kuuden MM-rallin ohjelman WRC2-luokassa. Lis\u00e4ksi h\u00e4n k\u00e4vi ajamassa Rovaniemen Tunturirallissa, Kroatian EM-rallissa sek\u00e4 perinteikk\u00e4\u00e4ss\u00e4 Sanremon rallissa.<\/p>\n<p>T\u00e4ll\u00e4 kaudella Joonan kalenteriin kuuluu sek\u00e4 SM- ett\u00e4 MM-ralleja ja my\u00f6s asvalttikisoja Italiassa. Suomalaiskuski k\u00e4ynnist\u00e4\u00e4 kautensa lauantaina Mikkelin SM-rallista.<\/p>\n<p>Hieman yll\u00e4tt\u00e4v\u00e4\u00e4 on se, ett\u00e4 Joonan tarkoituksena on ajaa SM-sarjassa t\u00e4ysi kausi. Edellisen kerran h\u00e4n urakoi kunnolla kotimaisessa sarjassa kaudella 2023.<\/p>\n<p>\u2013 T\u00e4lle vuodelle tavoitteena oli saada mahdollisimman monipuolinen kisakalenteri aikaiseksi. Tarkoituksena on saada aiempaa enemm\u00e4n kisakilometrej\u00e4, ja niit\u00e4 kertyy hyvin SM-ralleista.<\/p>\n<p>\u2013 Suunnitelmissa onkin ajaa SM-sarja ja valikoituja MM-ralleja. Lis\u00e4ksi ajetaan Italiassa viel\u00e4 asvalttikisoja, Joona avaa suunnitelmaansa.<\/p>\n<p>T\u00e4ll\u00e4 kaudella Joonan kartanlukijana toimii <strong>Antti Linnaketo<\/strong>. Parivaljakko testasi yhteisty\u00f6t\u00e4\u00e4n jo syksyll\u00e4 Sanremossa. SM-kauden avausta varten Joona ja Linnaketo ajoivat kaksip\u00e4iv\u00e4isen testin.<\/p>\n<p>\u2013 Ajettiin viime viikon loppupuolella pari p\u00e4iv\u00e4\u00e4 testi\u00e4 ja ne sujuivat tosi hyvin. Saatiin hyv\u00e4t kilometrit ja fiksattiin s\u00e4\u00e4t\u00f6j\u00e4 mielest\u00e4ni oikeaan suuntaan. Tokihan kisap\u00e4iv\u00e4n keli sitten vaikuttaa, millaiset s\u00e4\u00e4d\u00f6t lopulta kisassa toimii, Joona tuumi.<\/p>\n<p>SM-sarjassa Joona p\u00e4\u00e4see mittaamaan vauhtiaan muun muassa <strong>Esapekka Lappia<\/strong> vastaan. Lappi ajaa t\u00e4n\u00e4 vuonna SM-sarjan lis\u00e4ksi my\u00f6s Hyundain tehdastiimin kuljettajana valikoiduissa MM-ralleissa. Lappi puolustaa sarjan mestaruutta viime vuodelta.<\/p>\n<p>Joona ja Lappi kilpailevat samanlaisella kalustolla, sill\u00e4 kumpikin k\u00e4skytt\u00e4\u00e4 Skoda Fabia RS Rally2 -autoa SM-sarjan erikoiskokeilla.<\/p>\n<p>\u2013 Kauden tavoitteet ovat korkealla niin kuin aina. Kyll\u00e4 me l\u00e4hdet\u00e4\u00e4n mets\u00e4st\u00e4m\u00e4\u00e4n Suomen mestaruutta, Joona paaluttaa.<\/p>\n<p>\u2013 T\u00e4rke\u00e4\u00e4 on my\u00f6s antaa MM-sarjassa sellaisia n\u00e4ytt\u00f6j\u00e4, ett\u00e4 siell\u00e4 pystyisi ajamaan tulevaisuudessa enemm\u00e4nkin. Lis\u00e4ksi tavoitteena on saada lis\u00e4\u00e4 kokemusta asvaltilta, mik\u00e4 on meik\u00e4l\u00e4iselle se vieraampi pinta.<\/p>\n<p>Joona kilpailee SM-sarjassa <strong>Toni Gardemeisterin<\/strong> johtaman TGS-tiimin Skodalla. Kauden avaava Mikkelin SM-ralli on ohjelmassa lauantaina.<\/p>\n","protected":false},"excerpt":{"rendered":"Joona, 29, ajoi viime vuonna kuuden MM-rallin ohjelman WRC2-luokassa. Lis\u00e4ksi h\u00e4n k\u00e4vi ajamassa Rovaniemen Tunturirallissa, Kroatian EM-rallissa sek\u00e4&hellip;\n","protected":false},"author":2,"featured_media":144181,"comment_status":"","ping_status":"","sticky":false,"template":"","format":"standard","meta":{"footnotes":""},"categories":[158],"tags":[24643,3600,33,31,30,24151,24350,3540,3606,159,32,160],"class_list":{"0":"post-144180","1":"post","2":"type-post","3":"status-publish","4":"format-standard","5":"has-post-thumbnail","7":"category-urheilu","8":"tag-antti-linnaketo","9":"tag-esapekka-lappi","10":"tag-fi","11":"tag-finland","12":"tag-finnish","13":"tag-lauri-joona","14":"tag-mikkelin-sm-ralli","15":"tag-rallin-mm-sarja","16":"tag-rallin-sm-sarja","17":"tag-sports","18":"tag-suomi","19":"tag-urheilu"},"share_on_mastodon":{"url":"https:\/\/pubeurope.com\/@fi\/115906082602776617","error":""},"_links":{"self":[{"href":"https:\/\/www.europesays.com\/fi\/wp-json\/wp\/v2\/posts\/144180","targetHints":{"allow":["GET"]}}],"collection":[{"href":"https:\/\/www.europesays.com\/fi\/wp-json\/wp\/v2\/posts"}],"about":[{"href":"https:\/\/www.europesays.com\/fi\/wp-json\/wp\/v2\/types\/post"}],"author":[{"embeddable":true,"href":"https:\/\/www.europesays.com\/fi\/wp-json\/wp\/v2\/users\/2"}],"replies":[{"embeddable":true,"href":"https:\/\/www.europesays.com\/fi\/wp-json\/wp\/v2\/comments?post=144180"}],"version-history":[{"count":0,"href":"https:\/\/www.europesays.com\/fi\/wp-json\/wp\/v2\/posts\/144180\/revisions"}],"wp:featuredmedia":[{"embeddable":true,"href":"https:\/\/www.europesays.com\/fi\/wp-json\/wp\/v2\/media\/144181"}],"wp:attachment":[{"href":"https:\/\/www.europesays.com\/fi\/wp-json\/wp\/v2\/media?parent=144180"}],"wp:term":[{"taxonomy":"category","embeddable":true,"href":"https:\/\/www.europesays.com\/fi\/wp-json\/wp\/v2\/categories?post=144180"},{"taxonomy":"post_tag","embeddable":true,"href":"https:\/\/www.europesays.com\/fi\/wp-json\/wp\/v2\/tags?post=144180"}],"curies":[{"name":"wp","href":"https:\/\/api.w.org\/{rel}","templated":true}]}}